{"id":9026,"date":"2013-12-21T10:48:57","date_gmt":"2013-12-21T09:48:57","guid":{"rendered":"http:\/\/escueladeartepamplona.paginadesarrollo.com\/?p=9026"},"modified":"2020-02-10T12:44:11","modified_gmt":"2020-02-10T11:44:11","slug":"feliz-ano-nuevo-2014-urteberri-on","status":"publish","type":"post","link":"https:\/\/escueladeartesuperior.educacion.navarra.es\/web\/blog\/feliz-ano-nuevo-2014-urteberri-on\/","title":{"rendered":"feliz a\u00f1o nuevo &#8211; 2014 &#8211; urteberri on"},"content":{"rendered":"<h4 style=\"text-align: center\"><span style=\"color: #339966\"><big><big><big>El Director de la Escuela de Arte de Pamplona, en nombre del claustro y del personal de administraci\u00f3n y servicios, les desea: <\/big><span style=\"color: #008000\"><big>feliz a\u00f1o nuevo 2014<\/big><\/span><\/big><\/big><\/span><\/h4>\n<h4 style=\"text-align: center\"><span style=\"color: #808080\"><big><img fetchpriority=\"high\" decoding=\"async\" class=\"alignnone size-full wp-image-23866\" src=\"https:\/\/escueladeartesuperior.educacion.navarra.es\/web\/wp-content\/uploads\/2018\/02\/felicitacion_a\u00f1o_2013.jpg\" alt=\"felicitacion_a\u00f1o_2013\" width=\"971\" height=\"1024\" srcset=\"https:\/\/escueladeartesuperior.educacion.navarra.es\/web\/wp-content\/uploads\/2018\/02\/felicitacion_a\u00f1o_2013.jpg 971w, https:\/\/escueladeartesuperior.educacion.navarra.es\/web\/wp-content\/uploads\/2018\/02\/felicitacion_a\u00f1o_2013-284x300.jpg 284w, https:\/\/escueladeartesuperior.educacion.navarra.es\/web\/wp-content\/uploads\/2018\/02\/felicitacion_a\u00f1o_2013-768x810.jpg 768w\" sizes=\"(max-width: 971px) 100vw, 971px\" \/>Iru\u00f1eko Arte Eskola Zuzendariak, klaustro, administrazio eta zerbitzuko langileen izenean opa dizue: <\/big><span style=\"color: #333333\"><big>urteberri on 2014<\/big><\/span><\/span><\/h4>\n","protected":false},"excerpt":{"rendered":"<p>El Director de la Escuela de Arte de Pamplona, en nombre del claustro y del personal de administraci\u00f3n y servicios, les desea: feliz a\u00f1o nuevo 2014 Iru\u00f1eko Arte Eskola Zuzendariak, klaustro, administrazio eta zerbitzuko langileen izenean opa dizue: urteberri on 2014<\/p>\n","protected":false},"author":1,"featured_media":33828,"comment_status":"closed","ping_status":"open","sticky":false,"template":"","format":"standard","meta":{"_genesis_hide_title":false,"_genesis_hide_breadcrumbs":false,"_genesis_hide_singular_image":false,"_genesis_hide_footer_widgets":false,"_genesis_custom_body_class":"","_genesis_custom_post_class":"","_genesis_layout":"","footnotes":""},"categories":[4,21],"tags":[],"_links":{"self":[{"href":"https:\/\/escueladeartesuperior.educacion.navarra.es\/web\/wp-json\/wp\/v2\/posts\/9026"}],"collection":[{"href":"https:\/\/escueladeartesuperior.educacion.navarra.es\/web\/wp-json\/wp\/v2\/posts"}],"about":[{"href":"https:\/\/escueladeartesuperior.educacion.navarra.es\/web\/wp-json\/wp\/v2\/types\/post"}],"author":[{"embeddable":true,"href":"https:\/\/escueladeartesuperior.educacion.navarra.es\/web\/wp-json\/wp\/v2\/users\/1"}],"replies":[{"embeddable":true,"href":"https:\/\/escueladeartesuperior.educacion.navarra.es\/web\/wp-json\/wp\/v2\/comments?post=9026"}],"version-history":[{"count":1,"href":"https:\/\/escueladeartesuperior.educacion.navarra.es\/web\/wp-json\/wp\/v2\/posts\/9026\/revisions"}],"predecessor-version":[{"id":33829,"href":"https:\/\/escueladeartesuperior.educacion.navarra.es\/web\/wp-json\/wp\/v2\/posts\/9026\/revisions\/33829"}],"wp:featuredmedia":[{"embeddable":true,"href":"https:\/\/escueladeartesuperior.educacion.navarra.es\/web\/wp-json\/wp\/v2\/media\/33828"}],"wp:attachment":[{"href":"https:\/\/escueladeartesuperior.educacion.navarra.es\/web\/wp-json\/wp\/v2\/media?parent=9026"}],"wp:term":[{"taxonomy":"category","embeddable":true,"href":"https:\/\/escueladeartesuperior.educacion.navarra.es\/web\/wp-json\/wp\/v2\/categories?post=9026"},{"taxonomy":"post_tag","embeddable":true,"href":"https:\/\/escueladeartesuperior.educacion.navarra.es\/web\/wp-json\/wp\/v2\/tags?post=9026"}],"curies":[{"name":"wp","href":"https:\/\/api.w.org\/{rel}","templated":true}]}}