{"id":8927,"date":"2013-10-29T09:48:45","date_gmt":"2013-10-29T08:48:45","guid":{"rendered":"http:\/\/escueladeartepamplona.paginadesarrollo.com\/?p=8927"},"modified":"2020-02-10T12:44:55","modified_gmt":"2020-02-10T11:44:55","slug":"el-pasado-25-de-octubre-celebramos-el-dia-del-centro_2013","status":"publish","type":"post","link":"https:\/\/escueladeartesuperior.educacion.navarra.es\/web\/blog\/el-pasado-25-de-octubre-celebramos-el-dia-del-centro_2013\/","title":{"rendered":"El pasado 25 de octubre celebramos el D\u00eda del Centro_2013"},"content":{"rendered":"<h3><img decoding=\"async\" class=\"size-full wp-image-8928 alignleft\" style=\"margin-left: 0px; margin-right: 20px; border: 0px none;\" src=\"http:\/\/escueladeartepamplona.paginadesarrollo.com\/wp-content\/uploads\/00_diadelcentro_2013.jpg\" alt=\"00_diadelcentro_2013\" width=\"154\" height=\"154\" \/>El horario lectivo se interrumpi\u00f3 tras el descanso y a las 11.15 dio comienzo en la sala de exposiciones nuestro tradicional acto de celebraci\u00f3n.<\/h3>\n<p>Aprovechamos la ocasi\u00f3n para salir de las aulas y talleres y reunirnos en la sala de exposiciones del centro, donde pudimos ver una peque\u00f1a muestra de los trabajos realizados por el alumnado del curso pasado en todos los estudios de la escuela.<\/p>\n<p>El director, Jos\u00e9 M. Ascunce inici\u00f3 el acto. Agradeci\u00f3 su presencia a los asistentes. Como representantes del Departamento contamos con la presencia de Rub\u00e9n Riancho e Ignacio Am\u00e9zqueta, inspector del centro y Jefe de la Secci\u00f3n de Ense\u00f1anzas Art\u00edsticas, respectivamente. A continuaci\u00f3n alab\u00f3 el comportamiento de la comunidad escolar en las jornadas reivindicativas que se vienen sucediendo. La ausencia de conflictos a la hora de alternar las manifestaciones de protesta y el esfuerzo personal de todos y todas que permite garantizar -en momentos dif\u00edciles-, la marcha acad\u00e9mica. Como en a\u00f1os anteriores, record\u00f3 a los compa\u00f1eros y compa\u00f1eras que ya no est\u00e1n en el centro o se encuentran de baja.<br \/>\nMarta Os\u00e9s nuestra Jefa de Estudios, hizo entrega de los premios que la Escuela tiene establecidos para reconocer:<\/p>\n<ul>\n<li><b>El mejor expediente acad\u00e9mico de Bachillerato de Artes 2012-13<\/b>. En esta edici\u00f3n ha reca\u00eddo en la alumna, <b>Ana Marta Molina Lape\u00f1a<\/b>.<\/li>\n<\/ul>\n<ul>\n<li><b>El mejor Proyecto Final 2012-13<\/b>, para el alumno de fotograf\u00eda <b>H\u00e9ctor Hueso<\/b>. H\u00e9ctor present\u00f3 brevemente su proyecto y en particular el proceso de concepci\u00f3n de sus diez fotograf\u00edas de gran formato. Im\u00e1genes de espacios expositivos y p\u00fablicos con juegos de simetr\u00edas a modo de caleidoscopio. Evocadoras e inquietantes, m\u00e1s a\u00fan cuando se representan sin personas, como misteriosos espacios vacios.<\/li>\n<\/ul>\n<p>A continuaci\u00f3n despedimos a los profesores que se han jubilado el pasado curso: <b>Juan Ay\u00facar Ru\u00edz de Galarreta, Miguel \u00c1ngel S\u00e1nchez Wolf y Jos\u00e9 Javier Ciordia D\u00edaz de Cerio<\/b>. Lamentablemente Miguel \u00c1ngel y Juan, no pudieron estar presentes, no obstante, Jos\u00e9 Ciordia acudi\u00f3 al acto y volvi\u00f3 a hacernos re\u00edr con uno de sus desenfadados discursos, llenos de ingenio y un elemental y soterrado sentido com\u00fan. Profesor de filosof\u00eda de labor entusiasta, reconoci\u00f3 echar de menos a sus alumnos y alumnas y a sus ya ex-compa\u00f1eros nos recomend\u00f3, no jubilarnos nunca. (<span style=\"color: #ff0000;\"><a href=\"http:\/\/escueladeartepamplona.paginadesarrollo.com\/wp-content\/uploads\/Discurso_Jubilaci\u00f3n_Ciordia.pdf\" target=\"_blank\" rel=\"noopener noreferrer\"><span style=\"color: #ff0000;\">Texto integro de la charla<\/span><\/a><\/span>)<br \/>\nTras una breve selecci\u00f3n musical con aires de Jazz a cargo de tres alumnos del Conservatorio Superior de M\u00fasica, el Director dio la palabra a nuestra invitada <b>Txaro Sobr\u00f3n<\/b>, <b>Directora de la Escuela de Arte y Superior de Dise\u00f1o de Vitoria-Gasteiz<\/b>. Txaro relat\u00f3 brevemente la trepidante trasformaci\u00f3n que ha experimentado su centro en pocos a\u00f1os. Desde sus inicios como una peque\u00f1a escuela municipal, pasando por la integraci\u00f3n en la red de educaci\u00f3n del Gobierno Vasco en 1994, hasta la actualidad en la que se presenta como <strong>la \u00fanica Escuela Superior de Dise\u00f1o de la Comunidad Aut\u00f3noma del Pa\u00eds Vasco<\/strong><b>.<\/b> Coment\u00f3 el proceso de tal transformaci\u00f3n y el desarrollo normativo que lo ha ido haciendo posible, gracias a una administraci\u00f3n predispuesta y a un grupo humano en el centro con una clara determinaci\u00f3n. En la actualidad la Escuela \u00a0de Arte de Vitoria-Gasteiz imparte Ense\u00f1anzas Art\u00edsticas Superiores de <strong>Dise\u00f1o Gr\u00e1fico<\/strong> y de <strong>Dise\u00f1o de Interiores<\/strong><b>,<\/b> y Ciclos Formativos de Grado Superior de <strong>Fotograf\u00eda Art\u00edstica <\/strong>y de <strong>Ilustraci\u00f3n<\/strong>.<br \/>\nPara finalizar tomamos un peque\u00f1o aperitivo en el que alumnado, profesorado y el resto de amigos y amigas que se acercaron disfrutamos de un agradable par\u00e9ntesis en la rutina diaria del centro.<\/p>\n","protected":false},"excerpt":{"rendered":"<p>El horario lectivo se interrumpi\u00f3 tras el descanso y a las 11.15 dio comienzo en la sala de exposiciones nuestro tradicional acto de celebraci\u00f3n. Aprovechamos la ocasi\u00f3n para salir de las aulas y talleres y reunirnos en la sala de exposiciones del centro, donde pudimos ver una peque\u00f1a muestra de los trabajos realizados por el [&hellip;]<\/p>\n","protected":false},"author":1,"featured_media":33834,"comment_status":"closed","ping_status":"open","sticky":false,"template":"","format":"standard","meta":{"_genesis_hide_title":false,"_genesis_hide_breadcrumbs":false,"_genesis_hide_singular_image":false,"_genesis_hide_footer_widgets":false,"_genesis_custom_body_class":"","_genesis_custom_post_class":"","_genesis_layout":"","footnotes":""},"categories":[382,21],"tags":[25,5,351,352,166,6,7,8,9,10],"_links":{"self":[{"href":"https:\/\/escueladeartesuperior.educacion.navarra.es\/web\/wp-json\/wp\/v2\/posts\/8927"}],"collection":[{"href":"https:\/\/escueladeartesuperior.educacion.navarra.es\/web\/wp-json\/wp\/v2\/posts"}],"about":[{"href":"https:\/\/escueladeartesuperior.educacion.navarra.es\/web\/wp-json\/wp\/v2\/types\/post"}],"author":[{"embeddable":true,"href":"https:\/\/escueladeartesuperior.educacion.navarra.es\/web\/wp-json\/wp\/v2\/users\/1"}],"replies":[{"embeddable":true,"href":"https:\/\/escueladeartesuperior.educacion.navarra.es\/web\/wp-json\/wp\/v2\/comments?post=8927"}],"version-history":[{"count":2,"href":"https:\/\/escueladeartesuperior.educacion.navarra.es\/web\/wp-json\/wp\/v2\/posts\/8927\/revisions"}],"predecessor-version":[{"id":34148,"href":"https:\/\/escueladeartesuperior.educacion.navarra.es\/web\/wp-json\/wp\/v2\/posts\/8927\/revisions\/34148"}],"wp:featuredmedia":[{"embeddable":true,"href":"https:\/\/escueladeartesuperior.educacion.navarra.es\/web\/wp-json\/wp\/v2\/media\/33834"}],"wp:attachment":[{"href":"https:\/\/escueladeartesuperior.educacion.navarra.es\/web\/wp-json\/wp\/v2\/media?parent=8927"}],"wp:term":[{"taxonomy":"category","embeddable":true,"href":"https:\/\/escueladeartesuperior.educacion.navarra.es\/web\/wp-json\/wp\/v2\/categories?post=8927"},{"taxonomy":"post_tag","embeddable":true,"href":"https:\/\/escueladeartesuperior.educacion.navarra.es\/web\/wp-json\/wp\/v2\/tags?post=8927"}],"curies":[{"name":"wp","href":"https:\/\/api.w.org\/{rel}","templated":true}]}}