{"id":8204,"date":"2013-06-13T09:10:52","date_gmt":"2013-06-13T07:10:52","guid":{"rendered":"http:\/\/escueladeartepamplona.paginadesarrollo.com\/?p=8204"},"modified":"2020-02-10T12:46:29","modified_gmt":"2020-02-10T11:46:29","slug":"exposicion-de-grabados-de-la-escuela-hasta-el-27-de-junio-en-begira","status":"publish","type":"post","link":"https:\/\/escueladeartesuperior.educacion.navarra.es\/web\/blog\/exposicion-de-grabados-de-la-escuela-hasta-el-27-de-junio-en-begira\/","title":{"rendered":"Exposici\u00f3n de grabados de la Escuela, hasta el 27 de junio en \u201cBegira\u201d"},"content":{"rendered":"<h3><a href=\"http:\/\/escueladeartepamplona.paginadesarrollo.com\/wp-content\/uploads\/946573_389656344485273_113587031_n.jpg\" target=\"_blank\" rel=\"noopener noreferrer\"><img fetchpriority=\"high\" decoding=\"async\" class=\"size-full wp-image-8205 alignleft\" src=\"https:\/\/escueladeartesuperior.educacion.navarra.es\/web\/wp-content\/uploads\/2020\/03\/00Grabado_Begira_2013-copia.jpg\" alt=\"\" width=\"300\" height=\"300\" \/><\/a><span style=\"font-size: 21px;\">Alumnado del ciclo de Grabado y T\u00e9cnicas de Estampaci\u00f3n expone un a\u00f1o m\u00e1s en el Aula Creativa Begira<\/span><a href=\"http:\/\/escueladeartepamplona.paginadesarrollo.com\/wp-content\/uploads\/logo-dpto-grab.gif\" target=\"_blank\" rel=\"noopener noreferrer\"><img decoding=\"async\" class=\"alignright\" style=\"border: 0px none;\" title=\"logo-dpto-grab\" src=\"http:\/\/escueladeartepamplona.paginadesarrollo.com\/wp-content\/uploads\/logo-dpto-grab-80x80.gif\" alt=\"\" width=\"80\" height=\"80\" \/><\/a><\/h3>\n<p><span style=\"color: #000000;\">Por cuarto a\u00f1o consecutivo el alumnado de nuestro ciclo muestra parte de los trabajos realizados durante el curso en una cita que se ha convertido en imprescindible.<\/span><\/p>\n<p><span style=\"color: #000000;\">Una buena toma de contacto con la labor de este estudio que a\u00fana las tem\u00e1ticas mas variadas con diversas t\u00e9cnicas gr\u00e1ficas: litografia, serigraf\u00eda, xilografia, etc. Tambi\u00e9n se pueden obsevar alguna de las ediciones de los dos libros de artista colectivos, que fueron seleccionados en Santillana del Mar para participar en la segunda edici\u00f3n del concurso de Libros de Artistas \u201cThe Travel Book\u201d, organizado por la asociaci\u00f3n Arte Libro en Cantabria.<a href=\"http:\/\/escueladeartepamplona.paginadesarrollo.com\/wp-content\/uploads\/05Grabado_Begira_2013-copia-e1513876644306-300x199.jpg\" target=\"_blank\" rel=\"noopener noreferrer\"><img decoding=\"async\" class=\"alignright wp-image-8206 size-medium\" src=\"https:\/\/escueladeartesuperior.educacion.navarra.es\/web\/wp-content\/uploads\/2020\/03\/05Grabado_Begira_2013-copia-e1513876644306.jpg\" alt=\"expo-grabado2013\" width=\"300\" height=\"199\" \/><\/a><\/span><\/p>\n<p><span style=\"color: #000000;\">Los trabajos han sido realizados en los diversos talleres del ciclo por alumnas de\u00a0 primero y segundo curso.<\/span><\/p>\n<p><span style=\"color: #000000;\">Los horarios hasta el 27 de Junio ser\u00e1n de<strong> Lunes a Viernes de 5:30 a 20 horas<\/strong>.<\/span><\/p>\n<p><span style=\"color: #000000;\"><strong><a href=\"http:\/\/begiraaulacreativa.blogspot.com.es\/\" target=\"_blank\" rel=\"noopener noreferrer\">BEGIRA<\/a>. Plaza del Lago, 6 Bajo.\u00a0 SARRIGUREN<\/p>\n<p><\/strong><\/span><\/p>\n","protected":false},"excerpt":{"rendered":"<p>Alumnado del ciclo de Grabado y T\u00e9cnicas de Estampaci\u00f3n expone un a\u00f1o m\u00e1s en el Aula Creativa Begira Por cuarto a\u00f1o consecutivo el alumnado de nuestro ciclo muestra parte de los trabajos realizados durante el curso en una cita que se ha convertido en imprescindible. Una buena toma de contacto con la labor de este [&hellip;]<\/p>\n","protected":false},"author":1,"featured_media":33846,"comment_status":"closed","ping_status":"open","sticky":false,"template":"","format":"standard","meta":{"_genesis_hide_title":false,"_genesis_hide_breadcrumbs":false,"_genesis_hide_singular_image":false,"_genesis_hide_footer_widgets":false,"_genesis_custom_body_class":"","_genesis_custom_post_class":"","_genesis_layout":"","footnotes":""},"categories":[3,37,21],"tags":[256,616,261,6,7,8,9,262,46,140,10],"_links":{"self":[{"href":"https:\/\/escueladeartesuperior.educacion.navarra.es\/web\/wp-json\/wp\/v2\/posts\/8204"}],"collection":[{"href":"https:\/\/escueladeartesuperior.educacion.navarra.es\/web\/wp-json\/wp\/v2\/posts"}],"about":[{"href":"https:\/\/escueladeartesuperior.educacion.navarra.es\/web\/wp-json\/wp\/v2\/types\/post"}],"author":[{"embeddable":true,"href":"https:\/\/escueladeartesuperior.educacion.navarra.es\/web\/wp-json\/wp\/v2\/users\/1"}],"replies":[{"embeddable":true,"href":"https:\/\/escueladeartesuperior.educacion.navarra.es\/web\/wp-json\/wp\/v2\/comments?post=8204"}],"version-history":[{"count":2,"href":"https:\/\/escueladeartesuperior.educacion.navarra.es\/web\/wp-json\/wp\/v2\/posts\/8204\/revisions"}],"predecessor-version":[{"id":34144,"href":"https:\/\/escueladeartesuperior.educacion.navarra.es\/web\/wp-json\/wp\/v2\/posts\/8204\/revisions\/34144"}],"wp:featuredmedia":[{"embeddable":true,"href":"https:\/\/escueladeartesuperior.educacion.navarra.es\/web\/wp-json\/wp\/v2\/media\/33846"}],"wp:attachment":[{"href":"https:\/\/escueladeartesuperior.educacion.navarra.es\/web\/wp-json\/wp\/v2\/media?parent=8204"}],"wp:term":[{"taxonomy":"category","embeddable":true,"href":"https:\/\/escueladeartesuperior.educacion.navarra.es\/web\/wp-json\/wp\/v2\/categories?post=8204"},{"taxonomy":"post_tag","embeddable":true,"href":"https:\/\/escueladeartesuperior.educacion.navarra.es\/web\/wp-json\/wp\/v2\/tags?post=8204"}],"curies":[{"name":"wp","href":"https:\/\/api.w.org\/{rel}","templated":true}]}}