{"id":7704,"date":"2013-04-16T16:40:03","date_gmt":"2013-04-16T14:40:03","guid":{"rendered":"http:\/\/escueladeartepamplona.paginadesarrollo.com\/?p=7704"},"modified":"2020-02-10T12:48:04","modified_gmt":"2020-02-10T11:48:04","slug":"amaya-gurpide-en-la-escuela-de-arte-de-pamplona","status":"publish","type":"post","link":"https:\/\/escueladeartesuperior.educacion.navarra.es\/web\/blog\/amaya-gurpide-en-la-escuela-de-arte-de-pamplona\/","title":{"rendered":"Amaya G\u00farpide en la Escuela de Arte de Pamplona"},"content":{"rendered":"<h3 style=\"text-align: justify\">En la recta final de nuestros <span style=\"color: #3366ff\"><a href=\"http:\/\/escueladeartepamplona.paginadesarrollo.com\/?p=7039\"><span style=\"color: #3366ff\">V Encuentros con creadores<\/span><\/a><\/span>, recibimos a Amaya G\u00farpide, una artista navarra afincada en Madrid tras 10 a\u00f1os de trabajo y estudio en Nueva York.<\/h3>\n<h3><a href=\"http:\/\/escueladeartepamplona.paginadesarrollo.com\/wp-content\/uploads\/encuentro_amaya_gurpide_2013.jpg\" target=\"_blank\" rel=\"noopener noreferrer\"><img fetchpriority=\"high\" decoding=\"async\" class=\"aligncenter\" style=\"border: 0px none\" src=\"http:\/\/escueladeartepamplona.paginadesarrollo.com\/wp-content\/uploads\/encuentro_amaya_gurpide_2013.jpg\" alt=\"OLYMPUS DIGITAL CAMERA\" width=\"490\" height=\"367\"><\/a><\/h3>\n<p style=\"text-align: left\"><span style=\"color: #000000\">Ante el alumnado de los ciclos de grado superior relat\u00f3 detalladamente su trayectoria guiada por la determinaci\u00f3n de aprender el oficio de pintora. Ajena a modas, discursos dominantes y huyendo de imposturas, centra su trabajo en un clasicismo figurativo que se revela como una necesidad vital. Esto permite a Amaya presentarse como una artista extraordinariamente disciplinada en el estudio del dibujo y el uso del color, precisa, y a la b\u00fasqueda de esa perfecci\u00f3n t\u00e9cnica que haga justicia a los personajes y a la realidad que retrata.<\/span><br \/>\n<span style=\"color: #000000\"> La charla fue pasando de los aspectos biogr\u00e1ficos a las claves de su concepci\u00f3n de la pintura, ilustrada con el comentario de obras concretas.<\/span><br \/>\n<span style=\"color: #000000\"> Desde muy joven su inter\u00e9s por el dibujo y la pintura le trajo hasta la escuela de Arte de Pamplona. Posteriormente y tras estudiar con el pintor Mikel Esparza durante dos a\u00f1os se traslada a Nueva York. Una decisi\u00f3n dif\u00edcil, pero que a la postre ha sido determinante en su carrera. Ingresa en la <i>The National Academy of Design<\/i> y <i>The Art Students League<\/i> de New York. En ambas escuelas entra en contacto con estudiantes, artistas de todos los lugares del mundo enriqueciendo su experiencia personal y su formaci\u00f3n. Durante este tiempo, y gracias a las ayudas obtenidas a trav\u00e9s de las escuelas, amplia sus conocimientos de pintura y los complementa con su formaci\u00f3n en escultura y grabado, adquiriendo mayor dominio de la t\u00e9cnica. Finalmente obtiene el <i>Three Year Certificate Program<\/i> de la <i>National Academy of Design<\/i>.<\/span><br \/>\n<span style=\"color: #000000\"> Tras una beca que le permite viajar a Italia y estudiar a los Maestros del Renacimiento, ingresa en la <i>Grand Central Academy <\/i>para perfeccionar su formaci\u00f3n. En sus lienzos se aprecia la influencia de los profesores con los que ha trabajado y que le han marcado, como <i>Travis Schlaht<\/i> y <i>Ted Minoff<\/i>.<\/span><br \/>\n<span style=\"color: #000000\"> El tema central de su pintura es la figura humana, a cuyo estudio dedica gran parte de su trabajo. Durante dos a\u00f1os consecutivos recibe la beca <i>Hudson River Fellowship<\/i>.<\/span><br \/>\n<span style=\"color: #000000\"> Amaya ha impartido varios cursos de pintura y dibujo en Espa\u00f1a y su obra se puede encontrar en galer\u00edas y colecciones privadas en Europa y Estados Unidos. Ha participado en proyectos variados de escaparatismo (en los almacenes <i>Bloomingdale&#8217;s<\/i>) y muralismo como en el <i>Hotel Atlantis<\/i> de, Dubai, o la decoraci\u00f3n mural de la catedral <em>Blessed Sacrament<\/em>, CA.<\/span><br \/>\n<span style=\"color: #000000\"> Actualmente Amaya vive en Madrid donde tiene su estudio de pintura y trabaja como profesora de anatom\u00eda y dibujo en la <i>Escuela Superior de Dibujo Profesional (ESDIP)<\/i>.<\/span><br \/>\n<a href=\"http:\/\/www.amayagurpide.com\/\">http:\/\/www.amayagurpide.com\/<\/a><\/p>\n","protected":false},"excerpt":{"rendered":"<p>En la recta final de nuestros V Encuentros con creadores, recibimos a Amaya G\u00farpide, una artista navarra afincada en Madrid tras 10 a\u00f1os de trabajo y estudio en Nueva York. Ante el alumnado de los ciclos de grado superior relat\u00f3 detalladamente su trayectoria guiada por la determinaci\u00f3n de aprender el oficio de pintora. Ajena a [&hellip;]<\/p>\n","protected":false},"author":1,"featured_media":33860,"comment_status":"closed","ping_status":"open","sticky":false,"template":"","format":"standard","meta":{"_genesis_hide_title":false,"_genesis_hide_breadcrumbs":false,"_genesis_hide_singular_image":false,"_genesis_hide_footer_widgets":false,"_genesis_custom_body_class":"","_genesis_custom_post_class":"","_genesis_layout":"","footnotes":""},"categories":[171,33],"tags":[462,166,567,169,170,6,7,8,9,565,568,10,463,464,520,465,466,467,174,468,469,470],"_links":{"self":[{"href":"https:\/\/escueladeartesuperior.educacion.navarra.es\/web\/wp-json\/wp\/v2\/posts\/7704"}],"collection":[{"href":"https:\/\/escueladeartesuperior.educacion.navarra.es\/web\/wp-json\/wp\/v2\/posts"}],"about":[{"href":"https:\/\/escueladeartesuperior.educacion.navarra.es\/web\/wp-json\/wp\/v2\/types\/post"}],"author":[{"embeddable":true,"href":"https:\/\/escueladeartesuperior.educacion.navarra.es\/web\/wp-json\/wp\/v2\/users\/1"}],"replies":[{"embeddable":true,"href":"https:\/\/escueladeartesuperior.educacion.navarra.es\/web\/wp-json\/wp\/v2\/comments?post=7704"}],"version-history":[{"count":1,"href":"https:\/\/escueladeartesuperior.educacion.navarra.es\/web\/wp-json\/wp\/v2\/posts\/7704\/revisions"}],"predecessor-version":[{"id":33861,"href":"https:\/\/escueladeartesuperior.educacion.navarra.es\/web\/wp-json\/wp\/v2\/posts\/7704\/revisions\/33861"}],"wp:featuredmedia":[{"embeddable":true,"href":"https:\/\/escueladeartesuperior.educacion.navarra.es\/web\/wp-json\/wp\/v2\/media\/33860"}],"wp:attachment":[{"href":"https:\/\/escueladeartesuperior.educacion.navarra.es\/web\/wp-json\/wp\/v2\/media?parent=7704"}],"wp:term":[{"taxonomy":"category","embeddable":true,"href":"https:\/\/escueladeartesuperior.educacion.navarra.es\/web\/wp-json\/wp\/v2\/categories?post=7704"},{"taxonomy":"post_tag","embeddable":true,"href":"https:\/\/escueladeartesuperior.educacion.navarra.es\/web\/wp-json\/wp\/v2\/tags?post=7704"}],"curies":[{"name":"wp","href":"https:\/\/api.w.org\/{rel}","templated":true}]}}