{"id":7444,"date":"2013-03-27T09:15:34","date_gmt":"2013-03-27T08:15:34","guid":{"rendered":"http:\/\/escueladeartepamplona.paginadesarrollo.com\/?p=7444"},"modified":"2020-02-10T12:49:22","modified_gmt":"2020-02-10T11:49:22","slug":"un-enlace-hacia-delante-con-a-link-to-the-past","status":"publish","type":"post","link":"https:\/\/escueladeartesuperior.educacion.navarra.es\/web\/blog\/un-enlace-hacia-delante-con-a-link-to-the-past\/","title":{"rendered":"Un enlace hacia delante con el video \u201cA link to the past\u201d"},"content":{"rendered":"<h3><img decoding=\"async\" class=\"size-medium wp-image-7484 alignleft\" src=\"https:\/\/escueladeartesuperior.educacion.navarra.es\/web\/wp-content\/uploads\/2013\/03\/Un-enlace-hacia-delante-con-el-video-A-link-to-the-past-300x200.jpg\" alt=\"A link to the past\" width=\"300\" height=\"165\"><span style=\"font-size: 21px\">Mediante la expresi\u00f3n corporal, el alumnado de 1\u00ba de Bachillerato Art\u00edstico disfruta creando y reinventando la Educaci\u00f3n F\u00edsica.<\/span><\/h3>\n<p>\u00a1Qu\u00e9 suerte la de estos alumnos de bachillerato! A algunos, \u201cA link to the past\u201d nos llevar\u00eda a un tiempo donde la \u00abgimnasia\u00bb la impart\u00edan exmilitares, no a una Educaci\u00f3n F\u00edsica que da cabida a propuestas tan diversas como \u00e9sta. De la Mano de la profesora M\u00aa Isabel Santana el alumnado de 1\u00ba de Bachillerato trabaja la Expresi\u00f3n corporal favoreciendo que cada uno, a trav\u00e9s del estudio de su cuerpo, encuentre un lenguaje propio para comunicarse.<br \/>\n\u201cAutoestima, competencia digital y trabajo en equipo son los ingredientes b\u00e1sicos de la educaci\u00f3n actual\u201d, seg\u00fan Eduard Punset. Estos alumnos de 1\u00ba de Bachillerato nos muestran una buena prueba de ello con la realizaci\u00f3n de este video.<br \/>\nTodo el mundo tiene algo que decir, lo que var\u00eda es la manera de comunicarlo.<\/p>\n<p>[youtube<\/p>\n","protected":false},"excerpt":{"rendered":"<p>Mediante la expresi\u00f3n corporal, el alumnado de 1\u00ba de Bachillerato Art\u00edstico disfruta creando y reinventando la Educaci\u00f3n F\u00edsica. \u00a1Qu\u00e9 suerte la de estos alumnos de bachillerato! A algunos, \u201cA link to the past\u201d nos llevar\u00eda a un tiempo donde la \u00abgimnasia\u00bb la impart\u00edan exmilitares, no a una Educaci\u00f3n F\u00edsica que da cabida a propuestas tan [&hellip;]<\/p>\n","protected":false},"author":1,"featured_media":33870,"comment_status":"closed","ping_status":"open","sticky":false,"template":"","format":"standard","meta":{"_genesis_hide_title":false,"_genesis_hide_breadcrumbs":false,"_genesis_hide_singular_image":false,"_genesis_hide_footer_widgets":false,"_genesis_custom_body_class":"","_genesis_custom_post_class":"","_genesis_layout":"","footnotes":""},"categories":[4,21],"tags":[25,280,514,7,9,515,10],"_links":{"self":[{"href":"https:\/\/escueladeartesuperior.educacion.navarra.es\/web\/wp-json\/wp\/v2\/posts\/7444"}],"collection":[{"href":"https:\/\/escueladeartesuperior.educacion.navarra.es\/web\/wp-json\/wp\/v2\/posts"}],"about":[{"href":"https:\/\/escueladeartesuperior.educacion.navarra.es\/web\/wp-json\/wp\/v2\/types\/post"}],"author":[{"embeddable":true,"href":"https:\/\/escueladeartesuperior.educacion.navarra.es\/web\/wp-json\/wp\/v2\/users\/1"}],"replies":[{"embeddable":true,"href":"https:\/\/escueladeartesuperior.educacion.navarra.es\/web\/wp-json\/wp\/v2\/comments?post=7444"}],"version-history":[{"count":2,"href":"https:\/\/escueladeartesuperior.educacion.navarra.es\/web\/wp-json\/wp\/v2\/posts\/7444\/revisions"}],"predecessor-version":[{"id":35981,"href":"https:\/\/escueladeartesuperior.educacion.navarra.es\/web\/wp-json\/wp\/v2\/posts\/7444\/revisions\/35981"}],"wp:featuredmedia":[{"embeddable":true,"href":"https:\/\/escueladeartesuperior.educacion.navarra.es\/web\/wp-json\/wp\/v2\/media\/33870"}],"wp:attachment":[{"href":"https:\/\/escueladeartesuperior.educacion.navarra.es\/web\/wp-json\/wp\/v2\/media?parent=7444"}],"wp:term":[{"taxonomy":"category","embeddable":true,"href":"https:\/\/escueladeartesuperior.educacion.navarra.es\/web\/wp-json\/wp\/v2\/categories?post=7444"},{"taxonomy":"post_tag","embeddable":true,"href":"https:\/\/escueladeartesuperior.educacion.navarra.es\/web\/wp-json\/wp\/v2\/tags?post=7444"}],"curies":[{"name":"wp","href":"https:\/\/api.w.org\/{rel}","templated":true}]}}