{"id":5964,"date":"2012-10-23T13:18:19","date_gmt":"2012-10-23T11:18:19","guid":{"rendered":"http:\/\/escueladeartepamplona.paginadesarrollo.com\/?p=5964"},"modified":"2020-02-10T12:54:15","modified_gmt":"2020-02-10T11:54:15","slug":"el-26-de-octubre-celebraremos-el-dia-del-centro","status":"publish","type":"post","link":"https:\/\/escueladeartesuperior.educacion.navarra.es\/web\/blog\/el-26-de-octubre-celebraremos-el-dia-del-centro\/","title":{"rendered":"Maider Kuadra, mejor Proyecto Final de ciclos Formativos y Oscar Liberal, mejor Expediente acad\u00e9mico de Bachillerato de Arte 2012"},"content":{"rendered":"<p><span style=\"font-size: 18px;\"><img fetchpriority=\"high\" decoding=\"async\" title=\"Maider_Kuadra_C-051_zaldiko\" src=\"http:\/\/escueladeartepamplona.paginadesarrollo.com\/wp-content\/uploads\/C-051_zaldiko-300x300.jpg\" alt=\"\" width=\"240\" height=\"240\" \/><a href=\"http:\/\/escueladeartepamplona.paginadesarrollo.com\/wp-content\/uploads\/invitacion_def_2012.jpg\" target=\"_blank\" rel=\"noopener noreferrer\"><img decoding=\"async\" title=\"invitacion2012\" src=\"http:\/\/escueladeartepamplona.paginadesarrollo.com\/wp-content\/uploads\/invitacion_def_2012-80x80.jpg\" alt=\"\" width=\"80\" height=\"80\" \/><\/a>El 26 de octubre celebramos el D\u00eda del Centro con un peque\u00f1o acto acad\u00e9mico. Entre otros actos entregameoslos premios anuales a<strong>:<\/strong><\/span><\/p>\n<ul>\n<li><span style=\"font-size: 18px;\"><strong>Mejor Proyecto Final de Ciclos Formativos de Artes Pl\u00e1sticas y Dise\u00f1o <\/strong>del curso 2011-2012, que ha sido concedido a la alumna de Fotograf\u00eda Art\u00edstica, <strong><em>Maider Kuadra<\/em><\/strong>. (Las im\u00e1genes que acompa\u00f1an este texto son, reproducciones de alguno de los ferotipos que componen el trabajo)<\/span><\/li>\n<\/ul>\n<ul>\n<li><span style=\"font-size: 18px;\"><strong>Mejor Expediente Acad\u00e9mico de Bachillerato de Artes<\/strong> del curso 2011-2012, al \u00a0alumno <strong><em>\u00d3scar Liberal<\/em><\/strong>.<\/span><\/li>\n<\/ul>\n","protected":false},"excerpt":{"rendered":"<p>El 26 de octubre celebramos el D\u00eda del Centro con un peque\u00f1o acto acad\u00e9mico. Entre otros actos entregameoslos premios anuales a: Mejor Proyecto Final de Ciclos Formativos de Artes Pl\u00e1sticas y Dise\u00f1o del curso 2011-2012, que ha sido concedido a la alumna de Fotograf\u00eda Art\u00edstica, Maider Kuadra. (Las im\u00e1genes que acompa\u00f1an este texto son, reproducciones [&hellip;]<\/p>\n","protected":false},"author":1,"featured_media":33909,"comment_status":"closed","ping_status":"open","sticky":false,"template":"","format":"standard","meta":{"_genesis_hide_title":false,"_genesis_hide_breadcrumbs":false,"_genesis_hide_singular_image":false,"_genesis_hide_footer_widgets":false,"_genesis_custom_body_class":"","_genesis_custom_post_class":"","_genesis_layout":"","footnotes":""},"categories":[12,118,21],"tags":[25,5,351,352,166,6,7,8,9,10],"_links":{"self":[{"href":"https:\/\/escueladeartesuperior.educacion.navarra.es\/web\/wp-json\/wp\/v2\/posts\/5964"}],"collection":[{"href":"https:\/\/escueladeartesuperior.educacion.navarra.es\/web\/wp-json\/wp\/v2\/posts"}],"about":[{"href":"https:\/\/escueladeartesuperior.educacion.navarra.es\/web\/wp-json\/wp\/v2\/types\/post"}],"author":[{"embeddable":true,"href":"https:\/\/escueladeartesuperior.educacion.navarra.es\/web\/wp-json\/wp\/v2\/users\/1"}],"replies":[{"embeddable":true,"href":"https:\/\/escueladeartesuperior.educacion.navarra.es\/web\/wp-json\/wp\/v2\/comments?post=5964"}],"version-history":[{"count":2,"href":"https:\/\/escueladeartesuperior.educacion.navarra.es\/web\/wp-json\/wp\/v2\/posts\/5964\/revisions"}],"predecessor-version":[{"id":34128,"href":"https:\/\/escueladeartesuperior.educacion.navarra.es\/web\/wp-json\/wp\/v2\/posts\/5964\/revisions\/34128"}],"wp:featuredmedia":[{"embeddable":true,"href":"https:\/\/escueladeartesuperior.educacion.navarra.es\/web\/wp-json\/wp\/v2\/media\/33909"}],"wp:attachment":[{"href":"https:\/\/escueladeartesuperior.educacion.navarra.es\/web\/wp-json\/wp\/v2\/media?parent=5964"}],"wp:term":[{"taxonomy":"category","embeddable":true,"href":"https:\/\/escueladeartesuperior.educacion.navarra.es\/web\/wp-json\/wp\/v2\/categories?post=5964"},{"taxonomy":"post_tag","embeddable":true,"href":"https:\/\/escueladeartesuperior.educacion.navarra.es\/web\/wp-json\/wp\/v2\/tags?post=5964"}],"curies":[{"name":"wp","href":"https:\/\/api.w.org\/{rel}","templated":true}]}}