{"id":54103,"date":"2026-03-28T18:55:32","date_gmt":"2026-03-28T17:55:32","guid":{"rendered":"https:\/\/escueladeartesuperior.educacion.navarra.es\/web\/?p=54103"},"modified":"2026-03-28T18:57:26","modified_gmt":"2026-03-28T17:57:26","slug":"el-oficio-del-hierro-entre-arte-y-arquitectura","status":"publish","type":"post","link":"https:\/\/escueladeartesuperior.educacion.navarra.es\/web\/blog\/el-oficio-del-hierro-entre-arte-y-arquitectura\/","title":{"rendered":"El oficio del hierro, entre arte y arquitectura"},"content":{"rendered":"\t\t<div data-elementor-type=\"wp-post\" data-elementor-id=\"54103\" class=\"elementor elementor-54103\" data-elementor-post-type=\"post\">\n\t\t\t\t\t\t\t\t\t<section class=\"elementor-section elementor-top-section elementor-element elementor-element-0e0c4f4 elementor-section-boxed elementor-section-height-default elementor-section-height-default\" data-id=\"0e0c4f4\" data-element_type=\"section\">\n\t\t\t\t\t\t<div class=\"elementor-container elementor-column-gap-default\">\n\t\t\t\t\t<div class=\"elementor-column elementor-col-50 elementor-top-column elementor-element elementor-element-851ff8a\" data-id=\"851ff8a\" data-element_type=\"column\">\n\t\t\t<div class=\"elementor-widget-wrap elementor-element-populated\">\n\t\t\t\t\t\t\t\t<div class=\"elementor-element elementor-element-a6ad73b elementor-widget elementor-widget-image\" data-id=\"a6ad73b\" data-element_type=\"widget\" data-widget_type=\"image.default\">\n\t\t\t\t<div class=\"elementor-widget-container\">\n\t\t\t\t\t\t\t\t\t\t\t\t\t\t\t<img fetchpriority=\"high\" decoding=\"async\" width=\"819\" height=\"1024\" src=\"https:\/\/escueladeartesuperior.educacion.navarra.es\/web\/wp-content\/uploads\/2026\/03\/27M_Enric-Pla-819x1024.png\" class=\"attachment-large size-large wp-image-54106\" alt=\"Enric Pla, maestro forjador y escultor\" srcset=\"https:\/\/escueladeartesuperior.educacion.navarra.es\/web\/wp-content\/uploads\/2026\/03\/27M_Enric-Pla-819x1024.png 819w, https:\/\/escueladeartesuperior.educacion.navarra.es\/web\/wp-content\/uploads\/2026\/03\/27M_Enric-Pla-240x300.png 240w, https:\/\/escueladeartesuperior.educacion.navarra.es\/web\/wp-content\/uploads\/2026\/03\/27M_Enric-Pla-768x960.png 768w, https:\/\/escueladeartesuperior.educacion.navarra.es\/web\/wp-content\/uploads\/2026\/03\/27M_Enric-Pla-1229x1536.png 1229w, https:\/\/escueladeartesuperior.educacion.navarra.es\/web\/wp-content\/uploads\/2026\/03\/27M_Enric-Pla.png 1440w\" sizes=\"(max-width: 819px) 100vw, 819px\" \/>\t\t\t\t\t\t\t\t\t\t\t\t\t\t\t<\/div>\n\t\t\t\t<\/div>\n\t\t\t\t\t<\/div>\n\t\t<\/div>\n\t\t\t\t<div class=\"elementor-column elementor-col-50 elementor-top-column elementor-element elementor-element-4a436a4\" data-id=\"4a436a4\" data-element_type=\"column\">\n\t\t\t<div class=\"elementor-widget-wrap elementor-element-populated\">\n\t\t\t\t\t\t\t\t<div class=\"elementor-element elementor-element-dc6582f elementor-widget elementor-widget-text-editor\" data-id=\"dc6582f\" data-element_type=\"widget\" data-widget_type=\"text-editor.default\">\n\t\t\t\t<div class=\"elementor-widget-container\">\n\t\t\t\t\t\t\t<p><b>Enric Pla Montferrer en los XVII Encuentros con Creador\u00e6s<\/b><\/p><p><span style=\"font-weight: 400;\">El pasado viernes 27 de marzo tuvimos el privilegio de contar en la escuela con la presencia de <\/span><a href=\"https:\/\/www.montferrer.cat\/\"><b>Enric Pla Montferrer<\/b><\/a><span style=\"font-weight: 400;\">, maestro artesano y referente de la forja contempor\u00e1nea en Catalu\u00f1a, dentro del programa de los <strong><a href=\"https:\/\/escueladeartesuperior.educacion.navarra.es\/web\/blog\/xii-encuentros-con-creadoraes-sortzaileekin-solasean\/\">XVII Encuentros con Creador\u00e6s<\/a><\/strong>.<\/span><\/p><p><span style=\"font-weight: 400;\">A lo largo de la charla, Pla comparti\u00f3 con el alumnado su trayectoria vital y profesional, marcada por una temprana fascinaci\u00f3n por el fuego y la materia, que le llev\u00f3 a especializarse en la forja art\u00edstica tras su paso por la Escuela de Arte de Vic. Su formaci\u00f3n junto al escultor <\/span><strong><a href=\"https:\/\/plandiura.cat\/index.html\">Josep Plandiura<\/a><\/strong><span style=\"font-weight: 400;\"> y su experiencia en proyectos de gran formato le han permitido desarrollar un lenguaje propio que combina tradici\u00f3n, t\u00e9cnica y una fuerte dimensi\u00f3n escult\u00f3rica.<\/span><\/p><p><span style=\"font-weight: 400;\">Uno de los momentos m\u00e1s destacados fue el recorrido por sus trabajos en la <\/span><a href=\"https:\/\/patrimoni.sagradafamilia.org\/es\/\"><b>Sagrada Familia<\/b><\/a><span style=\"font-weight: 400;\">, donde trabaja desde 2012 y coordina los proyectos de forja desde 2016. Su intervenci\u00f3n permiti\u00f3 entender c\u00f3mo un oficio ancestral como la forja sigue plenamente vigente en la arquitectura contempor\u00e1nea, integr\u00e1ndose en uno de los proyectos m\u00e1s emblem\u00e1ticos a nivel internacional. En este contexto, tambi\u00e9n ha participado en la restauraci\u00f3n del forjado de <strong><a href=\"https:\/\/www.casabatllo.es\/restauracion\/fachada-posterior-patio\/\" target=\"_blank\" rel=\"noopener\">Casa Batll\u00f3<\/a><\/strong>, ampliando su vinculaci\u00f3n con la arquitectura modernista y el legado de Gaud\u00ed.<\/span><\/p><p><span style=\"font-weight: 400;\">Durante la sesi\u00f3n, el alumnado pudo acercarse no solo a los procesos t\u00e9cnicos del trabajo del hierro, sino tambi\u00e9n a la dimensi\u00f3n conceptual de su obra: el di\u00e1logo entre materia, espacio y forma, as\u00ed como la importancia del dominio del oficio como base para la experimentaci\u00f3n art\u00edstica.<\/span><\/p><p><span style=\"font-weight: 400;\">Adem\u00e1s de su labor en la Sagrada Familia, Pla ha participado en numerosas exposiciones y ha representado la artesan\u00eda catalana en eventos internacionales como el <\/span><b>Smithsonian Folklife Festival<\/b><span style=\"font-weight: 400;\"> (Washington, 2018), consolidando una trayectoria de gran reconocimiento.<\/span><\/p><p><span style=\"font-weight: 400;\">Una charla inspiradora que puso en valor la vigencia de los oficios art\u00edsticos y su capacidad para seguir construyendo el presente desde la tradici\u00f3n.<\/span><\/p><p>Acerca del maestro:<\/p><ul><li><a href=\"https:\/\/www.montferrer.cat\/\" target=\"_blank\" rel=\"noopener\">montferrer.cat<\/a><\/li><li><a href=\"https:\/\/mondelaforja.cat\/projects\/pla-montferrer-enric\/\" target=\"_blank\" rel=\"noopener\">mondelaforja.cat\/projects\/pla-montferrer-enric\/<\/a><\/li><\/ul>\t\t\t\t\t\t<\/div>\n\t\t\t\t<\/div>\n\t\t\t\t\t<\/div>\n\t\t<\/div>\n\t\t\t\t\t\t\t<\/div>\n\t\t<\/section>\n\t\t\t\t<section class=\"elementor-section elementor-top-section elementor-element elementor-element-9203837 elementor-section-boxed elementor-section-height-default elementor-section-height-default\" data-id=\"9203837\" data-element_type=\"section\">\n\t\t\t\t\t\t<div class=\"elementor-container elementor-column-gap-default\">\n\t\t\t\t\t<div class=\"elementor-column elementor-col-100 elementor-top-column elementor-element elementor-element-8e9ae9c\" data-id=\"8e9ae9c\" data-element_type=\"column\">\n\t\t\t<div class=\"elementor-widget-wrap elementor-element-populated\">\n\t\t\t\t\t\t\t\t<div class=\"elementor-element elementor-element-7d2688a elementor-widget elementor-widget-heading\" data-id=\"7d2688a\" data-element_type=\"widget\" data-widget_type=\"heading.default\">\n\t\t\t\t<div class=\"elementor-widget-container\">\n\t\t\t<h3 class=\"elementor-heading-title elementor-size-default\">El hierro como lenguaje contempor\u00e1neo<\/h3>\t\t<\/div>\n\t\t\t\t<\/div>\n\t\t\t\t\t<\/div>\n\t\t<\/div>\n\t\t\t\t\t\t\t<\/div>\n\t\t<\/section>\n\t\t\t\t<section class=\"elementor-section elementor-top-section elementor-element elementor-element-4274843 elementor-section-boxed elementor-section-height-default elementor-section-height-default\" data-id=\"4274843\" data-element_type=\"section\">\n\t\t\t\t\t\t<div class=\"elementor-container elementor-column-gap-default\">\n\t\t\t\t\t<div class=\"elementor-column elementor-col-100 elementor-top-column elementor-element elementor-element-63dd7c3\" data-id=\"63dd7c3\" data-element_type=\"column\">\n\t\t\t<div class=\"elementor-widget-wrap elementor-element-populated\">\n\t\t\t\t\t\t\t\t<div class=\"elementor-element elementor-element-6a9c0b1 elementor-widget elementor-widget-gallery\" data-id=\"6a9c0b1\" data-element_type=\"widget\" data-settings=\"{&quot;columns&quot;:5,&quot;lazyload&quot;:&quot;yes&quot;,&quot;gallery_layout&quot;:&quot;grid&quot;,&quot;columns_tablet&quot;:2,&quot;columns_mobile&quot;:1,&quot;gap&quot;:{&quot;unit&quot;:&quot;px&quot;,&quot;size&quot;:10,&quot;sizes&quot;:[]},&quot;gap_tablet&quot;:{&quot;unit&quot;:&quot;px&quot;,&quot;size&quot;:10,&quot;sizes&quot;:[]},&quot;gap_mobile&quot;:{&quot;unit&quot;:&quot;px&quot;,&quot;size&quot;:10,&quot;sizes&quot;:[]},&quot;link_to&quot;:&quot;file&quot;,&quot;aspect_ratio&quot;:&quot;3:2&quot;,&quot;overlay_background&quot;:&quot;yes&quot;,&quot;content_hover_animation&quot;:&quot;fade-in&quot;}\" data-widget_type=\"gallery.default\">\n\t\t\t\t<div class=\"elementor-widget-container\">\n\t\t\t\t\t<div class=\"elementor-gallery__container\">\n\t\t\t\t\t\t\t<a class=\"e-gallery-item elementor-gallery-item elementor-animated-content\" href=\"https:\/\/escueladeartesuperior.educacion.navarra.es\/web\/wp-content\/uploads\/2026\/03\/Enric-Pla-9.jpg\" data-elementor-open-lightbox=\"yes\" data-elementor-lightbox-slideshow=\"6a9c0b1\" data-elementor-lightbox-title=\"Enric-Pla-9\" data-e-action-hash=\"#elementor-action%3Aaction%3Dlightbox%26settings%3DeyJpZCI6NTQxOTUsInVybCI6Imh0dHBzOlwvXC9lc2N1ZWxhZGVhcnRlc3VwZXJpb3IuZWR1Y2FjaW9uLm5hdmFycmEuZXNcL3dlYlwvd3AtY29udGVudFwvdXBsb2Fkc1wvMjAyNlwvMDNcL0VucmljLVBsYS05LmpwZyIsInNsaWRlc2hvdyI6IjZhOWMwYjEifQ%3D%3D\">\n\t\t\t\t\t<div class=\"e-gallery-image elementor-gallery-item__image\" data-thumbnail=\"https:\/\/escueladeartesuperior.educacion.navarra.es\/web\/wp-content\/uploads\/2026\/03\/Enric-Pla-9-683x1024.jpg\" data-width=\"683\" data-height=\"1024\" aria-label=\"Enric Pla en la charla\" role=\"img\" ><\/div>\n\t\t\t\t\t\t\t\t\t\t\t<div class=\"elementor-gallery-item__overlay\"><\/div>\n\t\t\t\t\t\t\t\t\t\t\t\t\t\t<\/a>\n\t\t\t\t\t\t\t<a class=\"e-gallery-item elementor-gallery-item elementor-animated-content\" href=\"https:\/\/escueladeartesuperior.educacion.navarra.es\/web\/wp-content\/uploads\/2026\/03\/Enric-Pla-10.jpg\" data-elementor-open-lightbox=\"yes\" data-elementor-lightbox-slideshow=\"6a9c0b1\" data-elementor-lightbox-title=\"Enric-Pla-10\" data-e-action-hash=\"#elementor-action%3Aaction%3Dlightbox%26settings%3DeyJpZCI6NTQxOTQsInVybCI6Imh0dHBzOlwvXC9lc2N1ZWxhZGVhcnRlc3VwZXJpb3IuZWR1Y2FjaW9uLm5hdmFycmEuZXNcL3dlYlwvd3AtY29udGVudFwvdXBsb2Fkc1wvMjAyNlwvMDNcL0VucmljLVBsYS0xMC5qcGciLCJzbGlkZXNob3ciOiI2YTljMGIxIn0%3D\">\n\t\t\t\t\t<div class=\"e-gallery-image elementor-gallery-item__image\" data-thumbnail=\"https:\/\/escueladeartesuperior.educacion.navarra.es\/web\/wp-content\/uploads\/2026\/03\/Enric-Pla-10-1024x683.jpg\" data-width=\"1024\" data-height=\"683\" aria-label=\"Enric Pla en la charla\" role=\"img\" ><\/div>\n\t\t\t\t\t\t\t\t\t\t\t<div class=\"elementor-gallery-item__overlay\"><\/div>\n\t\t\t\t\t\t\t\t\t\t\t\t\t\t<\/a>\n\t\t\t\t\t\t\t<a class=\"e-gallery-item elementor-gallery-item elementor-animated-content\" href=\"https:\/\/escueladeartesuperior.educacion.navarra.es\/web\/wp-content\/uploads\/2026\/03\/Enric-Pla-7.jpg\" data-elementor-open-lightbox=\"yes\" data-elementor-lightbox-slideshow=\"6a9c0b1\" data-elementor-lightbox-title=\"Enric-Pla-7\" data-e-action-hash=\"#elementor-action%3Aaction%3Dlightbox%26settings%3DeyJpZCI6NTQxOTcsInVybCI6Imh0dHBzOlwvXC9lc2N1ZWxhZGVhcnRlc3VwZXJpb3IuZWR1Y2FjaW9uLm5hdmFycmEuZXNcL3dlYlwvd3AtY29udGVudFwvdXBsb2Fkc1wvMjAyNlwvMDNcL0VucmljLVBsYS03LmpwZyIsInNsaWRlc2hvdyI6IjZhOWMwYjEifQ%3D%3D\">\n\t\t\t\t\t<div class=\"e-gallery-image elementor-gallery-item__image\" data-thumbnail=\"https:\/\/escueladeartesuperior.educacion.navarra.es\/web\/wp-content\/uploads\/2026\/03\/Enric-Pla-7-1024x683.jpg\" data-width=\"1024\" data-height=\"683\" aria-label=\"Enric Pla en la charla\" role=\"img\" ><\/div>\n\t\t\t\t\t\t\t\t\t\t\t<div class=\"elementor-gallery-item__overlay\"><\/div>\n\t\t\t\t\t\t\t\t\t\t\t\t\t\t<\/a>\n\t\t\t\t\t\t\t<a class=\"e-gallery-item elementor-gallery-item elementor-animated-content\" href=\"https:\/\/escueladeartesuperior.educacion.navarra.es\/web\/wp-content\/uploads\/2026\/03\/Enric-Pla2.jpg\" data-elementor-open-lightbox=\"yes\" data-elementor-lightbox-slideshow=\"6a9c0b1\" data-elementor-lightbox-title=\"Enric-Pla2\" data-e-action-hash=\"#elementor-action%3Aaction%3Dlightbox%26settings%3DeyJpZCI6NTQxOTgsInVybCI6Imh0dHBzOlwvXC9lc2N1ZWxhZGVhcnRlc3VwZXJpb3IuZWR1Y2FjaW9uLm5hdmFycmEuZXNcL3dlYlwvd3AtY29udGVudFwvdXBsb2Fkc1wvMjAyNlwvMDNcL0VucmljLVBsYTIuanBnIiwic2xpZGVzaG93IjoiNmE5YzBiMSJ9\">\n\t\t\t\t\t<div class=\"e-gallery-image elementor-gallery-item__image\" data-thumbnail=\"https:\/\/escueladeartesuperior.educacion.navarra.es\/web\/wp-content\/uploads\/2026\/03\/Enric-Pla2.jpg\" data-width=\"525\" data-height=\"788\" aria-label=\"Armario en la Sagrada Familia\" role=\"img\" ><\/div>\n\t\t\t\t\t\t\t\t\t\t\t<div class=\"elementor-gallery-item__overlay\"><\/div>\n\t\t\t\t\t\t\t\t\t\t\t\t\t\t<\/a>\n\t\t\t\t\t\t\t<a class=\"e-gallery-item elementor-gallery-item elementor-animated-content\" href=\"https:\/\/escueladeartesuperior.educacion.navarra.es\/web\/wp-content\/uploads\/2026\/03\/Enric-Pla-11.jpg\" data-elementor-open-lightbox=\"yes\" data-elementor-lightbox-slideshow=\"6a9c0b1\" data-elementor-lightbox-title=\"Enric-Pla-11\" data-e-action-hash=\"#elementor-action%3Aaction%3Dlightbox%26settings%3DeyJpZCI6NTQyMDMsInVybCI6Imh0dHBzOlwvXC9lc2N1ZWxhZGVhcnRlc3VwZXJpb3IuZWR1Y2FjaW9uLm5hdmFycmEuZXNcL3dlYlwvd3AtY29udGVudFwvdXBsb2Fkc1wvMjAyNlwvMDNcL0VucmljLVBsYS0xMS5qcGciLCJzbGlkZXNob3ciOiI2YTljMGIxIn0%3D\">\n\t\t\t\t\t<div class=\"e-gallery-image elementor-gallery-item__image\" data-thumbnail=\"https:\/\/escueladeartesuperior.educacion.navarra.es\/web\/wp-content\/uploads\/2026\/03\/Enric-Pla-11.jpg\" data-width=\"1016\" data-height=\"678\" aria-label=\"Enric Pla escultor\" role=\"img\" ><\/div>\n\t\t\t\t\t\t\t\t\t\t\t<div class=\"elementor-gallery-item__overlay\"><\/div>\n\t\t\t\t\t\t\t\t\t\t\t\t\t\t<\/a>\n\t\t\t\t\t\t\t<a class=\"e-gallery-item elementor-gallery-item elementor-animated-content\" href=\"https:\/\/escueladeartesuperior.educacion.navarra.es\/web\/wp-content\/uploads\/2026\/03\/Enric-Pla-6.jpg\" data-elementor-open-lightbox=\"yes\" data-elementor-lightbox-slideshow=\"6a9c0b1\" data-elementor-lightbox-title=\"Enric-Pla-6\" data-e-action-hash=\"#elementor-action%3Aaction%3Dlightbox%26settings%3DeyJpZCI6NTQyMDAsInVybCI6Imh0dHBzOlwvXC9lc2N1ZWxhZGVhcnRlc3VwZXJpb3IuZWR1Y2FjaW9uLm5hdmFycmEuZXNcL3dlYlwvd3AtY29udGVudFwvdXBsb2Fkc1wvMjAyNlwvMDNcL0VucmljLVBsYS02LmpwZyIsInNsaWRlc2hvdyI6IjZhOWMwYjEifQ%3D%3D\">\n\t\t\t\t\t<div class=\"e-gallery-image elementor-gallery-item__image\" data-thumbnail=\"https:\/\/escueladeartesuperior.educacion.navarra.es\/web\/wp-content\/uploads\/2026\/03\/Enric-Pla-6.jpg\" data-width=\"958\" data-height=\"639\" aria-label=\"Enric Pla y forja de Casa Battl\u00f3\" role=\"img\" ><\/div>\n\t\t\t\t\t\t\t\t\t\t\t<div class=\"elementor-gallery-item__overlay\"><\/div>\n\t\t\t\t\t\t\t\t\t\t\t\t\t\t<\/a>\n\t\t\t\t\t\t\t<a class=\"e-gallery-item elementor-gallery-item elementor-animated-content\" href=\"https:\/\/escueladeartesuperior.educacion.navarra.es\/web\/wp-content\/uploads\/2026\/03\/Enric-Pla-8.jpg\" data-elementor-open-lightbox=\"yes\" data-elementor-lightbox-slideshow=\"6a9c0b1\" data-elementor-lightbox-title=\"Enric-Pla-8\" data-e-action-hash=\"#elementor-action%3Aaction%3Dlightbox%26settings%3DeyJpZCI6NTQxOTYsInVybCI6Imh0dHBzOlwvXC9lc2N1ZWxhZGVhcnRlc3VwZXJpb3IuZWR1Y2FjaW9uLm5hdmFycmEuZXNcL3dlYlwvd3AtY29udGVudFwvdXBsb2Fkc1wvMjAyNlwvMDNcL0VucmljLVBsYS04LmpwZyIsInNsaWRlc2hvdyI6IjZhOWMwYjEifQ%3D%3D\">\n\t\t\t\t\t<div class=\"e-gallery-image elementor-gallery-item__image\" data-thumbnail=\"https:\/\/escueladeartesuperior.educacion.navarra.es\/web\/wp-content\/uploads\/2026\/03\/Enric-Pla-8-1024x683.jpg\" data-width=\"1024\" data-height=\"683\" aria-label=\"Enric Pla en la charla\" role=\"img\" ><\/div>\n\t\t\t\t\t\t\t\t\t\t\t<div class=\"elementor-gallery-item__overlay\"><\/div>\n\t\t\t\t\t\t\t\t\t\t\t\t\t\t<\/a>\n\t\t\t\t\t\t\t<a class=\"e-gallery-item elementor-gallery-item elementor-animated-content\" href=\"https:\/\/escueladeartesuperior.educacion.navarra.es\/web\/wp-content\/uploads\/2026\/03\/Enric-Pla-3.jpg\" data-elementor-open-lightbox=\"yes\" data-elementor-lightbox-slideshow=\"6a9c0b1\" data-elementor-lightbox-title=\"Enric-Pla-3\" data-e-action-hash=\"#elementor-action%3Aaction%3Dlightbox%26settings%3DeyJpZCI6NTQxOTksInVybCI6Imh0dHBzOlwvXC9lc2N1ZWxhZGVhcnRlc3VwZXJpb3IuZWR1Y2FjaW9uLm5hdmFycmEuZXNcL3dlYlwvd3AtY29udGVudFwvdXBsb2Fkc1wvMjAyNlwvMDNcL0VucmljLVBsYS0zLmpwZyIsInNsaWRlc2hvdyI6IjZhOWMwYjEifQ%3D%3D\">\n\t\t\t\t\t<div class=\"e-gallery-image elementor-gallery-item__image\" data-thumbnail=\"https:\/\/escueladeartesuperior.educacion.navarra.es\/web\/wp-content\/uploads\/2026\/03\/Enric-Pla-3.jpg\" data-width=\"945\" data-height=\"630\" aria-label=\"Enric Pla escultor\" role=\"img\" ><\/div>\n\t\t\t\t\t\t\t\t\t\t\t<div class=\"elementor-gallery-item__overlay\"><\/div>\n\t\t\t\t\t\t\t\t\t\t\t\t\t\t<\/a>\n\t\t\t\t\t\t\t<a class=\"e-gallery-item elementor-gallery-item elementor-animated-content\" href=\"https:\/\/escueladeartesuperior.educacion.navarra.es\/web\/wp-content\/uploads\/2026\/03\/Enric-Pla-4.jpg\" data-elementor-open-lightbox=\"yes\" data-elementor-lightbox-slideshow=\"6a9c0b1\" data-elementor-lightbox-title=\"Enric-Pla-4\" data-e-action-hash=\"#elementor-action%3Aaction%3Dlightbox%26settings%3DeyJpZCI6NTQyMDIsInVybCI6Imh0dHBzOlwvXC9lc2N1ZWxhZGVhcnRlc3VwZXJpb3IuZWR1Y2FjaW9uLm5hdmFycmEuZXNcL3dlYlwvd3AtY29udGVudFwvdXBsb2Fkc1wvMjAyNlwvMDNcL0VucmljLVBsYS00LmpwZyIsInNsaWRlc2hvdyI6IjZhOWMwYjEifQ%3D%3D\">\n\t\t\t\t\t<div class=\"e-gallery-image elementor-gallery-item__image\" data-thumbnail=\"https:\/\/escueladeartesuperior.educacion.navarra.es\/web\/wp-content\/uploads\/2026\/03\/Enric-Pla-4.jpg\" data-width=\"912\" data-height=\"608\" aria-label=\"Enric Pla escultor\" role=\"img\" ><\/div>\n\t\t\t\t\t\t\t\t\t\t\t<div class=\"elementor-gallery-item__overlay\"><\/div>\n\t\t\t\t\t\t\t\t\t\t\t\t\t\t<\/a>\n\t\t\t\t\t\t\t<a class=\"e-gallery-item elementor-gallery-item elementor-animated-content\" href=\"https:\/\/escueladeartesuperior.educacion.navarra.es\/web\/wp-content\/uploads\/2026\/03\/Enric-Pla-5.jpg\" data-elementor-open-lightbox=\"yes\" data-elementor-lightbox-slideshow=\"6a9c0b1\" data-elementor-lightbox-title=\"Enric-Pla-5\" data-e-action-hash=\"#elementor-action%3Aaction%3Dlightbox%26settings%3DeyJpZCI6NTQyMDEsInVybCI6Imh0dHBzOlwvXC9lc2N1ZWxhZGVhcnRlc3VwZXJpb3IuZWR1Y2FjaW9uLm5hdmFycmEuZXNcL3dlYlwvd3AtY29udGVudFwvdXBsb2Fkc1wvMjAyNlwvMDNcL0VucmljLVBsYS01LmpwZyIsInNsaWRlc2hvdyI6IjZhOWMwYjEifQ%3D%3D\">\n\t\t\t\t\t<div class=\"e-gallery-image elementor-gallery-item__image\" data-thumbnail=\"https:\/\/escueladeartesuperior.educacion.navarra.es\/web\/wp-content\/uploads\/2026\/03\/Enric-Pla-5.jpg\" data-width=\"488\" data-height=\"325\" aria-label=\"Enric Pla escultor\" role=\"img\" ><\/div>\n\t\t\t\t\t\t\t\t\t\t\t<div class=\"elementor-gallery-item__overlay\"><\/div>\n\t\t\t\t\t\t\t\t\t\t\t\t\t\t<\/a>\n\t\t\t\t\t<\/div>\n\t\t\t<\/div>\n\t\t\t\t<\/div>\n\t\t\t\t\t<\/div>\n\t\t<\/div>\n\t\t\t\t\t\t\t<\/div>\n\t\t<\/section>\n\t\t\t\t\t\t\t<\/div>\n\t\t","protected":false},"excerpt":{"rendered":"<p>Enric Pla Montferrer en los XVII Encuentros con Creador\u00e6s El pasado viernes 27 de marzo tuvimos el privilegio de contar en la escuela con la presencia de Enric Pla Montferrer, maestro artesano y referente de la forja contempor\u00e1nea en Catalu\u00f1a, dentro del programa de los XVII Encuentros con Creador\u00e6s. A lo largo de la charla, [&hellip;]<\/p>\n","protected":false},"author":1,"featured_media":54104,"comment_status":"open","ping_status":"closed","sticky":false,"template":"","format":"standard","meta":{"_genesis_hide_title":false,"_genesis_hide_breadcrumbs":false,"_genesis_hide_singular_image":false,"_genesis_hide_footer_widgets":false,"_genesis_custom_body_class":"","_genesis_custom_post_class":"","_genesis_layout":"","footnotes":""},"categories":[1314,1020,1067,4,120,36,1104,171,31,37,905,1123,1342],"tags":[1424,1378,32,10,1385,1404],"_links":{"self":[{"href":"https:\/\/escueladeartesuperior.educacion.navarra.es\/web\/wp-json\/wp\/v2\/posts\/54103"}],"collection":[{"href":"https:\/\/escueladeartesuperior.educacion.navarra.es\/web\/wp-json\/wp\/v2\/posts"}],"about":[{"href":"https:\/\/escueladeartesuperior.educacion.navarra.es\/web\/wp-json\/wp\/v2\/types\/post"}],"author":[{"embeddable":true,"href":"https:\/\/escueladeartesuperior.educacion.navarra.es\/web\/wp-json\/wp\/v2\/users\/1"}],"replies":[{"embeddable":true,"href":"https:\/\/escueladeartesuperior.educacion.navarra.es\/web\/wp-json\/wp\/v2\/comments?post=54103"}],"version-history":[{"count":16,"href":"https:\/\/escueladeartesuperior.educacion.navarra.es\/web\/wp-json\/wp\/v2\/posts\/54103\/revisions"}],"predecessor-version":[{"id":54209,"href":"https:\/\/escueladeartesuperior.educacion.navarra.es\/web\/wp-json\/wp\/v2\/posts\/54103\/revisions\/54209"}],"wp:featuredmedia":[{"embeddable":true,"href":"https:\/\/escueladeartesuperior.educacion.navarra.es\/web\/wp-json\/wp\/v2\/media\/54104"}],"wp:attachment":[{"href":"https:\/\/escueladeartesuperior.educacion.navarra.es\/web\/wp-json\/wp\/v2\/media?parent=54103"}],"wp:term":[{"taxonomy":"category","embeddable":true,"href":"https:\/\/escueladeartesuperior.educacion.navarra.es\/web\/wp-json\/wp\/v2\/categories?post=54103"},{"taxonomy":"post_tag","embeddable":true,"href":"https:\/\/escueladeartesuperior.educacion.navarra.es\/web\/wp-json\/wp\/v2\/tags?post=54103"}],"curies":[{"name":"wp","href":"https:\/\/api.w.org\/{rel}","templated":true}]}}