{"id":53923,"date":"2026-03-13T01:09:20","date_gmt":"2026-03-13T00:09:20","guid":{"rendered":"https:\/\/escueladeartesuperior.educacion.navarra.es\/web\/?p=53923"},"modified":"2026-03-13T01:43:14","modified_gmt":"2026-03-13T00:43:14","slug":"construyendo-equilibrio-oreka-eraikiz-ya-esta-en-berriozar","status":"publish","type":"post","link":"https:\/\/escueladeartesuperior.educacion.navarra.es\/web\/blog\/construyendo-equilibrio-oreka-eraikiz-ya-esta-en-berriozar\/","title":{"rendered":"\u201cConstruyendo equilibrio \/ Oreka eraikiz\u201d ya est\u00e1 en Berriozar"},"content":{"rendered":"\t\t<div data-elementor-type=\"wp-post\" data-elementor-id=\"53923\" class=\"elementor elementor-53923\" data-elementor-post-type=\"post\">\n\t\t\t\t\t\t\t\t\t<section class=\"elementor-section elementor-top-section elementor-element elementor-element-fe4b098 elementor-section-boxed elementor-section-height-default elementor-section-height-default\" data-id=\"fe4b098\" data-element_type=\"section\">\n\t\t\t\t\t\t<div class=\"elementor-container elementor-column-gap-default\">\n\t\t\t\t\t<div class=\"elementor-column elementor-col-50 elementor-top-column elementor-element elementor-element-ce07562\" data-id=\"ce07562\" data-element_type=\"column\">\n\t\t\t<div class=\"elementor-widget-wrap elementor-element-populated\">\n\t\t\t\t\t\t\t\t<div class=\"elementor-element elementor-element-8f18d8f elementor-widget elementor-widget-image\" data-id=\"8f18d8f\" data-element_type=\"widget\" data-widget_type=\"image.default\">\n\t\t\t\t<div class=\"elementor-widget-container\">\n\t\t\t\t\t\t\t\t\t\t\t\t<figure class=\"wp-caption\">\n\t\t\t\t\t\t\t\t\t\t<img fetchpriority=\"high\" decoding=\"async\" width=\"1024\" height=\"683\" src=\"https:\/\/escueladeartesuperior.educacion.navarra.es\/web\/wp-content\/uploads\/2026\/03\/grupo-HUP-1024x683.jpg\" class=\"attachment-large size-large wp-image-53925\" alt=\"conjunto escult\u00f3rico del alumnado de T\u00e9cnicas escult\u00f3ricas\" srcset=\"https:\/\/escueladeartesuperior.educacion.navarra.es\/web\/wp-content\/uploads\/2026\/03\/grupo-HUP-1024x683.jpg 1024w, https:\/\/escueladeartesuperior.educacion.navarra.es\/web\/wp-content\/uploads\/2026\/03\/grupo-HUP-300x200.jpg 300w, https:\/\/escueladeartesuperior.educacion.navarra.es\/web\/wp-content\/uploads\/2026\/03\/grupo-HUP-768x512.jpg 768w, https:\/\/escueladeartesuperior.educacion.navarra.es\/web\/wp-content\/uploads\/2026\/03\/grupo-HUP.jpg 1500w\" sizes=\"(max-width: 1024px) 100vw, 1024px\" \/>\t\t\t\t\t\t\t\t\t\t\t<figcaption class=\"widget-image-caption wp-caption-text\">Gorka Garc\u00eda de Eulate Huarte, Benjam\u00edn Landa Ram\u00edrez, Jose Manuel S\u00e1nchez Zapata, Naia Eslava Chivite y H\u00e9ctor Urra Pombo <\/figcaption>\n\t\t\t\t\t\t\t\t\t\t<\/figure>\n\t\t\t\t\t\t\t\t\t<\/div>\n\t\t\t\t<\/div>\n\t\t\t\t\t<\/div>\n\t\t<\/div>\n\t\t\t\t<div class=\"elementor-column elementor-col-50 elementor-top-column elementor-element elementor-element-f97e6ad\" data-id=\"f97e6ad\" data-element_type=\"column\">\n\t\t\t<div class=\"elementor-widget-wrap elementor-element-populated\">\n\t\t\t\t\t\t\t\t<div class=\"elementor-element elementor-element-41a4fff elementor-widget elementor-widget-text-editor\" data-id=\"41a4fff\" data-element_type=\"widget\" data-widget_type=\"text-editor.default\">\n\t\t\t\t<div class=\"elementor-widget-container\">\n\t\t\t\t\t\t\t<h3><strong>Inauguraci\u00f3n de conjunto escult\u00f3rico en Berriozar.<\/strong><\/h3><p><span style=\"font-weight: 400;\">El <strong><a href=\"https:\/\/www.berriozar.es\/noticias\/\" target=\"_blank\" rel=\"noopener\">Ayuntamiento de Berriozar<\/a><\/strong> y la <strong><a href=\"https:\/\/escueladeartesuperior.educacion.navarra.es\/web\/\" target=\"_blank\" rel=\"noopener\">Escuela de Arte y Superior de Dise\u00f1o de Pamplona<\/a><\/strong> inauguran un conjunto escult\u00f3rico creado por el alumnado del <strong><a href=\"https:\/\/escueladeartesuperior.educacion.navarra.es\/web\/estudios\/ciclos-de-grado-superior\/tecnicas-escultoricas\/\" target=\"_blank\" rel=\"noopener\">Ciclo Superior de T\u00e9cnicas Escult\u00f3ricas<\/a><\/strong>.<\/span><\/p><p><span style=\"font-weight: 400;\">Las obras, dise\u00f1adas y realizadas durante el pasado curso por cuatro estudiantes, quedar\u00e1n instaladas de forma permanente junto a la entrada del Ayuntamiento gracias a un convenio de colaboraci\u00f3n entre ambas instituciones. A lo largo del proceso, el alumnado ha desarrollado el proyecto paso a paso con el acompa\u00f1amiento del profesorado y utilizando los talleres de dibujo, volumen, vaciado y talla en piedra.<\/span><\/p><p><span style=\"font-weight: 400;\">Bajo el t\u00edtulo <strong>\u201cConstruyendo equilibrio \/ Oreka eraikiz\u201d<\/strong>, el conjunto ha sido coordinado por el profesor de talla en piedra y madera <strong>H\u00e9ctor Urra<\/strong>, y realizado por el alumnado: <strong>Naia Eslava Chivite, Gorka Garc\u00eda de Eulate Huarte, Benjam\u00edn Landa Ram\u00edrez y Jose Manuel S\u00e1nchez Zapata<\/strong>. La obra representa a cuatro figuras (seres) de rasgos comunes, esculpidas en piedra arenisca, que interact\u00faan entre s\u00ed y con un grupo de cubos rojos, generando un di\u00e1logo pl\u00e1stico y visual lleno de equilibrio y movimiento.<\/span><\/p>\t\t\t\t\t\t<\/div>\n\t\t\t\t<\/div>\n\t\t\t\t\t<\/div>\n\t\t<\/div>\n\t\t\t\t\t\t\t<\/div>\n\t\t<\/section>\n\t\t\t\t<section class=\"elementor-section elementor-top-section elementor-element elementor-element-70849d3 elementor-section-boxed elementor-section-height-default elementor-section-height-default\" data-id=\"70849d3\" data-element_type=\"section\">\n\t\t\t\t\t\t<div class=\"elementor-container elementor-column-gap-default\">\n\t\t\t\t\t<div class=\"elementor-column elementor-col-50 elementor-top-column elementor-element elementor-element-94e9e23\" data-id=\"94e9e23\" data-element_type=\"column\">\n\t\t\t<div class=\"elementor-widget-wrap elementor-element-populated\">\n\t\t\t\t\t\t\t\t<div class=\"elementor-element elementor-element-edc1e9f elementor-widget elementor-widget-image\" data-id=\"edc1e9f\" data-element_type=\"widget\" data-widget_type=\"image.default\">\n\t\t\t\t<div class=\"elementor-widget-container\">\n\t\t\t\t\t\t\t\t\t\t\t\t\t\t\t<img decoding=\"async\" width=\"1024\" height=\"683\" src=\"https:\/\/escueladeartesuperior.educacion.navarra.es\/web\/wp-content\/uploads\/2026\/03\/HUP-4-1024x683.jpg\" class=\"attachment-large size-large wp-image-53926\" alt=\"conjunto escult\u00f3rico del alumnado de T\u00e9cnicas escult\u00f3ricas\" srcset=\"https:\/\/escueladeartesuperior.educacion.navarra.es\/web\/wp-content\/uploads\/2026\/03\/HUP-4-1024x683.jpg 1024w, https:\/\/escueladeartesuperior.educacion.navarra.es\/web\/wp-content\/uploads\/2026\/03\/HUP-4-300x200.jpg 300w, https:\/\/escueladeartesuperior.educacion.navarra.es\/web\/wp-content\/uploads\/2026\/03\/HUP-4-768x512.jpg 768w, https:\/\/escueladeartesuperior.educacion.navarra.es\/web\/wp-content\/uploads\/2026\/03\/HUP-4.jpg 1500w\" sizes=\"(max-width: 1024px) 100vw, 1024px\" \/>\t\t\t\t\t\t\t\t\t\t\t\t\t\t\t<\/div>\n\t\t\t\t<\/div>\n\t\t\t\t\t<\/div>\n\t\t<\/div>\n\t\t\t\t<div class=\"elementor-column elementor-col-50 elementor-top-column elementor-element elementor-element-1f4e778\" data-id=\"1f4e778\" data-element_type=\"column\">\n\t\t\t<div class=\"elementor-widget-wrap elementor-element-populated\">\n\t\t\t\t\t\t\t\t<div class=\"elementor-element elementor-element-b87fa69 elementor-widget elementor-widget-text-editor\" data-id=\"b87fa69\" data-element_type=\"widget\" data-widget_type=\"text-editor.default\">\n\t\t\t\t<div class=\"elementor-widget-container\">\n\t\t\t\t\t\t\t<p><span style=\"font-weight: 400;\">El acto de inauguraci\u00f3n tuvo lugar este mi\u00e9rcoles 11 de marzo, a las 12:00 horas, junto a la propia instalaci\u00f3n. En el evento participaron <strong>el alcalde de Berriozar, Iker Mariezcurrena Celaya; la Directora del Servicio de Planificaci\u00f3n e Integraci\u00f3n de la Formaci\u00f3n Profesional del Departamento de Educaci\u00f3n de Navarra, Sonia Garc\u00eda Cifuentes; el alumnado implicado en el proyecto; y H\u00e9ctor Urra como coordinador.<\/strong><\/span><\/p><p><span style=\"font-weight: 400;\">El convenio firmado entre ambas entidades busca impulsar la cultura y promover el talento joven, dinamizando los espacios p\u00fablicos de Berriozar. En este proyecto concreto, el Ayuntamiento asume los costes de los materiales, la instalaci\u00f3n y la identificaci\u00f3n de la autor\u00eda, mientras que el alumnado cede la obra de forma gratuita para su exposici\u00f3n permanente en un espacio p\u00fablico.<\/span><\/p><p><span style=\"font-weight: 400;\">Este proyecto no pretende sustituir el trabajo de profesionales del gremio, sino ofrecer al alumnado una experiencia real dentro del proceso de ense\u00f1anza aprendizaje. Vinculando algunas propuestas formativas en proyectos con entidades, el <strong><a href=\"https:\/\/escueladeartesuperior.educacion.navarra.es\/web\/estudios\/ciclos-de-grado-superior\/tecnicas-escultoricas\/\" target=\"_blank\" rel=\"noopener\">Ciclo de T\u00e9cnicas Escult\u00f3ricas<\/a><\/strong> busca incentivar el compromiso y la ilusi\u00f3n del alumnado, as\u00ed como premiar su implicaci\u00f3n. Las propuestas requieren cerca de un a\u00f1o de desarrollo, desde la idea inicial hasta su instalaci\u00f3n final, y su ejecuci\u00f3n se ajusta a los recursos del Centro y a los objetivos formativos del plan de estudios.<\/span><\/p>\t\t\t\t\t\t<\/div>\n\t\t\t\t<\/div>\n\t\t\t\t\t<\/div>\n\t\t<\/div>\n\t\t\t\t\t\t\t<\/div>\n\t\t<\/section>\n\t\t\t\t<section class=\"elementor-section elementor-top-section elementor-element elementor-element-fe6f8e4 elementor-section-boxed elementor-section-height-default elementor-section-height-default\" data-id=\"fe6f8e4\" data-element_type=\"section\">\n\t\t\t\t\t\t<div class=\"elementor-container elementor-column-gap-default\">\n\t\t\t\t\t<div class=\"elementor-column elementor-col-100 elementor-top-column elementor-element elementor-element-3f5ed2e\" data-id=\"3f5ed2e\" data-element_type=\"column\">\n\t\t\t<div class=\"elementor-widget-wrap elementor-element-populated\">\n\t\t\t\t\t\t\t\t<div class=\"elementor-element elementor-element-9c7188d elementor-widget elementor-widget-heading\" data-id=\"9c7188d\" data-element_type=\"widget\" data-widget_type=\"heading.default\">\n\t\t\t\t<div class=\"elementor-widget-container\">\n\t\t\t<h3 class=\"elementor-heading-title elementor-size-default\">La inauguraci\u00f3n en los medios<\/h3>\t\t<\/div>\n\t\t\t\t<\/div>\n\t\t\t\t\t<\/div>\n\t\t<\/div>\n\t\t\t\t\t\t\t<\/div>\n\t\t<\/section>\n\t\t\t\t<section class=\"elementor-section elementor-top-section elementor-element elementor-element-7787bbf elementor-section-boxed elementor-section-height-default elementor-section-height-default\" data-id=\"7787bbf\" data-element_type=\"section\">\n\t\t\t\t\t\t<div class=\"elementor-container elementor-column-gap-default\">\n\t\t\t\t\t<div class=\"elementor-column elementor-col-25 elementor-top-column elementor-element elementor-element-1d555d2\" data-id=\"1d555d2\" data-element_type=\"column\">\n\t\t\t<div class=\"elementor-widget-wrap elementor-element-populated\">\n\t\t\t\t\t\t\t\t<div class=\"elementor-element elementor-element-09a08b7 elementor-widget elementor-widget-image\" data-id=\"09a08b7\" data-element_type=\"widget\" data-widget_type=\"image.default\">\n\t\t\t\t<div class=\"elementor-widget-container\">\n\t\t\t\t\t\t\t\t\t\t\t\t\t\t\t\t<a href=\"https:\/\/www.noticiasdenavarra.com\/navarra\/comarca-de-pamplona\/2026\/03\/11\/obra-equilibrios-berriozar-10810452.html\" target=\"_blank\">\n\t\t\t\t\t\t\t<img decoding=\"async\" width=\"300\" height=\"150\" src=\"https:\/\/escueladeartesuperior.educacion.navarra.es\/web\/wp-content\/uploads\/2026\/03\/Diario-de-noticias-navarra.gif\" class=\"attachment-large size-large wp-image-53965\" alt=\"\" \/>\t\t\t\t\t\t\t\t<\/a>\n\t\t\t\t\t\t\t\t\t\t\t\t\t\t\t<\/div>\n\t\t\t\t<\/div>\n\t\t\t\t\t<\/div>\n\t\t<\/div>\n\t\t\t\t<div class=\"elementor-column elementor-col-25 elementor-top-column elementor-element elementor-element-ce9f9d5\" data-id=\"ce9f9d5\" data-element_type=\"column\">\n\t\t\t<div class=\"elementor-widget-wrap elementor-element-populated\">\n\t\t\t\t\t\t\t\t<div class=\"elementor-element elementor-element-9f81405 elementor-widget elementor-widget-image\" data-id=\"9f81405\" data-element_type=\"widget\" data-widget_type=\"image.default\">\n\t\t\t\t<div class=\"elementor-widget-container\">\n\t\t\t\t\t\t\t\t\t\t\t\t\t\t\t\t<a href=\"https:\/\/www.diariodenavarra.es\/noticias\/navarra\/pamplona-comarca\/2026\/03\/12\/escultura-ocho-manos-813212-16.html\" target=\"_blank\">\n\t\t\t\t\t\t\t<img loading=\"lazy\" decoding=\"async\" width=\"1024\" height=\"535\" src=\"https:\/\/escueladeartesuperior.educacion.navarra.es\/web\/wp-content\/uploads\/2026\/03\/logo-diario-de-navarra.png\" class=\"attachment-large size-large wp-image-53966\" alt=\"\" srcset=\"https:\/\/escueladeartesuperior.educacion.navarra.es\/web\/wp-content\/uploads\/2026\/03\/logo-diario-de-navarra.png 1024w, https:\/\/escueladeartesuperior.educacion.navarra.es\/web\/wp-content\/uploads\/2026\/03\/logo-diario-de-navarra-300x157.png 300w, https:\/\/escueladeartesuperior.educacion.navarra.es\/web\/wp-content\/uploads\/2026\/03\/logo-diario-de-navarra-768x401.png 768w\" sizes=\"(max-width: 1024px) 100vw, 1024px\" \/>\t\t\t\t\t\t\t\t<\/a>\n\t\t\t\t\t\t\t\t\t\t\t\t\t\t\t<\/div>\n\t\t\t\t<\/div>\n\t\t\t\t\t<\/div>\n\t\t<\/div>\n\t\t\t\t<div class=\"elementor-column elementor-col-25 elementor-top-column elementor-element elementor-element-a4a938f\" data-id=\"a4a938f\" data-element_type=\"column\">\n\t\t\t<div class=\"elementor-widget-wrap elementor-element-populated\">\n\t\t\t\t\t\t\t\t<div class=\"elementor-element elementor-element-f47ead5 elementor-widget elementor-widget-image\" data-id=\"f47ead5\" data-element_type=\"widget\" data-widget_type=\"image.default\">\n\t\t\t\t<div class=\"elementor-widget-container\">\n\t\t\t\t\t\t\t\t\t\t\t\t\t\t\t\t<a href=\"https:\/\/pamplonaactual.com\/berriozar\/388919\/berriozar-inaugura-un-conjunto-escultorico-creado-por-alumnado-de-la-escuela-de-arte-de-pamplona\/\" target=\"_blank\">\n\t\t\t\t\t\t\t<img loading=\"lazy\" decoding=\"async\" width=\"1024\" height=\"329\" src=\"https:\/\/escueladeartesuperior.educacion.navarra.es\/web\/wp-content\/uploads\/2026\/03\/pamplonaactual-1024x329.png\" class=\"attachment-large size-large wp-image-54004\" alt=\"\" srcset=\"https:\/\/escueladeartesuperior.educacion.navarra.es\/web\/wp-content\/uploads\/2026\/03\/pamplonaactual-1024x329.png 1024w, https:\/\/escueladeartesuperior.educacion.navarra.es\/web\/wp-content\/uploads\/2026\/03\/pamplonaactual-300x96.png 300w, https:\/\/escueladeartesuperior.educacion.navarra.es\/web\/wp-content\/uploads\/2026\/03\/pamplonaactual-768x247.png 768w, https:\/\/escueladeartesuperior.educacion.navarra.es\/web\/wp-content\/uploads\/2026\/03\/pamplonaactual.png 1310w\" sizes=\"(max-width: 1024px) 100vw, 1024px\" \/>\t\t\t\t\t\t\t\t<\/a>\n\t\t\t\t\t\t\t\t\t\t\t\t\t\t\t<\/div>\n\t\t\t\t<\/div>\n\t\t\t\t\t<\/div>\n\t\t<\/div>\n\t\t\t\t<div class=\"elementor-column elementor-col-25 elementor-top-column elementor-element elementor-element-f306e38\" data-id=\"f306e38\" data-element_type=\"column\">\n\t\t\t<div class=\"elementor-widget-wrap elementor-element-populated\">\n\t\t\t\t\t\t\t\t<div class=\"elementor-element elementor-element-aa00780 elementor-widget elementor-widget-image\" data-id=\"aa00780\" data-element_type=\"widget\" data-widget_type=\"image.default\">\n\t\t\t\t<div class=\"elementor-widget-container\">\n\t\t\t\t\t\t\t\t\t\t\t\t<figure class=\"wp-caption\">\n\t\t\t\t\t\t\t\t\t\t\t<a href=\"https:\/\/www.rtve.es\/play\/videos\/telenavarra\/telenavarra-11-03-2026\/16975938\/%20(desde%20el%20minuto%2020)\">\n\t\t\t\t\t\t\t<img loading=\"lazy\" decoding=\"async\" width=\"435\" height=\"196\" src=\"https:\/\/escueladeartesuperior.educacion.navarra.es\/web\/wp-content\/uploads\/2026\/03\/navarraTVE.png\" class=\"attachment-large size-large wp-image-53969\" alt=\"\" srcset=\"https:\/\/escueladeartesuperior.educacion.navarra.es\/web\/wp-content\/uploads\/2026\/03\/navarraTVE.png 435w, https:\/\/escueladeartesuperior.educacion.navarra.es\/web\/wp-content\/uploads\/2026\/03\/navarraTVE-300x135.png 300w\" sizes=\"(max-width: 435px) 100vw, 435px\" \/>\t\t\t\t\t\t\t\t<\/a>\n\t\t\t\t\t\t\t\t\t\t\t<figcaption class=\"widget-image-caption wp-caption-text\">(desde el minuto 20)<\/figcaption>\n\t\t\t\t\t\t\t\t\t\t<\/figure>\n\t\t\t\t\t\t\t\t\t<\/div>\n\t\t\t\t<\/div>\n\t\t\t\t\t<\/div>\n\t\t<\/div>\n\t\t\t\t\t\t\t<\/div>\n\t\t<\/section>\n\t\t\t\t<section class=\"elementor-section elementor-top-section elementor-element elementor-element-6a19931 elementor-section-boxed elementor-section-height-default elementor-section-height-default\" data-id=\"6a19931\" data-element_type=\"section\">\n\t\t\t\t\t\t<div class=\"elementor-container elementor-column-gap-default\">\n\t\t\t\t\t<div class=\"elementor-column elementor-col-100 elementor-top-column elementor-element elementor-element-c3d72fe\" data-id=\"c3d72fe\" data-element_type=\"column\">\n\t\t\t<div class=\"elementor-widget-wrap elementor-element-populated\">\n\t\t\t\t\t\t\t\t<div class=\"elementor-element elementor-element-8bdde8d elementor-widget elementor-widget-heading\" data-id=\"8bdde8d\" data-element_type=\"widget\" data-widget_type=\"heading.default\">\n\t\t\t\t<div class=\"elementor-widget-container\">\n\t\t\t<h3 class=\"elementor-heading-title elementor-size-default\">El proyecto en im\u00e1genes<\/h3>\t\t<\/div>\n\t\t\t\t<\/div>\n\t\t\t\t\t<\/div>\n\t\t<\/div>\n\t\t\t\t\t\t\t<\/div>\n\t\t<\/section>\n\t\t\t\t<section class=\"elementor-section elementor-top-section elementor-element elementor-element-b5e0b95 elementor-section-boxed elementor-section-height-default elementor-section-height-default\" data-id=\"b5e0b95\" data-element_type=\"section\">\n\t\t\t\t\t\t<div class=\"elementor-container elementor-column-gap-default\">\n\t\t\t\t\t<div class=\"elementor-column elementor-col-100 elementor-top-column elementor-element elementor-element-df0b95b\" data-id=\"df0b95b\" data-element_type=\"column\">\n\t\t\t<div class=\"elementor-widget-wrap elementor-element-populated\">\n\t\t\t\t\t\t\t\t<div class=\"elementor-element elementor-element-f011999 elementor-widget elementor-widget-gallery\" data-id=\"f011999\" data-element_type=\"widget\" data-settings=\"{&quot;columns&quot;:3,&quot;lazyload&quot;:&quot;yes&quot;,&quot;gallery_layout&quot;:&quot;grid&quot;,&quot;columns_tablet&quot;:2,&quot;columns_mobile&quot;:1,&quot;gap&quot;:{&quot;unit&quot;:&quot;px&quot;,&quot;size&quot;:10,&quot;sizes&quot;:[]},&quot;gap_tablet&quot;:{&quot;unit&quot;:&quot;px&quot;,&quot;size&quot;:10,&quot;sizes&quot;:[]},&quot;gap_mobile&quot;:{&quot;unit&quot;:&quot;px&quot;,&quot;size&quot;:10,&quot;sizes&quot;:[]},&quot;link_to&quot;:&quot;file&quot;,&quot;aspect_ratio&quot;:&quot;3:2&quot;,&quot;overlay_background&quot;:&quot;yes&quot;,&quot;content_hover_animation&quot;:&quot;fade-in&quot;}\" data-widget_type=\"gallery.default\">\n\t\t\t\t<div class=\"elementor-widget-container\">\n\t\t\t\t\t<div class=\"elementor-gallery__container\">\n\t\t\t\t\t\t\t<a class=\"e-gallery-item elementor-gallery-item elementor-animated-content\" href=\"https:\/\/escueladeartesuperior.educacion.navarra.es\/web\/wp-content\/uploads\/2026\/03\/Benjamin-Landa-Ramirez-HUP.jpg\" data-elementor-open-lightbox=\"yes\" data-elementor-lightbox-slideshow=\"f011999\" data-elementor-lightbox-title=\"Benjam\u00edn-Landa-Ram\u00edrez-HUP\" data-e-action-hash=\"#elementor-action%3Aaction%3Dlightbox%26settings%3DeyJpZCI6NTM5NDcsInVybCI6Imh0dHBzOlwvXC9lc2N1ZWxhZGVhcnRlc3VwZXJpb3IuZWR1Y2FjaW9uLm5hdmFycmEuZXNcL3dlYlwvd3AtY29udGVudFwvdXBsb2Fkc1wvMjAyNlwvMDNcL0JlbmphbWluLUxhbmRhLVJhbWlyZXotSFVQLmpwZyIsInNsaWRlc2hvdyI6ImYwMTE5OTkifQ%3D%3D\">\n\t\t\t\t\t<div class=\"e-gallery-image elementor-gallery-item__image\" data-thumbnail=\"https:\/\/escueladeartesuperior.educacion.navarra.es\/web\/wp-content\/uploads\/2026\/03\/Benjamin-Landa-Ramirez-HUP-300x200.jpg\" data-width=\"300\" data-height=\"200\" aria-label=\"\" role=\"img\" ><\/div>\n\t\t\t\t\t\t\t\t\t\t\t<div class=\"elementor-gallery-item__overlay\"><\/div>\n\t\t\t\t\t\t\t\t\t\t\t\t\t\t<\/a>\n\t\t\t\t\t\t\t<a class=\"e-gallery-item elementor-gallery-item elementor-animated-content\" href=\"https:\/\/escueladeartesuperior.educacion.navarra.es\/web\/wp-content\/uploads\/2026\/03\/Naia-Eslava-Chivite-HUP.jpg\" data-elementor-open-lightbox=\"yes\" data-elementor-lightbox-slideshow=\"f011999\" data-elementor-lightbox-title=\"Naia-Eslava-Chivite-HUP\" data-e-action-hash=\"#elementor-action%3Aaction%3Dlightbox%26settings%3DeyJpZCI6NTM5NDUsInVybCI6Imh0dHBzOlwvXC9lc2N1ZWxhZGVhcnRlc3VwZXJpb3IuZWR1Y2FjaW9uLm5hdmFycmEuZXNcL3dlYlwvd3AtY29udGVudFwvdXBsb2Fkc1wvMjAyNlwvMDNcL05haWEtRXNsYXZhLUNoaXZpdGUtSFVQLmpwZyIsInNsaWRlc2hvdyI6ImYwMTE5OTkifQ%3D%3D\">\n\t\t\t\t\t<div class=\"e-gallery-image elementor-gallery-item__image\" data-thumbnail=\"https:\/\/escueladeartesuperior.educacion.navarra.es\/web\/wp-content\/uploads\/2026\/03\/Naia-Eslava-Chivite-HUP-200x300.jpg\" data-width=\"200\" data-height=\"300\" aria-label=\"\" role=\"img\" ><\/div>\n\t\t\t\t\t\t\t\t\t\t\t<div class=\"elementor-gallery-item__overlay\"><\/div>\n\t\t\t\t\t\t\t\t\t\t\t\t\t\t<\/a>\n\t\t\t\t\t\t\t<a class=\"e-gallery-item elementor-gallery-item elementor-animated-content\" href=\"https:\/\/escueladeartesuperior.educacion.navarra.es\/web\/wp-content\/uploads\/2026\/03\/Jose-Manuel-Sanchez-Zapata-HUP.jpg\" data-elementor-open-lightbox=\"yes\" data-elementor-lightbox-slideshow=\"f011999\" data-elementor-lightbox-title=\"Jose-Manuel-S\u00e1nchez-Zapata-HUP\" data-e-action-hash=\"#elementor-action%3Aaction%3Dlightbox%26settings%3DeyJpZCI6NTM5NDQsInVybCI6Imh0dHBzOlwvXC9lc2N1ZWxhZGVhcnRlc3VwZXJpb3IuZWR1Y2FjaW9uLm5hdmFycmEuZXNcL3dlYlwvd3AtY29udGVudFwvdXBsb2Fkc1wvMjAyNlwvMDNcL0pvc2UtTWFudWVsLVNhbmNoZXotWmFwYXRhLUhVUC5qcGciLCJzbGlkZXNob3ciOiJmMDExOTk5In0%3D\">\n\t\t\t\t\t<div class=\"e-gallery-image elementor-gallery-item__image\" data-thumbnail=\"https:\/\/escueladeartesuperior.educacion.navarra.es\/web\/wp-content\/uploads\/2026\/03\/Jose-Manuel-Sanchez-Zapata-HUP-200x300.jpg\" data-width=\"200\" data-height=\"300\" aria-label=\"\" role=\"img\" ><\/div>\n\t\t\t\t\t\t\t\t\t\t\t<div class=\"elementor-gallery-item__overlay\"><\/div>\n\t\t\t\t\t\t\t\t\t\t\t\t\t\t<\/a>\n\t\t\t\t\t\t\t<a class=\"e-gallery-item elementor-gallery-item elementor-animated-content\" href=\"https:\/\/escueladeartesuperior.educacion.navarra.es\/web\/wp-content\/uploads\/2026\/03\/Gorka-Garcia-de-Eulate-Huarte-HUP.jpg\" data-elementor-open-lightbox=\"yes\" data-elementor-lightbox-slideshow=\"f011999\" data-elementor-lightbox-title=\"Gorka-Garc\u00eda-de-Eulate-Huarte-HUP\" data-e-action-hash=\"#elementor-action%3Aaction%3Dlightbox%26settings%3DeyJpZCI6NTM5NDMsInVybCI6Imh0dHBzOlwvXC9lc2N1ZWxhZGVhcnRlc3VwZXJpb3IuZWR1Y2FjaW9uLm5hdmFycmEuZXNcL3dlYlwvd3AtY29udGVudFwvdXBsb2Fkc1wvMjAyNlwvMDNcL0dvcmthLUdhcmNpYS1kZS1FdWxhdGUtSHVhcnRlLUhVUC5qcGciLCJzbGlkZXNob3ciOiJmMDExOTk5In0%3D\">\n\t\t\t\t\t<div class=\"e-gallery-image elementor-gallery-item__image\" data-thumbnail=\"https:\/\/escueladeartesuperior.educacion.navarra.es\/web\/wp-content\/uploads\/2026\/03\/Gorka-Garcia-de-Eulate-Huarte-HUP-300x200.jpg\" data-width=\"300\" data-height=\"200\" aria-label=\"\" role=\"img\" ><\/div>\n\t\t\t\t\t\t\t\t\t\t\t<div class=\"elementor-gallery-item__overlay\"><\/div>\n\t\t\t\t\t\t\t\t\t\t\t\t\t\t<\/a>\n\t\t\t\t\t\t\t<a class=\"e-gallery-item elementor-gallery-item elementor-animated-content\" href=\"https:\/\/escueladeartesuperior.educacion.navarra.es\/web\/wp-content\/uploads\/2026\/03\/Planteo-con-Marmoles-Santos.jpg\" data-elementor-open-lightbox=\"yes\" data-elementor-lightbox-slideshow=\"f011999\" data-elementor-lightbox-title=\"Planteo-con-M\u00e1rmoles-Santos\" data-e-action-hash=\"#elementor-action%3Aaction%3Dlightbox%26settings%3DeyJpZCI6NTM5NDAsInVybCI6Imh0dHBzOlwvXC9lc2N1ZWxhZGVhcnRlc3VwZXJpb3IuZWR1Y2FjaW9uLm5hdmFycmEuZXNcL3dlYlwvd3AtY29udGVudFwvdXBsb2Fkc1wvMjAyNlwvMDNcL1BsYW50ZW8tY29uLU1hcm1vbGVzLVNhbnRvcy5qcGciLCJzbGlkZXNob3ciOiJmMDExOTk5In0%3D\">\n\t\t\t\t\t<div class=\"e-gallery-image elementor-gallery-item__image\" data-thumbnail=\"https:\/\/escueladeartesuperior.educacion.navarra.es\/web\/wp-content\/uploads\/2026\/03\/Planteo-con-Marmoles-Santos-300x200.jpg\" data-width=\"300\" data-height=\"200\" aria-label=\"\" role=\"img\" ><\/div>\n\t\t\t\t\t\t\t\t\t\t\t<div class=\"elementor-gallery-item__overlay\"><\/div>\n\t\t\t\t\t\t\t\t\t\t\t\t\t\t<\/a>\n\t\t\t\t\t\t\t<a class=\"e-gallery-item elementor-gallery-item elementor-animated-content\" href=\"https:\/\/escueladeartesuperior.educacion.navarra.es\/web\/wp-content\/uploads\/2026\/03\/HUP-1.jpg\" data-elementor-open-lightbox=\"yes\" data-elementor-lightbox-slideshow=\"f011999\" data-elementor-lightbox-title=\"HUP-1\" data-e-action-hash=\"#elementor-action%3Aaction%3Dlightbox%26settings%3DeyJpZCI6NTM5NDIsInVybCI6Imh0dHBzOlwvXC9lc2N1ZWxhZGVhcnRlc3VwZXJpb3IuZWR1Y2FjaW9uLm5hdmFycmEuZXNcL3dlYlwvd3AtY29udGVudFwvdXBsb2Fkc1wvMjAyNlwvMDNcL0hVUC0xLmpwZyIsInNsaWRlc2hvdyI6ImYwMTE5OTkifQ%3D%3D\">\n\t\t\t\t\t<div class=\"e-gallery-image elementor-gallery-item__image\" data-thumbnail=\"https:\/\/escueladeartesuperior.educacion.navarra.es\/web\/wp-content\/uploads\/2026\/03\/HUP-1-300x200.jpg\" data-width=\"300\" data-height=\"200\" aria-label=\"\" role=\"img\" ><\/div>\n\t\t\t\t\t\t\t\t\t\t\t<div class=\"elementor-gallery-item__overlay\"><\/div>\n\t\t\t\t\t\t\t\t\t\t\t\t\t\t<\/a>\n\t\t\t\t\t\t\t<a class=\"e-gallery-item elementor-gallery-item elementor-animated-content\" href=\"https:\/\/escueladeartesuperior.educacion.navarra.es\/web\/wp-content\/uploads\/2026\/03\/HUP-6.jpg\" data-elementor-open-lightbox=\"yes\" data-elementor-lightbox-slideshow=\"f011999\" data-elementor-lightbox-title=\"HUP-6\" data-e-action-hash=\"#elementor-action%3Aaction%3Dlightbox%26settings%3DeyJpZCI6NTM5NDgsInVybCI6Imh0dHBzOlwvXC9lc2N1ZWxhZGVhcnRlc3VwZXJpb3IuZWR1Y2FjaW9uLm5hdmFycmEuZXNcL3dlYlwvd3AtY29udGVudFwvdXBsb2Fkc1wvMjAyNlwvMDNcL0hVUC02LmpwZyIsInNsaWRlc2hvdyI6ImYwMTE5OTkifQ%3D%3D\">\n\t\t\t\t\t<div class=\"e-gallery-image elementor-gallery-item__image\" data-thumbnail=\"https:\/\/escueladeartesuperior.educacion.navarra.es\/web\/wp-content\/uploads\/2026\/03\/HUP-6-300x225.jpg\" data-width=\"300\" data-height=\"225\" aria-label=\"\" role=\"img\" ><\/div>\n\t\t\t\t\t\t\t\t\t\t\t<div class=\"elementor-gallery-item__overlay\"><\/div>\n\t\t\t\t\t\t\t\t\t\t\t\t\t\t<\/a>\n\t\t\t\t\t\t\t<a class=\"e-gallery-item elementor-gallery-item elementor-animated-content\" href=\"https:\/\/escueladeartesuperior.educacion.navarra.es\/web\/wp-content\/uploads\/2026\/03\/HUP-2.jpg\" data-elementor-open-lightbox=\"yes\" data-elementor-lightbox-slideshow=\"f011999\" data-elementor-lightbox-title=\"HUP-2\" data-e-action-hash=\"#elementor-action%3Aaction%3Dlightbox%26settings%3DeyJpZCI6NTM5NDEsInVybCI6Imh0dHBzOlwvXC9lc2N1ZWxhZGVhcnRlc3VwZXJpb3IuZWR1Y2FjaW9uLm5hdmFycmEuZXNcL3dlYlwvd3AtY29udGVudFwvdXBsb2Fkc1wvMjAyNlwvMDNcL0hVUC0yLmpwZyIsInNsaWRlc2hvdyI6ImYwMTE5OTkifQ%3D%3D\">\n\t\t\t\t\t<div class=\"e-gallery-image elementor-gallery-item__image\" data-thumbnail=\"https:\/\/escueladeartesuperior.educacion.navarra.es\/web\/wp-content\/uploads\/2026\/03\/HUP-2-300x200.jpg\" data-width=\"300\" data-height=\"200\" aria-label=\"\" role=\"img\" ><\/div>\n\t\t\t\t\t\t\t\t\t\t\t<div class=\"elementor-gallery-item__overlay\"><\/div>\n\t\t\t\t\t\t\t\t\t\t\t\t\t\t<\/a>\n\t\t\t\t\t\t\t<a class=\"e-gallery-item elementor-gallery-item elementor-animated-content\" href=\"https:\/\/escueladeartesuperior.educacion.navarra.es\/web\/wp-content\/uploads\/2026\/03\/HUP-3.jpg\" data-elementor-open-lightbox=\"yes\" data-elementor-lightbox-slideshow=\"f011999\" data-elementor-lightbox-title=\"HUP-3\" data-e-action-hash=\"#elementor-action%3Aaction%3Dlightbox%26settings%3DeyJpZCI6NTM5NDYsInVybCI6Imh0dHBzOlwvXC9lc2N1ZWxhZGVhcnRlc3VwZXJpb3IuZWR1Y2FjaW9uLm5hdmFycmEuZXNcL3dlYlwvd3AtY29udGVudFwvdXBsb2Fkc1wvMjAyNlwvMDNcL0hVUC0zLmpwZyIsInNsaWRlc2hvdyI6ImYwMTE5OTkifQ%3D%3D\">\n\t\t\t\t\t<div class=\"e-gallery-image elementor-gallery-item__image\" data-thumbnail=\"https:\/\/escueladeartesuperior.educacion.navarra.es\/web\/wp-content\/uploads\/2026\/03\/HUP-3-300x200.jpg\" data-width=\"300\" data-height=\"200\" aria-label=\"\" role=\"img\" ><\/div>\n\t\t\t\t\t\t\t\t\t\t\t<div class=\"elementor-gallery-item__overlay\"><\/div>\n\t\t\t\t\t\t\t\t\t\t\t\t\t\t<\/a>\n\t\t\t\t\t<\/div>\n\t\t\t<\/div>\n\t\t\t\t<\/div>\n\t\t\t\t\t<\/div>\n\t\t<\/div>\n\t\t\t\t\t\t\t<\/div>\n\t\t<\/section>\n\t\t\t\t\t\t\t<\/div>\n\t\t","protected":false},"excerpt":{"rendered":"<p>Gorka Garc\u00eda de Eulate Huarte, Benjam\u00edn Landa Ram\u00edrez, Jose Manuel S\u00e1nchez Zapata, Naia Eslava Chivite y H\u00e9ctor Urra Pombo Inauguraci\u00f3n de conjunto escult\u00f3rico en Berriozar. El Ayuntamiento de Berriozar y la Escuela de Arte y Superior de Dise\u00f1o de Pamplona inauguran un conjunto escult\u00f3rico creado por el alumnado del Ciclo Superior de T\u00e9cnicas Escult\u00f3ricas. Las [&hellip;]<\/p>\n","protected":false},"author":1,"featured_media":53961,"comment_status":"open","ping_status":"closed","sticky":false,"template":"","format":"standard","meta":{"_genesis_hide_title":false,"_genesis_hide_breadcrumbs":false,"_genesis_hide_singular_image":false,"_genesis_hide_footer_widgets":false,"_genesis_custom_body_class":"","_genesis_custom_post_class":"","_genesis_layout":"","footnotes":""},"categories":[1314,1020,1067,4,36,1104,31,12,33,37,905,1123,1,142,1342],"tags":[1417,1415,8,1416,10,768],"_links":{"self":[{"href":"https:\/\/escueladeartesuperior.educacion.navarra.es\/web\/wp-json\/wp\/v2\/posts\/53923"}],"collection":[{"href":"https:\/\/escueladeartesuperior.educacion.navarra.es\/web\/wp-json\/wp\/v2\/posts"}],"about":[{"href":"https:\/\/escueladeartesuperior.educacion.navarra.es\/web\/wp-json\/wp\/v2\/types\/post"}],"author":[{"embeddable":true,"href":"https:\/\/escueladeartesuperior.educacion.navarra.es\/web\/wp-json\/wp\/v2\/users\/1"}],"replies":[{"embeddable":true,"href":"https:\/\/escueladeartesuperior.educacion.navarra.es\/web\/wp-json\/wp\/v2\/comments?post=53923"}],"version-history":[{"count":55,"href":"https:\/\/escueladeartesuperior.educacion.navarra.es\/web\/wp-json\/wp\/v2\/posts\/53923\/revisions"}],"predecessor-version":[{"id":54022,"href":"https:\/\/escueladeartesuperior.educacion.navarra.es\/web\/wp-json\/wp\/v2\/posts\/53923\/revisions\/54022"}],"wp:featuredmedia":[{"embeddable":true,"href":"https:\/\/escueladeartesuperior.educacion.navarra.es\/web\/wp-json\/wp\/v2\/media\/53961"}],"wp:attachment":[{"href":"https:\/\/escueladeartesuperior.educacion.navarra.es\/web\/wp-json\/wp\/v2\/media?parent=53923"}],"wp:term":[{"taxonomy":"category","embeddable":true,"href":"https:\/\/escueladeartesuperior.educacion.navarra.es\/web\/wp-json\/wp\/v2\/categories?post=53923"},{"taxonomy":"post_tag","embeddable":true,"href":"https:\/\/escueladeartesuperior.educacion.navarra.es\/web\/wp-json\/wp\/v2\/tags?post=53923"}],"curies":[{"name":"wp","href":"https:\/\/api.w.org\/{rel}","templated":true}]}}