{"id":53790,"date":"2026-03-07T18:52:59","date_gmt":"2026-03-07T17:52:59","guid":{"rendered":"https:\/\/escueladeartesuperior.educacion.navarra.es\/web\/?p=53790"},"modified":"2026-03-07T18:53:00","modified_gmt":"2026-03-07T17:53:00","slug":"mecanica-de-la-escritura-taller-de-caligrafia","status":"publish","type":"post","link":"https:\/\/escueladeartesuperior.educacion.navarra.es\/web\/blog\/mecanica-de-la-escritura-taller-de-caligrafia\/","title":{"rendered":"M\u00e9canica de la Escritura. Taller de caligraf\u00eda"},"content":{"rendered":"\t\t<div data-elementor-type=\"wp-post\" data-elementor-id=\"53790\" class=\"elementor elementor-53790\" data-elementor-post-type=\"post\">\n\t\t\t\t\t\t\t\t\t<section class=\"elementor-section elementor-top-section elementor-element elementor-element-9c753f0 elementor-section-boxed elementor-section-height-default elementor-section-height-default\" data-id=\"9c753f0\" data-element_type=\"section\">\n\t\t\t\t\t\t<div class=\"elementor-container elementor-column-gap-default\">\n\t\t\t\t\t<div class=\"elementor-column elementor-col-50 elementor-top-column elementor-element elementor-element-9ab39c4\" data-id=\"9ab39c4\" data-element_type=\"column\">\n\t\t\t<div class=\"elementor-widget-wrap elementor-element-populated\">\n\t\t\t\t\t\t\t\t<div class=\"elementor-element elementor-element-da1ba49 elementor-widget elementor-widget-image\" data-id=\"da1ba49\" data-element_type=\"widget\" data-widget_type=\"image.default\">\n\t\t\t\t<div class=\"elementor-widget-container\">\n\t\t\t\t\t\t\t\t\t\t\t\t\t\t\t<img fetchpriority=\"high\" decoding=\"async\" width=\"819\" height=\"1024\" src=\"https:\/\/escueladeartesuperior.educacion.navarra.es\/web\/wp-content\/uploads\/2026\/03\/6M_Maria-Montes-819x1024.png\" class=\"attachment-large size-large wp-image-53799\" alt=\"\" srcset=\"https:\/\/escueladeartesuperior.educacion.navarra.es\/web\/wp-content\/uploads\/2026\/03\/6M_Maria-Montes-819x1024.png 819w, https:\/\/escueladeartesuperior.educacion.navarra.es\/web\/wp-content\/uploads\/2026\/03\/6M_Maria-Montes-240x300.png 240w, https:\/\/escueladeartesuperior.educacion.navarra.es\/web\/wp-content\/uploads\/2026\/03\/6M_Maria-Montes-768x960.png 768w, https:\/\/escueladeartesuperior.educacion.navarra.es\/web\/wp-content\/uploads\/2026\/03\/6M_Maria-Montes-1229x1536.png 1229w, https:\/\/escueladeartesuperior.educacion.navarra.es\/web\/wp-content\/uploads\/2026\/03\/6M_Maria-Montes.png 1440w\" sizes=\"(max-width: 819px) 100vw, 819px\" \/>\t\t\t\t\t\t\t\t\t\t\t\t\t\t\t<\/div>\n\t\t\t\t<\/div>\n\t\t\t\t\t<\/div>\n\t\t<\/div>\n\t\t\t\t<div class=\"elementor-column elementor-col-50 elementor-top-column elementor-element elementor-element-c9bbc3e\" data-id=\"c9bbc3e\" data-element_type=\"column\">\n\t\t\t<div class=\"elementor-widget-wrap elementor-element-populated\">\n\t\t\t\t\t\t\t\t<div class=\"elementor-element elementor-element-4782137 elementor-widget elementor-widget-text-editor\" data-id=\"4782137\" data-element_type=\"widget\" data-widget_type=\"text-editor.default\">\n\t\t\t\t<div class=\"elementor-widget-container\">\n\t\t\t\t\t\t\t<p data-start=\"64\" data-end=\"441\">Este <strong data-start=\"74\" data-end=\"96\">viernes 6 de marzo<\/strong>, el alumnado de la Escuela particip\u00f3 en el taller <strong data-start=\"147\" data-end=\"177\">\u201cMec\u00e1nica de la escritura\u201d<\/strong>, impartido online por la dise\u00f1adora de letras <a href=\"https:\/\/www.mariamontes.net\/\" target=\"_blank\" rel=\"noopener\"><strong data-start=\"224\" data-end=\"240\">Mar\u00eda Montes<\/strong><\/a>, conectada desde Australia donde reside. La actividad\u00a0forma parte de la programaci\u00f3n del festival <a href=\"https:\/\/itinerariosdecaligrafia.com\/conferencias\" target=\"_blank\" rel=\"noopener\"><strong data-start=\"387\" data-end=\"440\">Itinerarios de Caligraf\u00eda \u00b7 Kaligrafia Ibilbideak<\/strong>.<\/a><\/p><p data-start=\"443\" data-end=\"845\">Desde sus aulas y <strong data-start=\"494\" data-end=\"523\">a trav\u00e9s de las pantallas interactivas<\/strong>, el alumnado pudo seguir la sesi\u00f3n, trabajando con el <strong data-start=\"543\" data-end=\"617\">material espec\u00edfico recomendado previamente por la propia Mar\u00eda Montes<\/strong> para poder realizar los ejercicios en directo mientras la dise\u00f1adora explicaba el proceso. Esta din\u00e1mica permiti\u00f3 combinar explicaci\u00f3n te\u00f3rica y pr\u00e1ctica, favoreciendo una comprensi\u00f3n directa de los fundamentos de la escritura.<\/p><p data-start=\"847\" data-end=\"1243\">El taller se centr\u00f3 en <strong data-start=\"870\" data-end=\"1014\">diez par\u00e1metros fundamentales para comprender mejor las formas de las letras y la construcci\u00f3n de sus trazos con el instrumento de escritura<\/strong>. A partir de estos principios, el alumnado explor\u00f3 c\u00f3mo se generan las estructuras b\u00e1sicas de la escritura y c\u00f3mo influyen aspectos como el \u00e1ngulo, la presi\u00f3n, el ritmo o la herramienta utilizada en la forma final de las letras.<\/p><p data-start=\"1245\" data-end=\"1634\">Mar\u00eda Montes es una <strong data-start=\"1265\" data-end=\"1303\">dise\u00f1adora de letras independiente<\/strong> especializada en <strong data-start=\"1321\" data-end=\"1375\">activos de marca para el sector cultural y de lujo<\/strong>, adem\u00e1s de desarrollar una importante labor en <strong data-start=\"1423\" data-end=\"1462\">educaci\u00f3n caligr\u00e1fica y tipogr\u00e1fica<\/strong>. Su pr\u00e1ctica creativa se basa en tres principios que gu\u00edan su trabajo: <strong data-start=\"1534\" data-end=\"1633\">aprender constantemente, compartir conocimiento y generar emoci\u00f3n a trav\u00e9s del dise\u00f1o de letras<\/strong>.<\/p><p data-start=\"1636\" data-end=\"2059\">En su trayectoria formativa destacan el <strong data-start=\"1676\" data-end=\"1731\">Posgrado en Tipograf\u00eda Avanzada en Barcelona (2011)<\/strong> y el <strong data-start=\"1737\" data-end=\"1799\">Programa Intensivo de Dise\u00f1o de Tipos en Nueva York (2012)<\/strong>. En 2018 public\u00f3 su primera familia tipogr\u00e1fica, <strong data-start=\"1849\" data-end=\"1864\">Green Fairy<\/strong>, y en 2025 lanz\u00f3 su segunda fuente display, <strong data-start=\"1909\" data-end=\"1924\">Kanat Latin<\/strong>. Paralelamente, su producci\u00f3n art\u00edstica la ha llevado a presentar <strong data-start=\"1991\" data-end=\"2058\">tres exposiciones individuales en Melbourne, Lleida y Tarragona<\/strong>.<\/p><p data-start=\"2061\" data-end=\"2348\">Este encuentro permiti\u00f3 al alumnado acercarse a <strong data-start=\"2109\" data-end=\"2180\">los fundamentos estructurales de la escritura y el dise\u00f1o de letras<\/strong>, as\u00ed como conocer de primera mano la pr\u00e1ctica profesional de una dise\u00f1adora que combina <strong data-start=\"2269\" data-end=\"2318\">caligraf\u00eda, tipograf\u00eda y dise\u00f1o contempor\u00e1neo<\/strong> en un contexto internacional.<\/p><p data-start=\"2061\" data-end=\"2348\">M\u00e1s informaci\u00f3n sobre su trabajo:\u00a0<\/p><ul><li data-start=\"2061\" data-end=\"2348\"><strong><a href=\"https:\/\/www.mariamontes.net\/\" target=\"_blank\" rel=\"noopener\">mariamontes.net<\/a><\/strong><\/li><li data-start=\"2061\" data-end=\"2348\"><strong><a href=\"https:\/\/www.writingcalligraphy.com\/\" target=\"_blank\" rel=\"noopener\">writingcalligraphy.com<\/a><\/strong><\/li><\/ul>\t\t\t\t\t\t<\/div>\n\t\t\t\t<\/div>\n\t\t\t\t\t<\/div>\n\t\t<\/div>\n\t\t\t\t\t\t\t<\/div>\n\t\t<\/section>\n\t\t\t\t<section class=\"elementor-section elementor-top-section elementor-element elementor-element-facfaca elementor-section-boxed elementor-section-height-default elementor-section-height-default\" data-id=\"facfaca\" data-element_type=\"section\">\n\t\t\t\t\t\t<div class=\"elementor-container elementor-column-gap-default\">\n\t\t\t\t\t<div class=\"elementor-column elementor-col-100 elementor-top-column elementor-element elementor-element-8e55271\" data-id=\"8e55271\" data-element_type=\"column\">\n\t\t\t<div class=\"elementor-widget-wrap elementor-element-populated\">\n\t\t\t\t\t\t\t\t<div class=\"elementor-element elementor-element-322c7f1 elementor-widget elementor-widget-heading\" data-id=\"322c7f1\" data-element_type=\"widget\" data-widget_type=\"heading.default\">\n\t\t\t\t<div class=\"elementor-widget-container\">\n\t\t\t<h3 class=\"elementor-heading-title elementor-size-default\">El taller en im\u00e1genes<\/h3>\t\t<\/div>\n\t\t\t\t<\/div>\n\t\t\t\t<div class=\"elementor-element elementor-element-881295c elementor-widget elementor-widget-gallery\" data-id=\"881295c\" data-element_type=\"widget\" data-settings=\"{&quot;columns&quot;:3,&quot;lazyload&quot;:&quot;yes&quot;,&quot;gallery_layout&quot;:&quot;grid&quot;,&quot;columns_tablet&quot;:2,&quot;columns_mobile&quot;:1,&quot;gap&quot;:{&quot;unit&quot;:&quot;px&quot;,&quot;size&quot;:10,&quot;sizes&quot;:[]},&quot;gap_tablet&quot;:{&quot;unit&quot;:&quot;px&quot;,&quot;size&quot;:10,&quot;sizes&quot;:[]},&quot;gap_mobile&quot;:{&quot;unit&quot;:&quot;px&quot;,&quot;size&quot;:10,&quot;sizes&quot;:[]},&quot;link_to&quot;:&quot;file&quot;,&quot;aspect_ratio&quot;:&quot;3:2&quot;,&quot;overlay_background&quot;:&quot;yes&quot;,&quot;content_hover_animation&quot;:&quot;fade-in&quot;}\" data-widget_type=\"gallery.default\">\n\t\t\t\t<div class=\"elementor-widget-container\">\n\t\t\t\t\t<div class=\"elementor-gallery__container\">\n\t\t\t\t\t\t\t<a class=\"e-gallery-item elementor-gallery-item elementor-animated-content\" href=\"https:\/\/escueladeartesuperior.educacion.navarra.es\/web\/wp-content\/uploads\/2026\/03\/TMM-2.jpg\" data-elementor-open-lightbox=\"yes\" data-elementor-lightbox-slideshow=\"881295c\" data-elementor-lightbox-title=\"TMM-2\" data-e-action-hash=\"#elementor-action%3Aaction%3Dlightbox%26settings%3DeyJpZCI6NTM3OTQsInVybCI6Imh0dHBzOlwvXC9lc2N1ZWxhZGVhcnRlc3VwZXJpb3IuZWR1Y2FjaW9uLm5hdmFycmEuZXNcL3dlYlwvd3AtY29udGVudFwvdXBsb2Fkc1wvMjAyNlwvMDNcL1RNTS0yLmpwZyIsInNsaWRlc2hvdyI6Ijg4MTI5NWMifQ%3D%3D\">\n\t\t\t\t\t<div class=\"e-gallery-image elementor-gallery-item__image\" data-thumbnail=\"https:\/\/escueladeartesuperior.educacion.navarra.es\/web\/wp-content\/uploads\/2026\/03\/TMM-2-768x1024.jpg\" data-width=\"768\" data-height=\"1024\" aria-label=\"\" role=\"img\" ><\/div>\n\t\t\t\t\t\t\t\t\t\t\t<div class=\"elementor-gallery-item__overlay\"><\/div>\n\t\t\t\t\t\t\t\t\t\t\t\t\t\t<\/a>\n\t\t\t\t\t\t\t<a class=\"e-gallery-item elementor-gallery-item elementor-animated-content\" href=\"https:\/\/escueladeartesuperior.educacion.navarra.es\/web\/wp-content\/uploads\/2026\/03\/TMM-1.jpg\" data-elementor-open-lightbox=\"yes\" data-elementor-lightbox-slideshow=\"881295c\" data-elementor-lightbox-title=\"TMM-1\" data-e-action-hash=\"#elementor-action%3Aaction%3Dlightbox%26settings%3DeyJpZCI6NTM3OTMsInVybCI6Imh0dHBzOlwvXC9lc2N1ZWxhZGVhcnRlc3VwZXJpb3IuZWR1Y2FjaW9uLm5hdmFycmEuZXNcL3dlYlwvd3AtY29udGVudFwvdXBsb2Fkc1wvMjAyNlwvMDNcL1RNTS0xLmpwZyIsInNsaWRlc2hvdyI6Ijg4MTI5NWMifQ%3D%3D\">\n\t\t\t\t\t<div class=\"e-gallery-image elementor-gallery-item__image\" data-thumbnail=\"https:\/\/escueladeartesuperior.educacion.navarra.es\/web\/wp-content\/uploads\/2026\/03\/TMM-1-768x1024.jpg\" data-width=\"768\" data-height=\"1024\" aria-label=\"\" role=\"img\" ><\/div>\n\t\t\t\t\t\t\t\t\t\t\t<div class=\"elementor-gallery-item__overlay\"><\/div>\n\t\t\t\t\t\t\t\t\t\t\t\t\t\t<\/a>\n\t\t\t\t\t\t\t<a class=\"e-gallery-item elementor-gallery-item elementor-animated-content\" href=\"https:\/\/escueladeartesuperior.educacion.navarra.es\/web\/wp-content\/uploads\/2026\/03\/TMM-3.jpg\" data-elementor-open-lightbox=\"yes\" data-elementor-lightbox-slideshow=\"881295c\" data-elementor-lightbox-title=\"TMM-3\" data-e-action-hash=\"#elementor-action%3Aaction%3Dlightbox%26settings%3DeyJpZCI6NTM3OTUsInVybCI6Imh0dHBzOlwvXC9lc2N1ZWxhZGVhcnRlc3VwZXJpb3IuZWR1Y2FjaW9uLm5hdmFycmEuZXNcL3dlYlwvd3AtY29udGVudFwvdXBsb2Fkc1wvMjAyNlwvMDNcL1RNTS0zLmpwZyIsInNsaWRlc2hvdyI6Ijg4MTI5NWMifQ%3D%3D\">\n\t\t\t\t\t<div class=\"e-gallery-image elementor-gallery-item__image\" data-thumbnail=\"https:\/\/escueladeartesuperior.educacion.navarra.es\/web\/wp-content\/uploads\/2026\/03\/TMM-3-768x1024.jpg\" data-width=\"768\" data-height=\"1024\" aria-label=\"\" role=\"img\" ><\/div>\n\t\t\t\t\t\t\t\t\t\t\t<div class=\"elementor-gallery-item__overlay\"><\/div>\n\t\t\t\t\t\t\t\t\t\t\t\t\t\t<\/a>\n\t\t\t\t\t\t\t<a class=\"e-gallery-item elementor-gallery-item elementor-animated-content\" href=\"https:\/\/escueladeartesuperior.educacion.navarra.es\/web\/wp-content\/uploads\/2026\/03\/TMM-4.jpg\" data-elementor-open-lightbox=\"yes\" data-elementor-lightbox-slideshow=\"881295c\" data-elementor-lightbox-title=\"TMM-4\" data-e-action-hash=\"#elementor-action%3Aaction%3Dlightbox%26settings%3DeyJpZCI6NTM3OTYsInVybCI6Imh0dHBzOlwvXC9lc2N1ZWxhZGVhcnRlc3VwZXJpb3IuZWR1Y2FjaW9uLm5hdmFycmEuZXNcL3dlYlwvd3AtY29udGVudFwvdXBsb2Fkc1wvMjAyNlwvMDNcL1RNTS00LmpwZyIsInNsaWRlc2hvdyI6Ijg4MTI5NWMifQ%3D%3D\">\n\t\t\t\t\t<div class=\"e-gallery-image elementor-gallery-item__image\" data-thumbnail=\"https:\/\/escueladeartesuperior.educacion.navarra.es\/web\/wp-content\/uploads\/2026\/03\/TMM-4-768x1024.jpg\" data-width=\"768\" data-height=\"1024\" aria-label=\"\" role=\"img\" ><\/div>\n\t\t\t\t\t\t\t\t\t\t\t<div class=\"elementor-gallery-item__overlay\"><\/div>\n\t\t\t\t\t\t\t\t\t\t\t\t\t\t<\/a>\n\t\t\t\t\t\t\t<a class=\"e-gallery-item elementor-gallery-item elementor-animated-content\" href=\"https:\/\/escueladeartesuperior.educacion.navarra.es\/web\/wp-content\/uploads\/2026\/03\/TMM-5.jpg\" data-elementor-open-lightbox=\"yes\" data-elementor-lightbox-slideshow=\"881295c\" data-elementor-lightbox-title=\"TMM-5\" data-e-action-hash=\"#elementor-action%3Aaction%3Dlightbox%26settings%3DeyJpZCI6NTM3OTcsInVybCI6Imh0dHBzOlwvXC9lc2N1ZWxhZGVhcnRlc3VwZXJpb3IuZWR1Y2FjaW9uLm5hdmFycmEuZXNcL3dlYlwvd3AtY29udGVudFwvdXBsb2Fkc1wvMjAyNlwvMDNcL1RNTS01LmpwZyIsInNsaWRlc2hvdyI6Ijg4MTI5NWMifQ%3D%3D\">\n\t\t\t\t\t<div class=\"e-gallery-image elementor-gallery-item__image\" data-thumbnail=\"https:\/\/escueladeartesuperior.educacion.navarra.es\/web\/wp-content\/uploads\/2026\/03\/TMM-5-1024x576.jpg\" data-width=\"1024\" data-height=\"576\" aria-label=\"\" role=\"img\" ><\/div>\n\t\t\t\t\t\t\t\t\t\t\t<div class=\"elementor-gallery-item__overlay\"><\/div>\n\t\t\t\t\t\t\t\t\t\t\t\t\t\t<\/a>\n\t\t\t\t\t\t\t<a class=\"e-gallery-item elementor-gallery-item elementor-animated-content\" href=\"https:\/\/escueladeartesuperior.educacion.navarra.es\/web\/wp-content\/uploads\/2026\/03\/TMM-6.jpg\" data-elementor-open-lightbox=\"yes\" data-elementor-lightbox-slideshow=\"881295c\" data-elementor-lightbox-title=\"TMM-6\" data-e-action-hash=\"#elementor-action%3Aaction%3Dlightbox%26settings%3DeyJpZCI6NTM3OTgsInVybCI6Imh0dHBzOlwvXC9lc2N1ZWxhZGVhcnRlc3VwZXJpb3IuZWR1Y2FjaW9uLm5hdmFycmEuZXNcL3dlYlwvd3AtY29udGVudFwvdXBsb2Fkc1wvMjAyNlwvMDNcL1RNTS02LmpwZyIsInNsaWRlc2hvdyI6Ijg4MTI5NWMifQ%3D%3D\">\n\t\t\t\t\t<div class=\"e-gallery-image elementor-gallery-item__image\" data-thumbnail=\"https:\/\/escueladeartesuperior.educacion.navarra.es\/web\/wp-content\/uploads\/2026\/03\/TMM-6-1024x576.jpg\" data-width=\"1024\" data-height=\"576\" aria-label=\"\" role=\"img\" ><\/div>\n\t\t\t\t\t\t\t\t\t\t\t<div class=\"elementor-gallery-item__overlay\"><\/div>\n\t\t\t\t\t\t\t\t\t\t\t\t\t\t<\/a>\n\t\t\t\t\t<\/div>\n\t\t\t<\/div>\n\t\t\t\t<\/div>\n\t\t\t\t\t<\/div>\n\t\t<\/div>\n\t\t\t\t\t\t\t<\/div>\n\t\t<\/section>\n\t\t\t\t\t\t\t<\/div>\n\t\t","protected":false},"excerpt":{"rendered":"<p>Este viernes 6 de marzo, el alumnado de la Escuela particip\u00f3 en el taller \u201cMec\u00e1nica de la escritura\u201d, impartido online por la dise\u00f1adora de letras Mar\u00eda Montes, conectada desde Australia donde reside. La actividad\u00a0forma parte de la programaci\u00f3n del festival Itinerarios de Caligraf\u00eda \u00b7 Kaligrafia Ibilbideak. Desde sus aulas y a trav\u00e9s de las pantallas [&hellip;]<\/p>\n","protected":false},"author":1,"featured_media":53792,"comment_status":"open","ping_status":"closed","sticky":false,"template":"","format":"standard","meta":{"_genesis_hide_title":false,"_genesis_hide_breadcrumbs":false,"_genesis_hide_singular_image":false,"_genesis_hide_footer_widgets":false,"_genesis_custom_body_class":"","_genesis_custom_post_class":"","_genesis_layout":"","footnotes":""},"categories":[1314,1020,1067,4,117,36,1104,171,31,12,33,37,905,1123,1,1342],"tags":[8,1378,10,1407,1405,1408,1406,1385,1404],"_links":{"self":[{"href":"https:\/\/escueladeartesuperior.educacion.navarra.es\/web\/wp-json\/wp\/v2\/posts\/53790"}],"collection":[{"href":"https:\/\/escueladeartesuperior.educacion.navarra.es\/web\/wp-json\/wp\/v2\/posts"}],"about":[{"href":"https:\/\/escueladeartesuperior.educacion.navarra.es\/web\/wp-json\/wp\/v2\/types\/post"}],"author":[{"embeddable":true,"href":"https:\/\/escueladeartesuperior.educacion.navarra.es\/web\/wp-json\/wp\/v2\/users\/1"}],"replies":[{"embeddable":true,"href":"https:\/\/escueladeartesuperior.educacion.navarra.es\/web\/wp-json\/wp\/v2\/comments?post=53790"}],"version-history":[{"count":22,"href":"https:\/\/escueladeartesuperior.educacion.navarra.es\/web\/wp-json\/wp\/v2\/posts\/53790\/revisions"}],"predecessor-version":[{"id":53820,"href":"https:\/\/escueladeartesuperior.educacion.navarra.es\/web\/wp-json\/wp\/v2\/posts\/53790\/revisions\/53820"}],"wp:featuredmedia":[{"embeddable":true,"href":"https:\/\/escueladeartesuperior.educacion.navarra.es\/web\/wp-json\/wp\/v2\/media\/53792"}],"wp:attachment":[{"href":"https:\/\/escueladeartesuperior.educacion.navarra.es\/web\/wp-json\/wp\/v2\/media?parent=53790"}],"wp:term":[{"taxonomy":"category","embeddable":true,"href":"https:\/\/escueladeartesuperior.educacion.navarra.es\/web\/wp-json\/wp\/v2\/categories?post=53790"},{"taxonomy":"post_tag","embeddable":true,"href":"https:\/\/escueladeartesuperior.educacion.navarra.es\/web\/wp-json\/wp\/v2\/tags?post=53790"}],"curies":[{"name":"wp","href":"https:\/\/api.w.org\/{rel}","templated":true}]}}