{"id":53655,"date":"2026-03-06T12:58:00","date_gmt":"2026-03-06T11:58:00","guid":{"rendered":"https:\/\/escueladeartesuperior.educacion.navarra.es\/web\/?p=53655"},"modified":"2026-03-11T23:33:37","modified_gmt":"2026-03-11T22:33:37","slug":"gonzalo-laborra-roncal-exposicion-erakusketa","status":"publish","type":"post","link":"https:\/\/escueladeartesuperior.educacion.navarra.es\/web\/blog\/gonzalo-laborra-roncal-exposicion-erakusketa\/","title":{"rendered":"Gonzalo Laborra Roncal. Exposici\u00f3n. Erakusketa"},"content":{"rendered":"\t\t<div data-elementor-type=\"wp-post\" data-elementor-id=\"53655\" class=\"elementor elementor-53655\" data-elementor-post-type=\"post\">\n\t\t\t\t\t\t\t\t\t<section class=\"elementor-section elementor-top-section elementor-element elementor-element-6528f44 elementor-section-boxed elementor-section-height-default elementor-section-height-default\" data-id=\"6528f44\" data-element_type=\"section\">\n\t\t\t\t\t\t<div class=\"elementor-container elementor-column-gap-default\">\n\t\t\t\t\t<div class=\"elementor-column elementor-col-50 elementor-top-column elementor-element elementor-element-0d116a1\" data-id=\"0d116a1\" data-element_type=\"column\">\n\t\t\t<div class=\"elementor-widget-wrap elementor-element-populated\">\n\t\t\t\t\t\t\t\t<div class=\"elementor-element elementor-element-f0b9cfe elementor-widget elementor-widget-image\" data-id=\"f0b9cfe\" data-element_type=\"widget\" data-widget_type=\"image.default\">\n\t\t\t\t<div class=\"elementor-widget-container\">\n\t\t\t\t\t\t\t\t\t\t\t\t\t\t\t<img fetchpriority=\"high\" decoding=\"async\" width=\"819\" height=\"1024\" src=\"https:\/\/escueladeartesuperior.educacion.navarra.es\/web\/wp-content\/uploads\/2026\/03\/4M_Gonzalo-Laborra2-1-819x1024.png\" class=\"attachment-large size-large wp-image-53692\" alt=\"im\u00e1genes del artista\" srcset=\"https:\/\/escueladeartesuperior.educacion.navarra.es\/web\/wp-content\/uploads\/2026\/03\/4M_Gonzalo-Laborra2-1-819x1024.png 819w, https:\/\/escueladeartesuperior.educacion.navarra.es\/web\/wp-content\/uploads\/2026\/03\/4M_Gonzalo-Laborra2-1-240x300.png 240w, https:\/\/escueladeartesuperior.educacion.navarra.es\/web\/wp-content\/uploads\/2026\/03\/4M_Gonzalo-Laborra2-1-768x960.png 768w, https:\/\/escueladeartesuperior.educacion.navarra.es\/web\/wp-content\/uploads\/2026\/03\/4M_Gonzalo-Laborra2-1-1229x1536.png 1229w, https:\/\/escueladeartesuperior.educacion.navarra.es\/web\/wp-content\/uploads\/2026\/03\/4M_Gonzalo-Laborra2-1.png 1440w\" sizes=\"(max-width: 819px) 100vw, 819px\" \/>\t\t\t\t\t\t\t\t\t\t\t\t\t\t\t<\/div>\n\t\t\t\t<\/div>\n\t\t\t\t\t<\/div>\n\t\t<\/div>\n\t\t\t\t<div class=\"elementor-column elementor-col-50 elementor-top-column elementor-element elementor-element-d8eb8d9\" data-id=\"d8eb8d9\" data-element_type=\"column\">\n\t\t\t<div class=\"elementor-widget-wrap elementor-element-populated\">\n\t\t\t\t\t\t\t\t<div class=\"elementor-element elementor-element-c727a33 elementor-widget elementor-widget-text-editor\" data-id=\"c727a33\" data-element_type=\"widget\" data-widget_type=\"text-editor.default\">\n\t\t\t\t<div class=\"elementor-widget-container\">\n\t\t\t\t\t\t\t<p data-start=\"61\" data-end=\"268\">El pasado <strong data-start=\"71\" data-end=\"85\">4 de marzo<\/strong> la Escuela acogi\u00f3 la <strong data-start=\"107\" data-end=\"175\">inauguraci\u00f3n de la exposici\u00f3n \u00ab<em>Alfabeto asem\u00e1ntico de la protesta\u00bb<\/em>, del artista Gonzalo Laborra Roncal<\/strong>, una actividad enmarcada dentro de la programaci\u00f3n de los <strong data-start=\"234\" data-end=\"267\">XVII Encuentros con Creadorxs<\/strong>.<\/p><p data-start=\"270\" data-end=\"694\">El artista y profesor residente en Mil\u00e1n, <strong data-start=\"309\" data-end=\"352\">Gonzalo Laborra Roncal (Elizondo, 1974)<\/strong> regres\u00f3 a la Escuela donde curs\u00f3 el <strong data-start=\"389\" data-end=\"415\">Bachillerato Art\u00edstico<\/strong> para compartir con el alumnado su trayectoria internacional y presentar una muestra de su trabajo reciente. La jornada comenz\u00f3 por la ma\u00f1ana con una charla en el sal\u00f3n de actos y culmin\u00f3 por la tarde con la apertura de la exposici\u00f3n en la <strong data-start=\"655\" data-end=\"693\">sala de exposiciones de la Escuela<\/strong>.<\/p><p data-start=\"696\" data-end=\"1065\">La pr\u00e1ctica art\u00edstica de Laborra se mueve entre <strong data-start=\"744\" data-end=\"799\">la performance, la intervenci\u00f3n urbana y la gr\u00e1fica<\/strong>, explorando las relaciones entre <strong data-start=\"833\" data-end=\"862\">arte, sociedad y pol\u00edtica<\/strong>. Su trabajo propone una mirada cr\u00edtica sobre el espacio p\u00fablico y la vida cotidiana, invitando al espectador a cuestionar los c\u00f3digos visuales y culturales que estructuran nuestra experiencia colectiva.<\/p><p data-start=\"1067\" data-end=\"1488\">Desde mediados de los a\u00f1os noventa, el artista ha desarrollado proyectos e intervenciones en <strong data-start=\"1160\" data-end=\"1196\">plazas, galer\u00edas e instituciones<\/strong> de ciudades como <strong data-start=\"1214\" data-end=\"1279\">Ciudad de M\u00e9xico, Bilbao, Madrid, Pamplona, Olimpia o Venecia<\/strong>, entre otras. Formado en <strong data-start=\"1305\" data-end=\"1347\">Bellas Artes en Bilbao, Atenas y Mil\u00e1n<\/strong>, actualmente desarrolla una investigaci\u00f3n doctoral centrada en <strong data-start=\"1411\" data-end=\"1487\">la escritura asem\u00e1ntica como herramienta de protesta y expresi\u00f3n cr\u00edtica<\/strong>.<\/p><p data-start=\"1490\" data-end=\"1807\">La exposici\u00f3n, instalada en la <strong data-start=\"1521\" data-end=\"1559\">sala de exposiciones de la Escuela<\/strong>, <strong data-start=\"1561\" data-end=\"1601\">podr\u00e1 visitarse hasta el 31 de marzo<\/strong>, ofreciendo una oportunidad para conocer de cerca el trabajo de un artista cuya pr\u00e1ctica combina <strong data-start=\"1699\" data-end=\"1756\">rigor conceptual, experimentaci\u00f3n y reflexi\u00f3n cr\u00edtica<\/strong> sobre el espacio p\u00fablico y los lenguajes visuales.<\/p><p data-start=\"1809\" data-end=\"2021\" data-is-last-node=\"\" data-is-only-node=\"\">Con esta actividad, los <strong data-start=\"1833\" data-end=\"1861\">Encuentros con Creadorxs<\/strong> contin\u00faan acercando al alumnado a <strong data-start=\"1896\" data-end=\"1938\">trayectorias art\u00edsticas contempor\u00e1neas<\/strong>, fomentando el di\u00e1logo entre la pr\u00e1ctica profesional y la formaci\u00f3n en la Escuela.<\/p>\t\t\t\t\t\t<\/div>\n\t\t\t\t<\/div>\n\t\t\t\t\t<\/div>\n\t\t<\/div>\n\t\t\t\t\t\t\t<\/div>\n\t\t<\/section>\n\t\t\t\t<section class=\"elementor-section elementor-top-section elementor-element elementor-element-409fbc2 elementor-section-boxed elementor-section-height-default elementor-section-height-default\" data-id=\"409fbc2\" data-element_type=\"section\">\n\t\t\t\t\t\t<div class=\"elementor-container elementor-column-gap-default\">\n\t\t\t\t\t<div class=\"elementor-column elementor-col-100 elementor-top-column elementor-element elementor-element-e6c8817\" data-id=\"e6c8817\" data-element_type=\"column\">\n\t\t\t<div class=\"elementor-widget-wrap elementor-element-populated\">\n\t\t\t\t\t\t\t\t<div class=\"elementor-element elementor-element-2604434 elementor-widget elementor-widget-heading\" data-id=\"2604434\" data-element_type=\"widget\" data-widget_type=\"heading.default\">\n\t\t\t\t<div class=\"elementor-widget-container\">\n\t\t\t<h3 class=\"elementor-heading-title elementor-size-default\">Inauguraci\u00f3n de la exposici\u00f3n<\/h3>\t\t<\/div>\n\t\t\t\t<\/div>\n\t\t\t\t\t<\/div>\n\t\t<\/div>\n\t\t\t\t\t\t\t<\/div>\n\t\t<\/section>\n\t\t\t\t<section class=\"elementor-section elementor-top-section elementor-element elementor-element-03eabd4 elementor-section-boxed elementor-section-height-default elementor-section-height-default\" data-id=\"03eabd4\" data-element_type=\"section\">\n\t\t\t\t\t\t<div class=\"elementor-container elementor-column-gap-default\">\n\t\t\t\t\t<div class=\"elementor-column elementor-col-100 elementor-top-column elementor-element elementor-element-481ad63\" data-id=\"481ad63\" data-element_type=\"column\">\n\t\t\t<div class=\"elementor-widget-wrap elementor-element-populated\">\n\t\t\t\t\t\t\t\t<div class=\"elementor-element elementor-element-89c744c elementor-widget elementor-widget-gallery\" data-id=\"89c744c\" data-element_type=\"widget\" data-settings=\"{&quot;columns&quot;:5,&quot;lazyload&quot;:&quot;yes&quot;,&quot;gallery_layout&quot;:&quot;grid&quot;,&quot;columns_tablet&quot;:2,&quot;columns_mobile&quot;:1,&quot;gap&quot;:{&quot;unit&quot;:&quot;px&quot;,&quot;size&quot;:10,&quot;sizes&quot;:[]},&quot;gap_tablet&quot;:{&quot;unit&quot;:&quot;px&quot;,&quot;size&quot;:10,&quot;sizes&quot;:[]},&quot;gap_mobile&quot;:{&quot;unit&quot;:&quot;px&quot;,&quot;size&quot;:10,&quot;sizes&quot;:[]},&quot;link_to&quot;:&quot;file&quot;,&quot;aspect_ratio&quot;:&quot;3:2&quot;,&quot;overlay_background&quot;:&quot;yes&quot;,&quot;content_hover_animation&quot;:&quot;fade-in&quot;}\" data-widget_type=\"gallery.default\">\n\t\t\t\t<div class=\"elementor-widget-container\">\n\t\t\t\t\t<div class=\"elementor-gallery__container\">\n\t\t\t\t\t\t\t<a class=\"e-gallery-item elementor-gallery-item elementor-animated-content\" href=\"https:\/\/escueladeartesuperior.educacion.navarra.es\/web\/wp-content\/uploads\/2026\/03\/expoGL-9.jpg\" data-elementor-open-lightbox=\"yes\" data-elementor-lightbox-slideshow=\"89c744c\" data-elementor-lightbox-title=\"expoGL-9\" data-e-action-hash=\"#elementor-action%3Aaction%3Dlightbox%26settings%3DeyJpZCI6NTM2OTcsInVybCI6Imh0dHBzOlwvXC9lc2N1ZWxhZGVhcnRlc3VwZXJpb3IuZWR1Y2FjaW9uLm5hdmFycmEuZXNcL3dlYlwvd3AtY29udGVudFwvdXBsb2Fkc1wvMjAyNlwvMDNcL2V4cG9HTC05LmpwZyIsInNsaWRlc2hvdyI6Ijg5Yzc0NGMifQ%3D%3D\">\n\t\t\t\t\t<div class=\"e-gallery-image elementor-gallery-item__image\" data-thumbnail=\"https:\/\/escueladeartesuperior.educacion.navarra.es\/web\/wp-content\/uploads\/2026\/03\/expoGL-9-1024x682.jpg\" data-width=\"1024\" data-height=\"682\" aria-label=\"\" role=\"img\" ><\/div>\n\t\t\t\t\t\t\t\t\t\t\t<div class=\"elementor-gallery-item__overlay\"><\/div>\n\t\t\t\t\t\t\t\t\t\t\t\t\t\t<\/a>\n\t\t\t\t\t\t\t<a class=\"e-gallery-item elementor-gallery-item elementor-animated-content\" href=\"https:\/\/escueladeartesuperior.educacion.navarra.es\/web\/wp-content\/uploads\/2026\/03\/expoGL-4.jpg\" data-elementor-open-lightbox=\"yes\" data-elementor-lightbox-slideshow=\"89c744c\" data-elementor-lightbox-title=\"expoGL-4\" data-e-action-hash=\"#elementor-action%3Aaction%3Dlightbox%26settings%3DeyJpZCI6NTM3MDIsInVybCI6Imh0dHBzOlwvXC9lc2N1ZWxhZGVhcnRlc3VwZXJpb3IuZWR1Y2FjaW9uLm5hdmFycmEuZXNcL3dlYlwvd3AtY29udGVudFwvdXBsb2Fkc1wvMjAyNlwvMDNcL2V4cG9HTC00LmpwZyIsInNsaWRlc2hvdyI6Ijg5Yzc0NGMifQ%3D%3D\">\n\t\t\t\t\t<div class=\"e-gallery-image elementor-gallery-item__image\" data-thumbnail=\"https:\/\/escueladeartesuperior.educacion.navarra.es\/web\/wp-content\/uploads\/2026\/03\/expoGL-4-1024x682.jpg\" data-width=\"1024\" data-height=\"682\" aria-label=\"\" role=\"img\" ><\/div>\n\t\t\t\t\t\t\t\t\t\t\t<div class=\"elementor-gallery-item__overlay\"><\/div>\n\t\t\t\t\t\t\t\t\t\t\t\t\t\t<\/a>\n\t\t\t\t\t\t\t<a class=\"e-gallery-item elementor-gallery-item elementor-animated-content\" href=\"https:\/\/escueladeartesuperior.educacion.navarra.es\/web\/wp-content\/uploads\/2026\/03\/expoGL-7.jpg\" data-elementor-open-lightbox=\"yes\" data-elementor-lightbox-slideshow=\"89c744c\" data-elementor-lightbox-title=\"expoGL-7\" data-e-action-hash=\"#elementor-action%3Aaction%3Dlightbox%26settings%3DeyJpZCI6NTM2OTksInVybCI6Imh0dHBzOlwvXC9lc2N1ZWxhZGVhcnRlc3VwZXJpb3IuZWR1Y2FjaW9uLm5hdmFycmEuZXNcL3dlYlwvd3AtY29udGVudFwvdXBsb2Fkc1wvMjAyNlwvMDNcL2V4cG9HTC03LmpwZyIsInNsaWRlc2hvdyI6Ijg5Yzc0NGMifQ%3D%3D\">\n\t\t\t\t\t<div class=\"e-gallery-image elementor-gallery-item__image\" data-thumbnail=\"https:\/\/escueladeartesuperior.educacion.navarra.es\/web\/wp-content\/uploads\/2026\/03\/expoGL-7-1024x682.jpg\" data-width=\"1024\" data-height=\"682\" aria-label=\"\" role=\"img\" ><\/div>\n\t\t\t\t\t\t\t\t\t\t\t<div class=\"elementor-gallery-item__overlay\"><\/div>\n\t\t\t\t\t\t\t\t\t\t\t\t\t\t<\/a>\n\t\t\t\t\t\t\t<a class=\"e-gallery-item elementor-gallery-item elementor-animated-content\" href=\"https:\/\/escueladeartesuperior.educacion.navarra.es\/web\/wp-content\/uploads\/2026\/03\/expoGL-8.jpg\" data-elementor-open-lightbox=\"yes\" data-elementor-lightbox-slideshow=\"89c744c\" data-elementor-lightbox-title=\"expoGL-8\" data-e-action-hash=\"#elementor-action%3Aaction%3Dlightbox%26settings%3DeyJpZCI6NTM2OTgsInVybCI6Imh0dHBzOlwvXC9lc2N1ZWxhZGVhcnRlc3VwZXJpb3IuZWR1Y2FjaW9uLm5hdmFycmEuZXNcL3dlYlwvd3AtY29udGVudFwvdXBsb2Fkc1wvMjAyNlwvMDNcL2V4cG9HTC04LmpwZyIsInNsaWRlc2hvdyI6Ijg5Yzc0NGMifQ%3D%3D\">\n\t\t\t\t\t<div class=\"e-gallery-image elementor-gallery-item__image\" data-thumbnail=\"https:\/\/escueladeartesuperior.educacion.navarra.es\/web\/wp-content\/uploads\/2026\/03\/expoGL-8-1024x682.jpg\" data-width=\"1024\" data-height=\"682\" aria-label=\"\" role=\"img\" ><\/div>\n\t\t\t\t\t\t\t\t\t\t\t<div class=\"elementor-gallery-item__overlay\"><\/div>\n\t\t\t\t\t\t\t\t\t\t\t\t\t\t<\/a>\n\t\t\t\t\t\t\t<a class=\"e-gallery-item elementor-gallery-item elementor-animated-content\" href=\"https:\/\/escueladeartesuperior.educacion.navarra.es\/web\/wp-content\/uploads\/2026\/03\/expoGL-13.jpg\" data-elementor-open-lightbox=\"yes\" data-elementor-lightbox-slideshow=\"89c744c\" data-elementor-lightbox-title=\"expoGL-13\" data-e-action-hash=\"#elementor-action%3Aaction%3Dlightbox%26settings%3DeyJpZCI6NTM2OTQsInVybCI6Imh0dHBzOlwvXC9lc2N1ZWxhZGVhcnRlc3VwZXJpb3IuZWR1Y2FjaW9uLm5hdmFycmEuZXNcL3dlYlwvd3AtY29udGVudFwvdXBsb2Fkc1wvMjAyNlwvMDNcL2V4cG9HTC0xMy5qcGciLCJzbGlkZXNob3ciOiI4OWM3NDRjIn0%3D\">\n\t\t\t\t\t<div class=\"e-gallery-image elementor-gallery-item__image\" data-thumbnail=\"https:\/\/escueladeartesuperior.educacion.navarra.es\/web\/wp-content\/uploads\/2026\/03\/expoGL-13-1024x682.jpg\" data-width=\"1024\" data-height=\"682\" aria-label=\"\" role=\"img\" ><\/div>\n\t\t\t\t\t\t\t\t\t\t\t<div class=\"elementor-gallery-item__overlay\"><\/div>\n\t\t\t\t\t\t\t\t\t\t\t\t\t\t<\/a>\n\t\t\t\t\t\t\t<a class=\"e-gallery-item elementor-gallery-item elementor-animated-content\" href=\"https:\/\/escueladeartesuperior.educacion.navarra.es\/web\/wp-content\/uploads\/2026\/03\/expoGL-10.jpg\" data-elementor-open-lightbox=\"yes\" data-elementor-lightbox-slideshow=\"89c744c\" data-elementor-lightbox-title=\"expoGL-10\" data-e-action-hash=\"#elementor-action%3Aaction%3Dlightbox%26settings%3DeyJpZCI6NTM2OTYsInVybCI6Imh0dHBzOlwvXC9lc2N1ZWxhZGVhcnRlc3VwZXJpb3IuZWR1Y2FjaW9uLm5hdmFycmEuZXNcL3dlYlwvd3AtY29udGVudFwvdXBsb2Fkc1wvMjAyNlwvMDNcL2V4cG9HTC0xMC5qcGciLCJzbGlkZXNob3ciOiI4OWM3NDRjIn0%3D\">\n\t\t\t\t\t<div class=\"e-gallery-image elementor-gallery-item__image\" data-thumbnail=\"https:\/\/escueladeartesuperior.educacion.navarra.es\/web\/wp-content\/uploads\/2026\/03\/expoGL-10-1024x682.jpg\" data-width=\"1024\" data-height=\"682\" aria-label=\"\" role=\"img\" ><\/div>\n\t\t\t\t\t\t\t\t\t\t\t<div class=\"elementor-gallery-item__overlay\"><\/div>\n\t\t\t\t\t\t\t\t\t\t\t\t\t\t<\/a>\n\t\t\t\t\t\t\t<a class=\"e-gallery-item elementor-gallery-item elementor-animated-content\" href=\"https:\/\/escueladeartesuperior.educacion.navarra.es\/web\/wp-content\/uploads\/2026\/03\/expoGL-12.jpg\" data-elementor-open-lightbox=\"yes\" data-elementor-lightbox-slideshow=\"89c744c\" data-elementor-lightbox-title=\"expoGL-12\" data-e-action-hash=\"#elementor-action%3Aaction%3Dlightbox%26settings%3DeyJpZCI6NTM2OTMsInVybCI6Imh0dHBzOlwvXC9lc2N1ZWxhZGVhcnRlc3VwZXJpb3IuZWR1Y2FjaW9uLm5hdmFycmEuZXNcL3dlYlwvd3AtY29udGVudFwvdXBsb2Fkc1wvMjAyNlwvMDNcL2V4cG9HTC0xMi5qcGciLCJzbGlkZXNob3ciOiI4OWM3NDRjIn0%3D\">\n\t\t\t\t\t<div class=\"e-gallery-image elementor-gallery-item__image\" data-thumbnail=\"https:\/\/escueladeartesuperior.educacion.navarra.es\/web\/wp-content\/uploads\/2026\/03\/expoGL-12-1024x683.jpg\" data-width=\"1024\" data-height=\"683\" aria-label=\"\" role=\"img\" ><\/div>\n\t\t\t\t\t\t\t\t\t\t\t<div class=\"elementor-gallery-item__overlay\"><\/div>\n\t\t\t\t\t\t\t\t\t\t\t\t\t\t<\/a>\n\t\t\t\t\t\t\t<a class=\"e-gallery-item elementor-gallery-item elementor-animated-content\" href=\"https:\/\/escueladeartesuperior.educacion.navarra.es\/web\/wp-content\/uploads\/2026\/03\/expoGL-3.jpg\" data-elementor-open-lightbox=\"yes\" data-elementor-lightbox-slideshow=\"89c744c\" data-elementor-lightbox-title=\"expoGL-3\" data-e-action-hash=\"#elementor-action%3Aaction%3Dlightbox%26settings%3DeyJpZCI6NTM3MDMsInVybCI6Imh0dHBzOlwvXC9lc2N1ZWxhZGVhcnRlc3VwZXJpb3IuZWR1Y2FjaW9uLm5hdmFycmEuZXNcL3dlYlwvd3AtY29udGVudFwvdXBsb2Fkc1wvMjAyNlwvMDNcL2V4cG9HTC0zLmpwZyIsInNsaWRlc2hvdyI6Ijg5Yzc0NGMifQ%3D%3D\">\n\t\t\t\t\t<div class=\"e-gallery-image elementor-gallery-item__image\" data-thumbnail=\"https:\/\/escueladeartesuperior.educacion.navarra.es\/web\/wp-content\/uploads\/2026\/03\/expoGL-3-1024x682.jpg\" data-width=\"1024\" data-height=\"682\" aria-label=\"\" role=\"img\" ><\/div>\n\t\t\t\t\t\t\t\t\t\t\t<div class=\"elementor-gallery-item__overlay\"><\/div>\n\t\t\t\t\t\t\t\t\t\t\t\t\t\t<\/a>\n\t\t\t\t\t\t\t<a class=\"e-gallery-item elementor-gallery-item elementor-animated-content\" href=\"https:\/\/escueladeartesuperior.educacion.navarra.es\/web\/wp-content\/uploads\/2026\/03\/expoGL-6.jpg\" data-elementor-open-lightbox=\"yes\" data-elementor-lightbox-slideshow=\"89c744c\" data-elementor-lightbox-title=\"expoGL-6\" data-e-action-hash=\"#elementor-action%3Aaction%3Dlightbox%26settings%3DeyJpZCI6NTM3MDAsInVybCI6Imh0dHBzOlwvXC9lc2N1ZWxhZGVhcnRlc3VwZXJpb3IuZWR1Y2FjaW9uLm5hdmFycmEuZXNcL3dlYlwvd3AtY29udGVudFwvdXBsb2Fkc1wvMjAyNlwvMDNcL2V4cG9HTC02LmpwZyIsInNsaWRlc2hvdyI6Ijg5Yzc0NGMifQ%3D%3D\">\n\t\t\t\t\t<div class=\"e-gallery-image elementor-gallery-item__image\" data-thumbnail=\"https:\/\/escueladeartesuperior.educacion.navarra.es\/web\/wp-content\/uploads\/2026\/03\/expoGL-6-1024x682.jpg\" data-width=\"1024\" data-height=\"682\" aria-label=\"\" role=\"img\" ><\/div>\n\t\t\t\t\t\t\t\t\t\t\t<div class=\"elementor-gallery-item__overlay\"><\/div>\n\t\t\t\t\t\t\t\t\t\t\t\t\t\t<\/a>\n\t\t\t\t\t\t\t<a class=\"e-gallery-item elementor-gallery-item elementor-animated-content\" href=\"https:\/\/escueladeartesuperior.educacion.navarra.es\/web\/wp-content\/uploads\/2026\/03\/expoGL-11.jpg\" data-elementor-open-lightbox=\"yes\" data-elementor-lightbox-slideshow=\"89c744c\" data-elementor-lightbox-title=\"expoGL-11\" data-e-action-hash=\"#elementor-action%3Aaction%3Dlightbox%26settings%3DeyJpZCI6NTM2OTUsInVybCI6Imh0dHBzOlwvXC9lc2N1ZWxhZGVhcnRlc3VwZXJpb3IuZWR1Y2FjaW9uLm5hdmFycmEuZXNcL3dlYlwvd3AtY29udGVudFwvdXBsb2Fkc1wvMjAyNlwvMDNcL2V4cG9HTC0xMS5qcGciLCJzbGlkZXNob3ciOiI4OWM3NDRjIn0%3D\">\n\t\t\t\t\t<div class=\"e-gallery-image elementor-gallery-item__image\" data-thumbnail=\"https:\/\/escueladeartesuperior.educacion.navarra.es\/web\/wp-content\/uploads\/2026\/03\/expoGL-11-1024x682.jpg\" data-width=\"1024\" data-height=\"682\" aria-label=\"\" role=\"img\" ><\/div>\n\t\t\t\t\t\t\t\t\t\t\t<div class=\"elementor-gallery-item__overlay\"><\/div>\n\t\t\t\t\t\t\t\t\t\t\t\t\t\t<\/a>\n\t\t\t\t\t<\/div>\n\t\t\t<\/div>\n\t\t\t\t<\/div>\n\t\t\t\t\t<\/div>\n\t\t<\/div>\n\t\t\t\t\t\t\t<\/div>\n\t\t<\/section>\n\t\t\t\t<section class=\"elementor-section elementor-top-section elementor-element elementor-element-f52b1af elementor-section-boxed elementor-section-height-default elementor-section-height-default\" data-id=\"f52b1af\" data-element_type=\"section\">\n\t\t\t\t\t\t<div class=\"elementor-container elementor-column-gap-default\">\n\t\t\t\t\t<div class=\"elementor-column elementor-col-100 elementor-top-column elementor-element elementor-element-a7e69e0\" data-id=\"a7e69e0\" data-element_type=\"column\">\n\t\t\t<div class=\"elementor-widget-wrap elementor-element-populated\">\n\t\t\t\t\t\t\t\t<div class=\"elementor-element elementor-element-9134a64 elementor-widget-divider--view-line elementor-widget elementor-widget-divider\" data-id=\"9134a64\" data-element_type=\"widget\" data-widget_type=\"divider.default\">\n\t\t\t\t<div class=\"elementor-widget-container\">\n\t\t\t\t\t<div class=\"elementor-divider\">\n\t\t\t<span class=\"elementor-divider-separator\">\n\t\t\t\t\t\t<\/span>\n\t\t<\/div>\n\t\t\t\t<\/div>\n\t\t\t\t<\/div>\n\t\t\t\t<div class=\"elementor-element elementor-element-478a883 elementor-widget elementor-widget-spacer\" data-id=\"478a883\" data-element_type=\"widget\" data-widget_type=\"spacer.default\">\n\t\t\t\t<div class=\"elementor-widget-container\">\n\t\t\t\t\t<div class=\"elementor-spacer\">\n\t\t\t<div class=\"elementor-spacer-inner\"><\/div>\n\t\t<\/div>\n\t\t\t\t<\/div>\n\t\t\t\t<\/div>\n\t\t\t\t\t<\/div>\n\t\t<\/div>\n\t\t\t\t\t\t\t<\/div>\n\t\t<\/section>\n\t\t\t\t<section class=\"elementor-section elementor-top-section elementor-element elementor-element-42934b7 elementor-section-boxed elementor-section-height-default elementor-section-height-default\" data-id=\"42934b7\" data-element_type=\"section\">\n\t\t\t\t\t\t<div class=\"elementor-container elementor-column-gap-default\">\n\t\t\t\t\t<div class=\"elementor-column elementor-col-100 elementor-top-column elementor-element elementor-element-33ff848\" data-id=\"33ff848\" data-element_type=\"column\">\n\t\t\t<div class=\"elementor-widget-wrap elementor-element-populated\">\n\t\t\t\t\t\t\t\t<div class=\"elementor-element elementor-element-2fb804c elementor-widget elementor-widget-heading\" data-id=\"2fb804c\" data-element_type=\"widget\" data-widget_type=\"heading.default\">\n\t\t\t\t<div class=\"elementor-widget-container\">\n\t\t\t<h3 class=\"elementor-heading-title elementor-size-default\">Taller de cianotipia con Gonzalo Laborra<\/h3>\t\t<\/div>\n\t\t\t\t<\/div>\n\t\t\t\t\t<\/div>\n\t\t<\/div>\n\t\t\t\t\t\t\t<\/div>\n\t\t<\/section>\n\t\t\t\t<section class=\"elementor-section elementor-top-section elementor-element elementor-element-bbeedd8 elementor-section-boxed elementor-section-height-default elementor-section-height-default\" data-id=\"bbeedd8\" data-element_type=\"section\">\n\t\t\t\t\t\t<div class=\"elementor-container elementor-column-gap-default\">\n\t\t\t\t\t<div class=\"elementor-column elementor-col-100 elementor-top-column elementor-element elementor-element-426b460\" data-id=\"426b460\" data-element_type=\"column\">\n\t\t\t<div class=\"elementor-widget-wrap elementor-element-populated\">\n\t\t\t\t\t\t\t\t<div class=\"elementor-element elementor-element-bf4c236 elementor-widget elementor-widget-text-editor\" data-id=\"bf4c236\" data-element_type=\"widget\" data-widget_type=\"text-editor.default\">\n\t\t\t\t<div class=\"elementor-widget-container\">\n\t\t\t\t\t\t\t<p data-start=\"250\" data-end=\"442\">Durante la ma\u00f1ana del mismo d\u00eda, <strong data-start=\"326\" data-end=\"441\">Gonzalo Laborra imparti\u00f3 un taller de cianotipia <\/strong>dirigido al alumnado de varios ciclos formativos de la Escuela.<\/p><p data-start=\"444\" data-end=\"939\">En esta sesi\u00f3n pr\u00e1ctica, el alumnado pudo acercarse a esta <strong data-start=\"503\" data-end=\"597\">t\u00e9cnica fotogr\u00e1fica hist\u00f3rica basada en la acci\u00f3n de la luz sobre emulsiones fotosensibles<\/strong>, experimentando con la creaci\u00f3n de im\u00e1genes mediante objetos, transparencias y composiciones directas sobre el soporte. El taller permiti\u00f3 explorar las posibilidades expresivas de este procedimiento, caracterizado por sus caracter\u00edsticos <strong data-start=\"836\" data-end=\"861\">tonos azules intensos<\/strong>, as\u00ed como reflexionar sobre la relaci\u00f3n entre imagen, proceso y materialidad.<\/p><p data-start=\"941\" data-end=\"1115\">La actividad ofreci\u00f3 al alumnado una oportunidad para <strong data-start=\"995\" data-end=\"1050\">experimentar con procesos fotogr\u00e1ficos alternativos<\/strong> y conocer de primera mano la metodolog\u00eda de trabajo del artista.<\/p>\t\t\t\t\t\t<\/div>\n\t\t\t\t<\/div>\n\t\t\t\t\t<\/div>\n\t\t<\/div>\n\t\t\t\t\t\t\t<\/div>\n\t\t<\/section>\n\t\t\t\t<section class=\"elementor-section elementor-top-section elementor-element elementor-element-727442f elementor-section-boxed elementor-section-height-default elementor-section-height-default\" data-id=\"727442f\" data-element_type=\"section\">\n\t\t\t\t\t\t<div class=\"elementor-container elementor-column-gap-default\">\n\t\t\t\t\t<div class=\"elementor-column elementor-col-100 elementor-top-column elementor-element elementor-element-cd55df1\" data-id=\"cd55df1\" data-element_type=\"column\">\n\t\t\t<div class=\"elementor-widget-wrap elementor-element-populated\">\n\t\t\t\t\t\t\t\t<div class=\"elementor-element elementor-element-114a7c2 elementor-widget elementor-widget-heading\" data-id=\"114a7c2\" data-element_type=\"widget\" data-widget_type=\"heading.default\">\n\t\t\t\t<div class=\"elementor-widget-container\">\n\t\t\t<h3 class=\"elementor-heading-title elementor-size-default\">El taller en im\u00e1genes<\/h3>\t\t<\/div>\n\t\t\t\t<\/div>\n\t\t\t\t\t<\/div>\n\t\t<\/div>\n\t\t\t\t\t\t\t<\/div>\n\t\t<\/section>\n\t\t\t\t<section class=\"elementor-section elementor-top-section elementor-element elementor-element-ea5dcb0 elementor-section-boxed elementor-section-height-default elementor-section-height-default\" data-id=\"ea5dcb0\" data-element_type=\"section\">\n\t\t\t\t\t\t<div class=\"elementor-container elementor-column-gap-default\">\n\t\t\t\t\t<div class=\"elementor-column elementor-col-100 elementor-top-column elementor-element elementor-element-44b1111\" data-id=\"44b1111\" data-element_type=\"column\">\n\t\t\t<div class=\"elementor-widget-wrap elementor-element-populated\">\n\t\t\t\t\t\t\t\t<div class=\"elementor-element elementor-element-23df48d elementor-widget elementor-widget-gallery\" data-id=\"23df48d\" data-element_type=\"widget\" data-settings=\"{&quot;columns&quot;:3,&quot;lazyload&quot;:&quot;yes&quot;,&quot;gallery_layout&quot;:&quot;grid&quot;,&quot;columns_tablet&quot;:2,&quot;columns_mobile&quot;:1,&quot;gap&quot;:{&quot;unit&quot;:&quot;px&quot;,&quot;size&quot;:10,&quot;sizes&quot;:[]},&quot;gap_tablet&quot;:{&quot;unit&quot;:&quot;px&quot;,&quot;size&quot;:10,&quot;sizes&quot;:[]},&quot;gap_mobile&quot;:{&quot;unit&quot;:&quot;px&quot;,&quot;size&quot;:10,&quot;sizes&quot;:[]},&quot;link_to&quot;:&quot;file&quot;,&quot;aspect_ratio&quot;:&quot;3:2&quot;,&quot;overlay_background&quot;:&quot;yes&quot;,&quot;content_hover_animation&quot;:&quot;fade-in&quot;}\" data-widget_type=\"gallery.default\">\n\t\t\t\t<div class=\"elementor-widget-container\">\n\t\t\t\t\t<div class=\"elementor-gallery__container\">\n\t\t\t\t\t\t\t<a class=\"e-gallery-item elementor-gallery-item elementor-animated-content\" href=\"https:\/\/escueladeartesuperior.educacion.navarra.es\/web\/wp-content\/uploads\/2026\/03\/TCGL-8.jpg\" data-elementor-open-lightbox=\"yes\" data-elementor-lightbox-slideshow=\"23df48d\" data-elementor-lightbox-title=\"TCGL-8\" data-e-action-hash=\"#elementor-action%3Aaction%3Dlightbox%26settings%3DeyJpZCI6NTM4MjgsInVybCI6Imh0dHBzOlwvXC9lc2N1ZWxhZGVhcnRlc3VwZXJpb3IuZWR1Y2FjaW9uLm5hdmFycmEuZXNcL3dlYlwvd3AtY29udGVudFwvdXBsb2Fkc1wvMjAyNlwvMDNcL1RDR0wtOC5qcGciLCJzbGlkZXNob3ciOiIyM2RmNDhkIn0%3D\">\n\t\t\t\t\t<div class=\"e-gallery-image elementor-gallery-item__image\" data-thumbnail=\"https:\/\/escueladeartesuperior.educacion.navarra.es\/web\/wp-content\/uploads\/2026\/03\/TCGL-8.jpg\" data-width=\"415\" data-height=\"580\" aria-label=\"taller de cianotipia con Gonzalo Laborra\" role=\"img\" ><\/div>\n\t\t\t\t\t\t\t\t\t\t\t<div class=\"elementor-gallery-item__overlay\"><\/div>\n\t\t\t\t\t\t\t\t\t\t\t\t\t\t<\/a>\n\t\t\t\t\t\t\t<a class=\"e-gallery-item elementor-gallery-item elementor-animated-content\" href=\"https:\/\/escueladeartesuperior.educacion.navarra.es\/web\/wp-content\/uploads\/2026\/03\/TCGL-1.jpg\" data-elementor-open-lightbox=\"yes\" data-elementor-lightbox-slideshow=\"23df48d\" data-elementor-lightbox-title=\"TCGL-1\" data-e-action-hash=\"#elementor-action%3Aaction%3Dlightbox%26settings%3DeyJpZCI6NTM4MzQsInVybCI6Imh0dHBzOlwvXC9lc2N1ZWxhZGVhcnRlc3VwZXJpb3IuZWR1Y2FjaW9uLm5hdmFycmEuZXNcL3dlYlwvd3AtY29udGVudFwvdXBsb2Fkc1wvMjAyNlwvMDNcL1RDR0wtMS5qcGciLCJzbGlkZXNob3ciOiIyM2RmNDhkIn0%3D\">\n\t\t\t\t\t<div class=\"e-gallery-image elementor-gallery-item__image\" data-thumbnail=\"https:\/\/escueladeartesuperior.educacion.navarra.es\/web\/wp-content\/uploads\/2026\/03\/TCGL-1.jpg\" data-width=\"492\" data-height=\"689\" aria-label=\"taller de cianotipia con Gonzalo Laborra\" role=\"img\" ><\/div>\n\t\t\t\t\t\t\t\t\t\t\t<div class=\"elementor-gallery-item__overlay\"><\/div>\n\t\t\t\t\t\t\t\t\t\t\t\t\t\t<\/a>\n\t\t\t\t\t\t\t<a class=\"e-gallery-item elementor-gallery-item elementor-animated-content\" href=\"https:\/\/escueladeartesuperior.educacion.navarra.es\/web\/wp-content\/uploads\/2026\/03\/TCGL-2.jpg\" data-elementor-open-lightbox=\"yes\" data-elementor-lightbox-slideshow=\"23df48d\" data-elementor-lightbox-title=\"TCGL-2\" data-e-action-hash=\"#elementor-action%3Aaction%3Dlightbox%26settings%3DeyJpZCI6NTM4MzMsInVybCI6Imh0dHBzOlwvXC9lc2N1ZWxhZGVhcnRlc3VwZXJpb3IuZWR1Y2FjaW9uLm5hdmFycmEuZXNcL3dlYlwvd3AtY29udGVudFwvdXBsb2Fkc1wvMjAyNlwvMDNcL1RDR0wtMi5qcGciLCJzbGlkZXNob3ciOiIyM2RmNDhkIn0%3D\">\n\t\t\t\t\t<div class=\"e-gallery-image elementor-gallery-item__image\" data-thumbnail=\"https:\/\/escueladeartesuperior.educacion.navarra.es\/web\/wp-content\/uploads\/2026\/03\/TCGL-2.jpg\" data-width=\"501\" data-height=\"701\" aria-label=\"taller de cianotipia con Gonzalo Laborra\" role=\"img\" ><\/div>\n\t\t\t\t\t\t\t\t\t\t\t<div class=\"elementor-gallery-item__overlay\"><\/div>\n\t\t\t\t\t\t\t\t\t\t\t\t\t\t<\/a>\n\t\t\t\t\t\t\t<a class=\"e-gallery-item elementor-gallery-item elementor-animated-content\" href=\"https:\/\/escueladeartesuperior.educacion.navarra.es\/web\/wp-content\/uploads\/2026\/03\/TCGL-5.jpg\" data-elementor-open-lightbox=\"yes\" data-elementor-lightbox-slideshow=\"23df48d\" data-elementor-lightbox-title=\"TCGL-5\" data-e-action-hash=\"#elementor-action%3Aaction%3Dlightbox%26settings%3DeyJpZCI6NTM4MzAsInVybCI6Imh0dHBzOlwvXC9lc2N1ZWxhZGVhcnRlc3VwZXJpb3IuZWR1Y2FjaW9uLm5hdmFycmEuZXNcL3dlYlwvd3AtY29udGVudFwvdXBsb2Fkc1wvMjAyNlwvMDNcL1RDR0wtNS5qcGciLCJzbGlkZXNob3ciOiIyM2RmNDhkIn0%3D\">\n\t\t\t\t\t<div class=\"e-gallery-image elementor-gallery-item__image\" data-thumbnail=\"https:\/\/escueladeartesuperior.educacion.navarra.es\/web\/wp-content\/uploads\/2026\/03\/TCGL-5.jpg\" data-width=\"473\" data-height=\"662\" aria-label=\"taller de cianotipia con Gonzalo Laborra\" role=\"img\" ><\/div>\n\t\t\t\t\t\t\t\t\t\t\t<div class=\"elementor-gallery-item__overlay\"><\/div>\n\t\t\t\t\t\t\t\t\t\t\t\t\t\t<\/a>\n\t\t\t\t\t\t\t<a class=\"e-gallery-item elementor-gallery-item elementor-animated-content\" href=\"https:\/\/escueladeartesuperior.educacion.navarra.es\/web\/wp-content\/uploads\/2026\/03\/TCGL-7.jpg\" data-elementor-open-lightbox=\"yes\" data-elementor-lightbox-slideshow=\"23df48d\" data-elementor-lightbox-title=\"TCGL-7\" data-e-action-hash=\"#elementor-action%3Aaction%3Dlightbox%26settings%3DeyJpZCI6NTM4MjksInVybCI6Imh0dHBzOlwvXC9lc2N1ZWxhZGVhcnRlc3VwZXJpb3IuZWR1Y2FjaW9uLm5hdmFycmEuZXNcL3dlYlwvd3AtY29udGVudFwvdXBsb2Fkc1wvMjAyNlwvMDNcL1RDR0wtNy5qcGciLCJzbGlkZXNob3ciOiIyM2RmNDhkIn0%3D\">\n\t\t\t\t\t<div class=\"e-gallery-image elementor-gallery-item__image\" data-thumbnail=\"https:\/\/escueladeartesuperior.educacion.navarra.es\/web\/wp-content\/uploads\/2026\/03\/TCGL-7.jpg\" data-width=\"487\" data-height=\"682\" aria-label=\"taller de cianotipia con Gonzalo Laborra\" role=\"img\" ><\/div>\n\t\t\t\t\t\t\t\t\t\t\t<div class=\"elementor-gallery-item__overlay\"><\/div>\n\t\t\t\t\t\t\t\t\t\t\t\t\t\t<\/a>\n\t\t\t\t\t\t\t<a class=\"e-gallery-item elementor-gallery-item elementor-animated-content\" href=\"https:\/\/escueladeartesuperior.educacion.navarra.es\/web\/wp-content\/uploads\/2026\/03\/TCGL-4.jpg\" data-elementor-open-lightbox=\"yes\" data-elementor-lightbox-slideshow=\"23df48d\" data-elementor-lightbox-title=\"TCGL-4\" data-e-action-hash=\"#elementor-action%3Aaction%3Dlightbox%26settings%3DeyJpZCI6NTM4MzEsInVybCI6Imh0dHBzOlwvXC9lc2N1ZWxhZGVhcnRlc3VwZXJpb3IuZWR1Y2FjaW9uLm5hdmFycmEuZXNcL3dlYlwvd3AtY29udGVudFwvdXBsb2Fkc1wvMjAyNlwvMDNcL1RDR0wtNC5qcGciLCJzbGlkZXNob3ciOiIyM2RmNDhkIn0%3D\">\n\t\t\t\t\t<div class=\"e-gallery-image elementor-gallery-item__image\" data-thumbnail=\"https:\/\/escueladeartesuperior.educacion.navarra.es\/web\/wp-content\/uploads\/2026\/03\/TCGL-4.jpg\" data-width=\"506\" data-height=\"709\" aria-label=\"taller de cianotipia con Gonzalo Laborra\" role=\"img\" ><\/div>\n\t\t\t\t\t\t\t\t\t\t\t<div class=\"elementor-gallery-item__overlay\"><\/div>\n\t\t\t\t\t\t\t\t\t\t\t\t\t\t<\/a>\n\t\t\t\t\t<\/div>\n\t\t\t<\/div>\n\t\t\t\t<\/div>\n\t\t\t\t\t<\/div>\n\t\t<\/div>\n\t\t\t\t\t\t\t<\/div>\n\t\t<\/section>\n\t\t\t\t\t\t\t<\/div>\n\t\t","protected":false},"excerpt":{"rendered":"<p>Gonzalo Laborra Roncal.<br \/>\nExposici\u00f3n. Erakusketa<\/p>\n","protected":false},"author":1,"featured_media":53916,"comment_status":"open","ping_status":"closed","sticky":false,"template":"","format":"standard","meta":{"_genesis_hide_title":false,"_genesis_hide_breadcrumbs":false,"_genesis_hide_singular_image":false,"_genesis_hide_footer_widgets":false,"_genesis_custom_body_class":"","_genesis_custom_post_class":"","_genesis_layout":"","footnotes":""},"categories":[1314,1020,1067,4,36,1104,171,31,3,12,33,37,905,1123,1,1342],"tags":[1401,8,1400,10,1385],"_links":{"self":[{"href":"https:\/\/escueladeartesuperior.educacion.navarra.es\/web\/wp-json\/wp\/v2\/posts\/53655"}],"collection":[{"href":"https:\/\/escueladeartesuperior.educacion.navarra.es\/web\/wp-json\/wp\/v2\/posts"}],"about":[{"href":"https:\/\/escueladeartesuperior.educacion.navarra.es\/web\/wp-json\/wp\/v2\/types\/post"}],"author":[{"embeddable":true,"href":"https:\/\/escueladeartesuperior.educacion.navarra.es\/web\/wp-json\/wp\/v2\/users\/1"}],"replies":[{"embeddable":true,"href":"https:\/\/escueladeartesuperior.educacion.navarra.es\/web\/wp-json\/wp\/v2\/comments?post=53655"}],"version-history":[{"count":14,"href":"https:\/\/escueladeartesuperior.educacion.navarra.es\/web\/wp-json\/wp\/v2\/posts\/53655\/revisions"}],"predecessor-version":[{"id":53840,"href":"https:\/\/escueladeartesuperior.educacion.navarra.es\/web\/wp-json\/wp\/v2\/posts\/53655\/revisions\/53840"}],"wp:featuredmedia":[{"embeddable":true,"href":"https:\/\/escueladeartesuperior.educacion.navarra.es\/web\/wp-json\/wp\/v2\/media\/53916"}],"wp:attachment":[{"href":"https:\/\/escueladeartesuperior.educacion.navarra.es\/web\/wp-json\/wp\/v2\/media?parent=53655"}],"wp:term":[{"taxonomy":"category","embeddable":true,"href":"https:\/\/escueladeartesuperior.educacion.navarra.es\/web\/wp-json\/wp\/v2\/categories?post=53655"},{"taxonomy":"post_tag","embeddable":true,"href":"https:\/\/escueladeartesuperior.educacion.navarra.es\/web\/wp-json\/wp\/v2\/tags?post=53655"}],"curies":[{"name":"wp","href":"https:\/\/api.w.org\/{rel}","templated":true}]}}