{"id":52063,"date":"2025-07-04T21:07:25","date_gmt":"2025-07-04T19:07:25","guid":{"rendered":"https:\/\/escueladeartesuperior.educacion.navarra.es\/web\/?p=52063"},"modified":"2025-07-04T21:10:17","modified_gmt":"2025-07-04T19:10:17","slug":"bizkarreta-arte-y-literatura-en-un-campamento-de-carrozas","status":"publish","type":"post","link":"https:\/\/escueladeartesuperior.educacion.navarra.es\/web\/blog\/bizkarreta-arte-y-literatura-en-un-campamento-de-carrozas\/","title":{"rendered":"Bizkarreta. Arte y literatura en un campamento de carrozas"},"content":{"rendered":"\n<p class=\"has-theme-primary-color has-text-color has-link-color has-normal-font-size wp-elements-371c7b323ad977d815f622caf654d42a\"><em>Bizkarreta-Gerendiain-en badago aire libreko liburutegi, relaxgune, zalgurdi kanpalekua non aurten ere Eskolako ikasleen artelanak jarri dituzte ikusgai. Hortik pasatzen bazara, galdetu <strong>Pedrori <\/strong>non daude eskulturak, altzariak, marrazkiak eta, bide batez, trukatu liburu bat berarekin<\/em>.<\/p>\n\n\n\n<figure class=\"wp-block-image size-large\"><img fetchpriority=\"high\" decoding=\"async\" width=\"1024\" height=\"577\" src=\"https:\/\/escueladeartesuperior.educacion.navarra.es\/web\/wp-content\/uploads\/2025\/07\/1751655304202-1024x577.jpg\" alt=\"\" class=\"wp-image-52076\" srcset=\"https:\/\/escueladeartesuperior.educacion.navarra.es\/web\/wp-content\/uploads\/2025\/07\/1751655304202-1024x577.jpg 1024w, https:\/\/escueladeartesuperior.educacion.navarra.es\/web\/wp-content\/uploads\/2025\/07\/1751655304202-300x169.jpg 300w, https:\/\/escueladeartesuperior.educacion.navarra.es\/web\/wp-content\/uploads\/2025\/07\/1751655304202-768x432.jpg 768w, https:\/\/escueladeartesuperior.educacion.navarra.es\/web\/wp-content\/uploads\/2025\/07\/1751655304202-1536x865.jpg 1536w, https:\/\/escueladeartesuperior.educacion.navarra.es\/web\/wp-content\/uploads\/2025\/07\/1751655304202-2048x1153.jpg 2048w\" sizes=\"(max-width: 1024px) 100vw, 1024px\" \/><\/figure>\n\n\n\n<p>Por segundo a\u00f1o consecutivo, durante todo el verano quienes pasen por <strong>Bizkarreta-Gerendiain<\/strong> pueden disfrutar de <strong>un espacio m\u00e1gico<\/strong>: un campamento de <strong>antiguas galeras, carrozas, carromatos<\/strong> donde se puede leer, ver arte y tomarse la vida con calma.<\/p>\n\n\n\n<div class=\"wp-block-media-text is-stacked-on-mobile\" style=\"grid-template-columns:42% auto\"><figure class=\"wp-block-media-text__media\"><img decoding=\"async\" width=\"577\" height=\"1024\" src=\"https:\/\/escueladeartesuperior.educacion.navarra.es\/web\/wp-content\/uploads\/2025\/07\/1751654796088-577x1024.jpg\" alt=\"\" class=\"wp-image-52070 size-full\" srcset=\"https:\/\/escueladeartesuperior.educacion.navarra.es\/web\/wp-content\/uploads\/2025\/07\/1751654796088-577x1024.jpg 577w, https:\/\/escueladeartesuperior.educacion.navarra.es\/web\/wp-content\/uploads\/2025\/07\/1751654796088-169x300.jpg 169w, https:\/\/escueladeartesuperior.educacion.navarra.es\/web\/wp-content\/uploads\/2025\/07\/1751654796088-768x1364.jpg 768w, https:\/\/escueladeartesuperior.educacion.navarra.es\/web\/wp-content\/uploads\/2025\/07\/1751654796088-865x1536.jpg 865w, https:\/\/escueladeartesuperior.educacion.navarra.es\/web\/wp-content\/uploads\/2025\/07\/1751654796088-1153x2048.jpg 1153w, https:\/\/escueladeartesuperior.educacion.navarra.es\/web\/wp-content\/uploads\/2025\/07\/1751654796088-scaled.jpg 1441w\" sizes=\"(max-width: 577px) 100vw, 577px\" \/><\/figure><div class=\"wp-block-media-text__content\">\n<p>Por iniciativa desinteresada de un grupo de personas impulsado por <strong>Pedro Ans\u00f3<\/strong>, varios de estos veh\u00edculos usados en los desfiles del Olentzero de Pamplona, en fiestas de ikastolas, sirven en verano para albergar cultura. Depu\u00e9s de que el a\u00f1o pasado <strong>m\u00e1s de 17.000 personas <\/strong>pasaran por este lugar de disfrute y relax, este a\u00f1o nos solicitaron que la Escuela se uniera a otros colaboradores, como Traperos\/as de Ema\u00fas, para a\u00f1adir un espacio de arte. De esa manera junto a los libros, las marionetas y las siluetas de animales, se pueden contemplar esculturas en piedra del ciclo de <a href=\"https:\/\/escueladeartesuperior.educacion.navarra.es\/web\/estudios\/ciclos-de-grado-superior\/tecnicas-escultoricas\/\">T\u00e9cnicas Escult\u00f3ricas<\/a>, escabeles realizados por el alumnado de <a href=\"https:\/\/escueladeartesuperior.educacion.navarra.es\/web\/estudios\/ciclos-de-grado-superior\/ebanisteria-artistica\/\">Ebanister\u00eda <\/a>y cuadros a pastel realizados por estudiantes de <a href=\"https:\/\/escueladeartesuperior.educacion.navarra.es\/web\/estudios\/bachiller-de-artes\/\">Bachillerato de Artes<\/a>. Todo ello junto a la versi\u00f3n del Gernika de madera que hace unos cuantos a\u00f1os realiz\u00f3 el alumnado del taller de talla bajo la direcci\u00f3n de Tom\u00e1s Garc\u00eda de la Santa.<\/p>\n<\/div><\/div>\n\n\n\n<p> <\/p>\n\n\n\n<figure class=\"wp-block-image size-large is-resized\"><img decoding=\"async\" width=\"1024\" height=\"768\" src=\"https:\/\/escueladeartesuperior.educacion.navarra.es\/web\/wp-content\/uploads\/2025\/07\/Imagen-de-WhatsApp-2025-07-03-a-las-13.24.22_9ec9e630-1024x768.jpg\" alt=\"\" class=\"wp-image-52077\" style=\"width:731px;height:auto\" srcset=\"https:\/\/escueladeartesuperior.educacion.navarra.es\/web\/wp-content\/uploads\/2025\/07\/Imagen-de-WhatsApp-2025-07-03-a-las-13.24.22_9ec9e630-1024x768.jpg 1024w, https:\/\/escueladeartesuperior.educacion.navarra.es\/web\/wp-content\/uploads\/2025\/07\/Imagen-de-WhatsApp-2025-07-03-a-las-13.24.22_9ec9e630-300x225.jpg 300w, https:\/\/escueladeartesuperior.educacion.navarra.es\/web\/wp-content\/uploads\/2025\/07\/Imagen-de-WhatsApp-2025-07-03-a-las-13.24.22_9ec9e630-768x576.jpg 768w, https:\/\/escueladeartesuperior.educacion.navarra.es\/web\/wp-content\/uploads\/2025\/07\/Imagen-de-WhatsApp-2025-07-03-a-las-13.24.22_9ec9e630-1536x1152.jpg 1536w, https:\/\/escueladeartesuperior.educacion.navarra.es\/web\/wp-content\/uploads\/2025\/07\/Imagen-de-WhatsApp-2025-07-03-a-las-13.24.22_9ec9e630-702x526.jpg 702w, https:\/\/escueladeartesuperior.educacion.navarra.es\/web\/wp-content\/uploads\/2025\/07\/Imagen-de-WhatsApp-2025-07-03-a-las-13.24.22_9ec9e630.jpg 2048w\" sizes=\"(max-width: 1024px) 100vw, 1024px\" \/><\/figure>\n\n\n\n<p> <\/p>\n\n\n\n<p><\/p>\n\n\n\n<div class=\"wp-block-media-text has-media-on-the-right is-stacked-on-mobile\"><div class=\"wp-block-media-text__content\">\n<p>Si de ahora hasta Octubre pasas por all\u00ed, podr\u00e1s charlar con Pedro o alguno de sus compa\u00f1eros, llevarte un libro, leerlo all\u00ed, cambiarlo por otro que traigas, descansar, reposar y ver las creaciones del alumnado de la Escuela.<\/p>\n\n\n\n<p> <strong>\u00a1P\u00e1sate por all\u00ed!<\/strong><\/p>\n<\/div><figure class=\"wp-block-media-text__media\"><img loading=\"lazy\" decoding=\"async\" width=\"1024\" height=\"768\" src=\"https:\/\/escueladeartesuperior.educacion.navarra.es\/web\/wp-content\/uploads\/2025\/07\/Imagen-de-WhatsApp-2025-07-03-a-las-15.57.19_8dc00ad6-1024x768.jpg\" alt=\"\" class=\"wp-image-52072 size-full\" srcset=\"https:\/\/escueladeartesuperior.educacion.navarra.es\/web\/wp-content\/uploads\/2025\/07\/Imagen-de-WhatsApp-2025-07-03-a-las-15.57.19_8dc00ad6-1024x768.jpg 1024w, https:\/\/escueladeartesuperior.educacion.navarra.es\/web\/wp-content\/uploads\/2025\/07\/Imagen-de-WhatsApp-2025-07-03-a-las-15.57.19_8dc00ad6-300x225.jpg 300w, https:\/\/escueladeartesuperior.educacion.navarra.es\/web\/wp-content\/uploads\/2025\/07\/Imagen-de-WhatsApp-2025-07-03-a-las-15.57.19_8dc00ad6-768x576.jpg 768w, https:\/\/escueladeartesuperior.educacion.navarra.es\/web\/wp-content\/uploads\/2025\/07\/Imagen-de-WhatsApp-2025-07-03-a-las-15.57.19_8dc00ad6-1536x1152.jpg 1536w, https:\/\/escueladeartesuperior.educacion.navarra.es\/web\/wp-content\/uploads\/2025\/07\/Imagen-de-WhatsApp-2025-07-03-a-las-15.57.19_8dc00ad6-702x526.jpg 702w, https:\/\/escueladeartesuperior.educacion.navarra.es\/web\/wp-content\/uploads\/2025\/07\/Imagen-de-WhatsApp-2025-07-03-a-las-15.57.19_8dc00ad6.jpg 2048w\" sizes=\"(max-width: 1024px) 100vw, 1024px\" \/><\/figure><\/div>\n\n\n\n<p><\/p>\n","protected":false},"excerpt":{"rendered":"<p>Bizkarreta-Gerendiain-en badago aire libreko liburutegi, relaxgune, zalgurdi kanpalekua non aurten ere Eskolako ikasleen artelanak jarri dituzte ikusgai. Hortik pasatzen bazara, galdetu Pedrori non daude eskulturak, altzariak, marrazkiak eta, bide batez, trukatu liburu bat berarekin. Por segundo a\u00f1o consecutivo, durante todo el verano quienes pasen por Bizkarreta-Gerendiain pueden disfrutar de un espacio m\u00e1gico: un campamento de [&hellip;]<\/p>\n","protected":false},"author":14,"featured_media":52071,"comment_status":"open","ping_status":"closed","sticky":false,"template":"","format":"standard","meta":{"_genesis_hide_title":false,"_genesis_hide_breadcrumbs":false,"_genesis_hide_singular_image":false,"_genesis_hide_footer_widgets":false,"_genesis_custom_body_class":"","_genesis_custom_post_class":"","_genesis_layout":"","footnotes":""},"categories":[1314,4,257,11,36,31,3],"tags":[652,1222,1325,1326,5,1327,7,8,9,10],"_links":{"self":[{"href":"https:\/\/escueladeartesuperior.educacion.navarra.es\/web\/wp-json\/wp\/v2\/posts\/52063"}],"collection":[{"href":"https:\/\/escueladeartesuperior.educacion.navarra.es\/web\/wp-json\/wp\/v2\/posts"}],"about":[{"href":"https:\/\/escueladeartesuperior.educacion.navarra.es\/web\/wp-json\/wp\/v2\/types\/post"}],"author":[{"embeddable":true,"href":"https:\/\/escueladeartesuperior.educacion.navarra.es\/web\/wp-json\/wp\/v2\/users\/14"}],"replies":[{"embeddable":true,"href":"https:\/\/escueladeartesuperior.educacion.navarra.es\/web\/wp-json\/wp\/v2\/comments?post=52063"}],"version-history":[{"count":5,"href":"https:\/\/escueladeartesuperior.educacion.navarra.es\/web\/wp-json\/wp\/v2\/posts\/52063\/revisions"}],"predecessor-version":[{"id":52081,"href":"https:\/\/escueladeartesuperior.educacion.navarra.es\/web\/wp-json\/wp\/v2\/posts\/52063\/revisions\/52081"}],"wp:featuredmedia":[{"embeddable":true,"href":"https:\/\/escueladeartesuperior.educacion.navarra.es\/web\/wp-json\/wp\/v2\/media\/52071"}],"wp:attachment":[{"href":"https:\/\/escueladeartesuperior.educacion.navarra.es\/web\/wp-json\/wp\/v2\/media?parent=52063"}],"wp:term":[{"taxonomy":"category","embeddable":true,"href":"https:\/\/escueladeartesuperior.educacion.navarra.es\/web\/wp-json\/wp\/v2\/categories?post=52063"},{"taxonomy":"post_tag","embeddable":true,"href":"https:\/\/escueladeartesuperior.educacion.navarra.es\/web\/wp-json\/wp\/v2\/tags?post=52063"}],"curies":[{"name":"wp","href":"https:\/\/api.w.org\/{rel}","templated":true}]}}