{"id":51632,"date":"2025-05-26T12:44:03","date_gmt":"2025-05-26T10:44:03","guid":{"rendered":"https:\/\/escueladeartesuperior.educacion.navarra.es\/web\/?p=51632"},"modified":"2025-05-30T10:04:11","modified_gmt":"2025-05-30T08:04:11","slug":"creamos-el-galardon-codinter-maria-forcada","status":"publish","type":"post","link":"https:\/\/escueladeartesuperior.educacion.navarra.es\/web\/blog\/creamos-el-galardon-codinter-maria-forcada\/","title":{"rendered":"Nuevo Galard\u00f3n CODINTER- Maria Forcada"},"content":{"rendered":"\t\t<div data-elementor-type=\"wp-post\" data-elementor-id=\"51632\" class=\"elementor elementor-51632\" data-elementor-post-type=\"post\">\n\t\t\t\t\t\t\t\t\t<section class=\"elementor-section elementor-top-section elementor-element elementor-element-5d4001f elementor-section-boxed elementor-section-height-default elementor-section-height-default\" data-id=\"5d4001f\" data-element_type=\"section\">\n\t\t\t\t\t\t<div class=\"elementor-container elementor-column-gap-default\">\n\t\t\t\t\t<div class=\"elementor-column elementor-col-50 elementor-top-column elementor-element elementor-element-efa7f22\" data-id=\"efa7f22\" data-element_type=\"column\">\n\t\t\t<div class=\"elementor-widget-wrap elementor-element-populated\">\n\t\t\t\t\t\t\t\t<div class=\"elementor-element elementor-element-e0d2422 elementor-widget elementor-widget-text-editor\" data-id=\"e0d2422\" data-element_type=\"widget\" data-widget_type=\"text-editor.default\">\n\t\t\t\t<div class=\"elementor-widget-container\">\n\t\t\t\t\t\t\t<p>Creamos el Galard\u00f3n CODINTER- Maria Forcada para premiar anualmente al mejor TFG de los<a href=\"https:\/\/escueladeartesuperior.educacion.navarra.es\/web\/estudios\/estudios-superiores-de-diseno-de-interiores\/\" target=\"_blank\" rel=\"noopener\"><strong> Estudios Superiores de Dise\u00f1o de Interiores de la EASD de Pamplona.<\/strong><\/a><\/p><p>El pasado 22 de Mayo, en la Casa del Almirante, sede de la Fundaci\u00f3n Maria Forcada, y coincidiendo con la exposici\u00f3n conmemorativa \u00abAbriendo caminos\u00bb <em>in memorian<\/em> de la conocida dise\u00f1adora tudelana, se firm\u00f3 un convenio de colaboraci\u00f3n, impulsado por Laura S\u00e1ez Ponzoni para la creaci\u00f3n del <strong>Premio al mejor TFG del alumnado de Dise\u00f1o de Interiores<\/strong>, entre otro tipo de eventos y actuaciones.<\/p><p>En la firma del convenio de colaboraci\u00f3n estuvieron el presidente de la Fundaci\u00f3n Maria Forcada y alcalde de Tudela, Alejandro Toquero, la presidenta del Colegio de interioristas y decoradores de Navarra, Marian Torres y el director de la Escuela de Arte y Superior de Dise\u00f1o de Pamplona, I\u00f1aki Otsoa.<\/p><p><strong>Este convenio tripartito supone una colaboraci\u00f3n para la Escuela de Arte y Superior de Dise\u00f1o de Pamplona que sirve para estrechar a\u00fan m\u00e1s los lazos con el Colegio Oficial y, a trav\u00e9s de la fundaci\u00f3n Mar\u00eda Forcada de Tudela, subrayar la proyecci\u00f3n hacia toda la Comunidad Foral de la labor educativa en Dise\u00f1o de Interiores de la Escuela.<\/strong><\/p><p>Gracias a la fundaci\u00f3n Mar\u00eda Forcada y al Coloegio Oficial de Dise\u00f1adores de Interior \/ Decoradores de Navarra por esta cooperaci\u00f3n con la Escuela y el alumnado de Dise\u00f1o de Interiores.<\/p><p><strong>El pr\u00f3ximo 6 de Junio, sabremos qui\u00e9n es la persona en la que recaer\u00e1 el galard\u00f3n al mejor TFG del curso 24-25.<\/strong><\/p>\t\t\t\t\t\t<\/div>\n\t\t\t\t<\/div>\n\t\t\t\t<div class=\"elementor-element elementor-element-95ab244 elementor-widget elementor-widget-button\" data-id=\"95ab244\" data-element_type=\"widget\" data-widget_type=\"button.default\">\n\t\t\t\t<div class=\"elementor-widget-container\">\n\t\t\t\t\t<div class=\"elementor-button-wrapper\">\n\t\t\t<a class=\"elementor-button elementor-button-link elementor-size-sm\" href=\"https:\/\/fundacionmariaforcada.com\/\" target=\"_blank\">\n\t\t\t\t\t\t<span class=\"elementor-button-content-wrapper\">\n\t\t\t\t\t\t<span class=\"elementor-button-text\">Fundaci\u00f3n Mar\u00eda Forcada<\/span>\n\t\t<\/span>\n\t\t\t\t\t<\/a>\n\t\t<\/div>\n\t\t\t\t<\/div>\n\t\t\t\t<\/div>\n\t\t\t\t<div class=\"elementor-element elementor-element-8621045 elementor-widget elementor-widget-button\" data-id=\"8621045\" data-element_type=\"widget\" data-widget_type=\"button.default\">\n\t\t\t\t<div class=\"elementor-widget-container\">\n\t\t\t\t\t<div class=\"elementor-button-wrapper\">\n\t\t\t<a class=\"elementor-button elementor-button-link elementor-size-sm\" href=\"https:\/\/www.codinternavarra.com\/\" target=\"_blank\">\n\t\t\t\t\t\t<span class=\"elementor-button-content-wrapper\">\n\t\t\t\t\t\t<span class=\"elementor-button-text\">CODINTER<\/span>\n\t\t<\/span>\n\t\t\t\t\t<\/a>\n\t\t<\/div>\n\t\t\t\t<\/div>\n\t\t\t\t<\/div>\n\t\t\t\t\t<\/div>\n\t\t<\/div>\n\t\t\t\t<div class=\"elementor-column elementor-col-50 elementor-top-column elementor-element elementor-element-3957244\" data-id=\"3957244\" data-element_type=\"column\">\n\t\t\t<div class=\"elementor-widget-wrap elementor-element-populated\">\n\t\t\t\t\t\t\t\t<div class=\"elementor-element elementor-element-6f9d0d8 elementor-widget elementor-widget-image\" data-id=\"6f9d0d8\" data-element_type=\"widget\" data-widget_type=\"image.default\">\n\t\t\t\t<div class=\"elementor-widget-container\">\n\t\t\t\t\t\t\t\t\t\t\t\t\t\t\t<img fetchpriority=\"high\" decoding=\"async\" width=\"728\" height=\"795\" src=\"https:\/\/escueladeartesuperior.educacion.navarra.es\/web\/wp-content\/uploads\/2025\/05\/INVITACION.jpg\" class=\"attachment-large size-large wp-image-51638\" alt=\"\" srcset=\"https:\/\/escueladeartesuperior.educacion.navarra.es\/web\/wp-content\/uploads\/2025\/05\/INVITACION.jpg 728w, https:\/\/escueladeartesuperior.educacion.navarra.es\/web\/wp-content\/uploads\/2025\/05\/INVITACION-275x300.jpg 275w\" sizes=\"(max-width: 728px) 100vw, 728px\" \/>\t\t\t\t\t\t\t\t\t\t\t\t\t\t\t<\/div>\n\t\t\t\t<\/div>\n\t\t\t\t\t<\/div>\n\t\t<\/div>\n\t\t\t\t\t\t\t<\/div>\n\t\t<\/section>\n\t\t\t\t<section class=\"elementor-section elementor-top-section elementor-element elementor-element-777771e elementor-section-boxed elementor-section-height-default elementor-section-height-default\" data-id=\"777771e\" data-element_type=\"section\">\n\t\t\t\t\t\t<div class=\"elementor-container elementor-column-gap-default\">\n\t\t\t\t\t<div class=\"elementor-column elementor-col-100 elementor-top-column elementor-element elementor-element-84b6c69\" data-id=\"84b6c69\" data-element_type=\"column\">\n\t\t\t<div class=\"elementor-widget-wrap elementor-element-populated\">\n\t\t\t\t\t\t\t\t<div class=\"elementor-element elementor-element-f6c86dc elementor--h-position-center elementor--v-position-middle elementor-arrows-position-inside elementor-pagination-position-inside elementor-widget elementor-widget-slides\" data-id=\"f6c86dc\" data-element_type=\"widget\" data-settings=\"{&quot;navigation&quot;:&quot;both&quot;,&quot;autoplay&quot;:&quot;yes&quot;,&quot;pause_on_hover&quot;:&quot;yes&quot;,&quot;pause_on_interaction&quot;:&quot;yes&quot;,&quot;autoplay_speed&quot;:5000,&quot;infinite&quot;:&quot;yes&quot;,&quot;transition&quot;:&quot;slide&quot;,&quot;transition_speed&quot;:500}\" data-widget_type=\"slides.default\">\n\t\t\t\t<div class=\"elementor-widget-container\">\n\t\t\t\t\t<div class=\"elementor-swiper\">\n\t\t\t<div class=\"elementor-slides-wrapper elementor-main-swiper swiper-container\" dir=\"ltr\" data-animation=\"fadeInUp\">\n\t\t\t\t<div class=\"swiper-wrapper elementor-slides\">\n\t\t\t\t\t\t\t\t\t\t<div class=\"elementor-repeater-item-25a56ae swiper-slide\"><div class=\"swiper-slide-bg\" role=\"img\"><\/div><div class=\"swiper-slide-inner\" ><div class=\"swiper-slide-contents\"><\/div><\/div><\/div><div class=\"elementor-repeater-item-62630dc swiper-slide\"><div class=\"swiper-slide-bg\" role=\"img\"><\/div><div class=\"swiper-slide-inner\" ><div class=\"swiper-slide-contents\"><\/div><\/div><\/div><div class=\"elementor-repeater-item-ba51b5c swiper-slide\"><div class=\"swiper-slide-bg\" role=\"img\"><\/div><div class=\"swiper-slide-inner\" ><div class=\"swiper-slide-contents\"><\/div><\/div><\/div>\t\t\t\t<\/div>\n\t\t\t\t\t\t\t\t\t\t\t\t\t\t\t<div class=\"swiper-pagination\"><\/div>\n\t\t\t\t\t\t\t\t\t\t\t\t\t\t\t\t<div class=\"elementor-swiper-button elementor-swiper-button-prev\" role=\"button\" tabindex=\"0\">\n\t\t\t\t\t\t\t<i aria-hidden=\"true\" class=\"eicon-chevron-left\"><\/i>\t\t\t\t\t\t\t<span class=\"elementor-screen-only\">Previous slide<\/span>\n\t\t\t\t\t\t<\/div>\n\t\t\t\t\t\t<div class=\"elementor-swiper-button elementor-swiper-button-next\" role=\"button\" tabindex=\"0\">\n\t\t\t\t\t\t\t<i aria-hidden=\"true\" class=\"eicon-chevron-right\"><\/i>\t\t\t\t\t\t\t<span class=\"elementor-screen-only\">Next slide<\/span>\n\t\t\t\t\t\t<\/div>\n\t\t\t\t\t\t\t\t\t\t\t\t<\/div>\n\t\t<\/div>\n\t\t\t\t<\/div>\n\t\t\t\t<\/div>\n\t\t\t\t\t<\/div>\n\t\t<\/div>\n\t\t\t\t\t\t\t<\/div>\n\t\t<\/section>\n\t\t\t\t\t\t\t<\/div>\n\t\t","protected":false},"excerpt":{"rendered":"<p>Creamos el Galard\u00f3n CODINTER- Maria Forcada para premiar anualmente al mejor TFG de los Estudios Superiores de Dise\u00f1o de Interiores de la EASD de Pamplona. El pasado 22 de Mayo, en la Casa del Almirante, sede de la Fundaci\u00f3n Maria Forcada, y coincidiendo con la exposici\u00f3n conmemorativa \u00abAbriendo caminos\u00bb in memorian de la conocida dise\u00f1adora [&hellip;]<\/p>\n","protected":false},"author":1,"featured_media":51636,"comment_status":"open","ping_status":"closed","sticky":false,"template":"","format":"standard","meta":{"_genesis_hide_title":false,"_genesis_hide_breadcrumbs":false,"_genesis_hide_singular_image":false,"_genesis_hide_footer_widgets":false,"_genesis_custom_body_class":"","_genesis_custom_post_class":"","_genesis_layout":"","footnotes":""},"categories":[1314,1104,3,1,118,142],"tags":[],"_links":{"self":[{"href":"https:\/\/escueladeartesuperior.educacion.navarra.es\/web\/wp-json\/wp\/v2\/posts\/51632"}],"collection":[{"href":"https:\/\/escueladeartesuperior.educacion.navarra.es\/web\/wp-json\/wp\/v2\/posts"}],"about":[{"href":"https:\/\/escueladeartesuperior.educacion.navarra.es\/web\/wp-json\/wp\/v2\/types\/post"}],"author":[{"embeddable":true,"href":"https:\/\/escueladeartesuperior.educacion.navarra.es\/web\/wp-json\/wp\/v2\/users\/1"}],"replies":[{"embeddable":true,"href":"https:\/\/escueladeartesuperior.educacion.navarra.es\/web\/wp-json\/wp\/v2\/comments?post=51632"}],"version-history":[{"count":26,"href":"https:\/\/escueladeartesuperior.educacion.navarra.es\/web\/wp-json\/wp\/v2\/posts\/51632\/revisions"}],"predecessor-version":[{"id":51709,"href":"https:\/\/escueladeartesuperior.educacion.navarra.es\/web\/wp-json\/wp\/v2\/posts\/51632\/revisions\/51709"}],"wp:featuredmedia":[{"embeddable":true,"href":"https:\/\/escueladeartesuperior.educacion.navarra.es\/web\/wp-json\/wp\/v2\/media\/51636"}],"wp:attachment":[{"href":"https:\/\/escueladeartesuperior.educacion.navarra.es\/web\/wp-json\/wp\/v2\/media?parent=51632"}],"wp:term":[{"taxonomy":"category","embeddable":true,"href":"https:\/\/escueladeartesuperior.educacion.navarra.es\/web\/wp-json\/wp\/v2\/categories?post=51632"},{"taxonomy":"post_tag","embeddable":true,"href":"https:\/\/escueladeartesuperior.educacion.navarra.es\/web\/wp-json\/wp\/v2\/tags?post=51632"}],"curies":[{"name":"wp","href":"https:\/\/api.w.org\/{rel}","templated":true}]}}