{"id":5061,"date":"2012-05-07T10:08:22","date_gmt":"2012-05-07T08:08:22","guid":{"rendered":"http:\/\/escueladeartepamplona.paginadesarrollo.com\/?p=5061"},"modified":"2020-02-10T12:56:40","modified_gmt":"2020-02-10T11:56:40","slug":"exhibicion-de-graffiti-en-la-escuela-de-arte-de-pamplona","status":"publish","type":"post","link":"https:\/\/escueladeartesuperior.educacion.navarra.es\/web\/blog\/exhibicion-de-graffiti-en-la-escuela-de-arte-de-pamplona\/","title":{"rendered":"Exhibici\u00f3n de Graffiti en la Escuela de Arte de Pamplona"},"content":{"rendered":"<p><img fetchpriority=\"high\" decoding=\"async\" class=\"size-full wp-image-5062 alignleft\" src=\"https:\/\/escueladeartesuperior.educacion.navarra.es\/web\/wp-content\/uploads\/2020\/03\/00graffiti26-04-2012.jpg\" alt=\"\" width=\"300\" height=\"300\">Organizamos la exhibici\u00f3n para dar salida a las inquietudes creativas de cierto n\u00famero de alumnas y alumnos de bachillerato y ciclos formativos con alto inter\u00e9s por la pintura mural de graffiti.<br \/>\nLa idea surgi\u00f3 entre un grupo de alumnado y la compa\u00f1era M\u00aa Jes\u00fas Garc\u00eda al mostrarles un \u201cpowerpoint \u201cde im\u00e1genes de graffiti realizadas por compa\u00f1eros suyos, adem\u00e1s de por otros artistas murales en 1999, que siguen expuestas en la Escuela, en la zona de paso entre los edificios de calle Amaya y la plaza de Blanca de Navarra. Este \u201cpowerpoint\u201d ten\u00eda relaci\u00f3n con un congreso nacional sobre la creaci\u00f3n con j\u00f3venes patrocinado por la UPNA (Universidad P\u00fablica de Navarra), en el que participaba la Escuela de Arte, contando la experiencia con el graffiti de hace doce a\u00f1os.<br \/>\nEl alumnado solicit\u00f3 una oportunidad de reanudar ese tipo de actividad en este momento. Tras ped\u00edrseles bocetos, la Direcci\u00f3n autoriz\u00f3 y subvencion\u00f3 la exhibici\u00f3n.<br \/>\nAl conocer que se iba a realizar, alguno de los escritores de graffiti, antiguos alumnos de la Escuela y ahora ilustradores, dise\u00f1adores gr\u00e1ficos o fot\u00f3grafos, se ofrecieron a participar con sus colegas m\u00e1s j\u00f3venes, haciendo un puente entre generaciones de escritores de graffiti en Pamplona.<br \/>\nDe resultas de esta exhibici\u00f3n, en la que participaron <em>RISO<\/em>, <em>SNOZ<\/em> (<em>KEMO<\/em>), <span style=\"text-decoration: underline\">CRANK<\/span>, <em>RIDE<\/em>, <em>SAM<\/em>, <em>VICIO<\/em>, <em>PIN<\/em> y <em>JEAS<\/em>, tenemos ocho murales de graffiti: letras o im\u00e1genes figurativas, con las que decorar los muros de la escuela mostrando la obra de nuestros alumnos.<br \/>\nAdem\u00e1s la exhibici\u00f3n atrajo no solo a los alumnado, sino a gente de la calle, ya que al realizarse con las puertas abiertas posibilit\u00f3 la entrada para ver pintar, interes\u00e1ndose de paso por el Centro.<br \/>\nAl final de la tarde, y como colof\u00f3n, \u00c1ngel&nbsp; S\u00e1nchez Garro proyect\u00f3 en la sala de exposiciones el documental sobre graffiti: \u201c<strong>La piel de los muros<\/strong>\u201d, que ha realizado durante dos a\u00f1os siguiendo y entrevistando a los miembros del grupo DBR, de los cuales <em>Pin<\/em> y <em>Mosku<\/em> participaron en la exhibici\u00f3n, as\u00ed como a personas del mundo de la cultura, de la ense\u00f1anza y del arte: Imanol Aguirre, Javier Manzanos,\u2026 Este documental ya hab\u00eda sido presentado con \u00e9xito en el Centro de Arte Contempor\u00e1neo de Huarte, en la Universidad de Navarra y el d\u00eda 15 de mayo ser\u00e1 mostrado en la UPNA.<\/p>\n<h3><a href=\"https:\/\/flic.kr\/s\/aHsjze2rv1\" target=\"_blank\" rel=\"noopener noreferrer\">Galer\u00eda de im\u00e1genes<\/a><\/h3>\n","protected":false},"excerpt":{"rendered":"<p>Organizamos la exhibici\u00f3n para dar salida a las inquietudes creativas de cierto n\u00famero de alumnas y alumnos de bachillerato y ciclos formativos con alto inter\u00e9s por la pintura mural de graffiti. La idea surgi\u00f3 entre un grupo de alumnado y la compa\u00f1era M\u00aa Jes\u00fas Garc\u00eda al mostrarles un \u201cpowerpoint \u201cde im\u00e1genes de graffiti realizadas por [&hellip;]<\/p>\n","protected":false},"author":1,"featured_media":33932,"comment_status":"closed","ping_status":"open","sticky":false,"template":"","format":"standard","meta":{"_genesis_hide_title":false,"_genesis_hide_breadcrumbs":false,"_genesis_hide_singular_image":false,"_genesis_hide_footer_widgets":false,"_genesis_custom_body_class":"","_genesis_custom_post_class":"","_genesis_layout":"","footnotes":""},"categories":[4,35,11,21],"tags":[263,264,6,7,8,9,265,10,266,267,268,269,270,271,272,273,274,275],"_links":{"self":[{"href":"https:\/\/escueladeartesuperior.educacion.navarra.es\/web\/wp-json\/wp\/v2\/posts\/5061"}],"collection":[{"href":"https:\/\/escueladeartesuperior.educacion.navarra.es\/web\/wp-json\/wp\/v2\/posts"}],"about":[{"href":"https:\/\/escueladeartesuperior.educacion.navarra.es\/web\/wp-json\/wp\/v2\/types\/post"}],"author":[{"embeddable":true,"href":"https:\/\/escueladeartesuperior.educacion.navarra.es\/web\/wp-json\/wp\/v2\/users\/1"}],"replies":[{"embeddable":true,"href":"https:\/\/escueladeartesuperior.educacion.navarra.es\/web\/wp-json\/wp\/v2\/comments?post=5061"}],"version-history":[{"count":1,"href":"https:\/\/escueladeartesuperior.educacion.navarra.es\/web\/wp-json\/wp\/v2\/posts\/5061\/revisions"}],"predecessor-version":[{"id":33933,"href":"https:\/\/escueladeartesuperior.educacion.navarra.es\/web\/wp-json\/wp\/v2\/posts\/5061\/revisions\/33933"}],"wp:featuredmedia":[{"embeddable":true,"href":"https:\/\/escueladeartesuperior.educacion.navarra.es\/web\/wp-json\/wp\/v2\/media\/33932"}],"wp:attachment":[{"href":"https:\/\/escueladeartesuperior.educacion.navarra.es\/web\/wp-json\/wp\/v2\/media?parent=5061"}],"wp:term":[{"taxonomy":"category","embeddable":true,"href":"https:\/\/escueladeartesuperior.educacion.navarra.es\/web\/wp-json\/wp\/v2\/categories?post=5061"},{"taxonomy":"post_tag","embeddable":true,"href":"https:\/\/escueladeartesuperior.educacion.navarra.es\/web\/wp-json\/wp\/v2\/tags?post=5061"}],"curies":[{"name":"wp","href":"https:\/\/api.w.org\/{rel}","templated":true}]}}