{"id":49914,"date":"2024-12-05T11:52:00","date_gmt":"2024-12-05T10:52:00","guid":{"rendered":"https:\/\/escueladeartesuperior.educacion.navarra.es\/web\/?p=49914"},"modified":"2024-12-05T12:02:15","modified_gmt":"2024-12-05T11:02:15","slug":"reutilizacion-artistica","status":"publish","type":"post","link":"https:\/\/escueladeartesuperior.educacion.navarra.es\/web\/blog\/reutilizacion-artistica\/","title":{"rendered":"Reutilizaci\u00f3n art\u00edstica"},"content":{"rendered":"\t\t<div data-elementor-type=\"wp-post\" data-elementor-id=\"49914\" class=\"elementor elementor-49914\" data-elementor-post-type=\"post\">\n\t\t\t\t\t\t\t\t\t<section class=\"elementor-section elementor-top-section elementor-element elementor-element-aa4cb7a elementor-section-boxed elementor-section-height-default elementor-section-height-default\" data-id=\"aa4cb7a\" data-element_type=\"section\">\n\t\t\t\t\t\t<div class=\"elementor-container elementor-column-gap-default\">\n\t\t\t\t\t<div class=\"elementor-column elementor-col-100 elementor-top-column elementor-element elementor-element-7c2acd3\" data-id=\"7c2acd3\" data-element_type=\"column\">\n\t\t\t<div class=\"elementor-widget-wrap elementor-element-populated\">\n\t\t\t\t\t\t\t\t<div class=\"elementor-element elementor-element-ca35a8c elementor-widget elementor-widget-image\" data-id=\"ca35a8c\" data-element_type=\"widget\" data-widget_type=\"image.default\">\n\t\t\t\t<div class=\"elementor-widget-container\">\n\t\t\t\t\t\t\t\t\t\t\t\t\t\t\t<img fetchpriority=\"high\" decoding=\"async\" width=\"1600\" height=\"1200\" src=\"https:\/\/escueladeartesuperior.educacion.navarra.es\/web\/wp-content\/uploads\/2024\/12\/Foto-grupo.jpg\" class=\"attachment-full size-full wp-image-49923\" alt=\"\" srcset=\"https:\/\/escueladeartesuperior.educacion.navarra.es\/web\/wp-content\/uploads\/2024\/12\/Foto-grupo.jpg 1600w, https:\/\/escueladeartesuperior.educacion.navarra.es\/web\/wp-content\/uploads\/2024\/12\/Foto-grupo-300x225.jpg 300w, https:\/\/escueladeartesuperior.educacion.navarra.es\/web\/wp-content\/uploads\/2024\/12\/Foto-grupo-1024x768.jpg 1024w, https:\/\/escueladeartesuperior.educacion.navarra.es\/web\/wp-content\/uploads\/2024\/12\/Foto-grupo-768x576.jpg 768w, https:\/\/escueladeartesuperior.educacion.navarra.es\/web\/wp-content\/uploads\/2024\/12\/Foto-grupo-1536x1152.jpg 1536w, https:\/\/escueladeartesuperior.educacion.navarra.es\/web\/wp-content\/uploads\/2024\/12\/Foto-grupo-702x526.jpg 702w\" sizes=\"(max-width: 1600px) 100vw, 1600px\" \/>\t\t\t\t\t\t\t\t\t\t\t\t\t\t\t<\/div>\n\t\t\t\t<\/div>\n\t\t\t\t\t<\/div>\n\t\t<\/div>\n\t\t\t\t\t\t\t<\/div>\n\t\t<\/section>\n\t\t\t\t<section class=\"elementor-section elementor-top-section elementor-element elementor-element-5b5e8fd elementor-section-boxed elementor-section-height-default elementor-section-height-default\" data-id=\"5b5e8fd\" data-element_type=\"section\">\n\t\t\t\t\t\t<div class=\"elementor-container elementor-column-gap-default\">\n\t\t\t\t\t<div class=\"elementor-column elementor-col-33 elementor-top-column elementor-element elementor-element-6eb094c\" data-id=\"6eb094c\" data-element_type=\"column\">\n\t\t\t<div class=\"elementor-widget-wrap elementor-element-populated\">\n\t\t\t\t\t\t\t\t<div class=\"elementor-element elementor-element-127c091 elementor-widget elementor-widget-image\" data-id=\"127c091\" data-element_type=\"widget\" data-widget_type=\"image.default\">\n\t\t\t\t<div class=\"elementor-widget-container\">\n\t\t\t\t\t\t\t\t\t\t\t\t\t\t\t<img decoding=\"async\" width=\"276\" height=\"1024\" src=\"https:\/\/escueladeartesuperior.educacion.navarra.es\/web\/wp-content\/uploads\/2024\/12\/Prodein-Invitacioin-002-276x1024.jpg\" class=\"attachment-large size-large wp-image-49895\" alt=\"\" srcset=\"https:\/\/escueladeartesuperior.educacion.navarra.es\/web\/wp-content\/uploads\/2024\/12\/Prodein-Invitacioin-002-276x1024.jpg 276w, https:\/\/escueladeartesuperior.educacion.navarra.es\/web\/wp-content\/uploads\/2024\/12\/Prodein-Invitacioin-002-81x300.jpg 81w, https:\/\/escueladeartesuperior.educacion.navarra.es\/web\/wp-content\/uploads\/2024\/12\/Prodein-Invitacioin-002-768x2848.jpg 768w, https:\/\/escueladeartesuperior.educacion.navarra.es\/web\/wp-content\/uploads\/2024\/12\/Prodein-Invitacioin-002-414x1536.jpg 414w, https:\/\/escueladeartesuperior.educacion.navarra.es\/web\/wp-content\/uploads\/2024\/12\/Prodein-Invitacioin-002-552x2048.jpg 552w, https:\/\/escueladeartesuperior.educacion.navarra.es\/web\/wp-content\/uploads\/2024\/12\/Prodein-Invitacioin-002-scaled.jpg 690w\" sizes=\"(max-width: 276px) 100vw, 276px\" \/>\t\t\t\t\t\t\t\t\t\t\t\t\t\t\t<\/div>\n\t\t\t\t<\/div>\n\t\t\t\t\t<\/div>\n\t\t<\/div>\n\t\t\t\t<div class=\"elementor-column elementor-col-66 elementor-top-column elementor-element elementor-element-fcb12d5\" data-id=\"fcb12d5\" data-element_type=\"column\">\n\t\t\t<div class=\"elementor-widget-wrap elementor-element-populated\">\n\t\t\t\t\t\t\t\t<div class=\"elementor-element elementor-element-653b81b elementor-widget elementor-widget-text-editor\" data-id=\"653b81b\" data-element_type=\"widget\" data-widget_type=\"text-editor.default\">\n\t\t\t\t<div class=\"elementor-widget-container\">\n\t\t\t\t\t\t\t<p>Proyecto ProdeinUp, promovido por la empresa @prodeinseguridad sobre la <strong>reutilizaci\u00f3n de sus productos de prevenci\u00f3n de incendios, dentro de la econom\u00eda circular.<\/strong><\/p><p>El alumnado de <a href=\"https:\/\/escueladeartesuperior.educacion.navarra.es\/web\/estudios\/ciclos-de-grado-superior\/tecnicas-escultoricas\/\"><strong>2\u00ba de T\u00e9cnicas Escult\u00f3ricas<\/strong> <\/a>el curso pasado, reutiliz\u00f3 los extintores en desuso convirti\u00e9ndolos en esculturas.<\/p><p>El proyecto acab\u00f3 con la <strong>compra de dos obras por parte de la empresa de los alumnos Maren Galarza Berecoechea y Jokin Ostiz Leoz.<\/strong><\/p><p>A la inauguraci\u00f3n acudieron las responsables de Prodein, el consejero de Industria y de Transici\u00f3n Ecol\u00f3gica y Digital Empresarial, Mikel Irujo Amezaga.<\/p><p>Ha tenido mucha repercusi\u00f3n en las redes sociales, por si quer\u00e9is seguir investigando sobre el tema: #easdpamplona #iru\u00f1ekoagde #ense\u00f1anzasart\u00edsticas #CulturaNavarra #marcanavarra #upcyclin #zirkular #navarrazirkular #navarracircular #esculturaparaelmundoreal<\/p>\t\t\t\t\t\t<\/div>\n\t\t\t\t<\/div>\n\t\t\t\t<div class=\"elementor-element elementor-element-aa4d4eb elementor--h-position-center elementor--v-position-middle elementor-arrows-position-inside elementor-pagination-position-inside elementor-widget elementor-widget-slides\" data-id=\"aa4d4eb\" data-element_type=\"widget\" data-settings=\"{&quot;navigation&quot;:&quot;both&quot;,&quot;autoplay&quot;:&quot;yes&quot;,&quot;pause_on_hover&quot;:&quot;yes&quot;,&quot;pause_on_interaction&quot;:&quot;yes&quot;,&quot;autoplay_speed&quot;:5000,&quot;infinite&quot;:&quot;yes&quot;,&quot;transition&quot;:&quot;slide&quot;,&quot;transition_speed&quot;:500}\" data-widget_type=\"slides.default\">\n\t\t\t\t<div class=\"elementor-widget-container\">\n\t\t\t\t\t<div class=\"elementor-swiper\">\n\t\t\t<div class=\"elementor-slides-wrapper elementor-main-swiper swiper-container\" dir=\"ltr\" data-animation=\"fadeInUp\">\n\t\t\t\t<div class=\"swiper-wrapper elementor-slides\">\n\t\t\t\t\t\t\t\t\t\t<div class=\"elementor-repeater-item-400f18e swiper-slide\"><div class=\"swiper-slide-bg\" role=\"img\"><\/div><div class=\"swiper-slide-inner\" ><div class=\"swiper-slide-contents\"><\/div><\/div><\/div><div class=\"elementor-repeater-item-0c450b3 swiper-slide\"><div class=\"swiper-slide-bg\" role=\"img\"><\/div><div class=\"swiper-slide-inner\" ><div class=\"swiper-slide-contents\"><\/div><\/div><\/div><div class=\"elementor-repeater-item-af8f337 swiper-slide\"><div class=\"swiper-slide-bg\" role=\"img\"><\/div><div class=\"swiper-slide-inner\" ><div class=\"swiper-slide-contents\"><\/div><\/div><\/div><div class=\"elementor-repeater-item-19ea5ef swiper-slide\"><div class=\"swiper-slide-bg\" role=\"img\"><\/div><div class=\"swiper-slide-inner\" ><div class=\"swiper-slide-contents\"><\/div><\/div><\/div><div class=\"elementor-repeater-item-4332ae5 swiper-slide\"><div class=\"swiper-slide-bg\" role=\"img\"><\/div><div class=\"swiper-slide-inner\" ><div class=\"swiper-slide-contents\"><\/div><\/div><\/div><div class=\"elementor-repeater-item-40ea78c swiper-slide\"><div class=\"swiper-slide-bg\" role=\"img\"><\/div><div class=\"swiper-slide-inner\" ><div class=\"swiper-slide-contents\"><\/div><\/div><\/div>\t\t\t\t<\/div>\n\t\t\t\t\t\t\t\t\t\t\t\t\t\t\t<div class=\"swiper-pagination\"><\/div>\n\t\t\t\t\t\t\t\t\t\t\t\t\t\t\t\t<div class=\"elementor-swiper-button elementor-swiper-button-prev\" role=\"button\" tabindex=\"0\">\n\t\t\t\t\t\t\t<i aria-hidden=\"true\" class=\"eicon-chevron-left\"><\/i>\t\t\t\t\t\t\t<span class=\"elementor-screen-only\">Previous slide<\/span>\n\t\t\t\t\t\t<\/div>\n\t\t\t\t\t\t<div class=\"elementor-swiper-button elementor-swiper-button-next\" role=\"button\" tabindex=\"0\">\n\t\t\t\t\t\t\t<i aria-hidden=\"true\" class=\"eicon-chevron-right\"><\/i>\t\t\t\t\t\t\t<span class=\"elementor-screen-only\">Next slide<\/span>\n\t\t\t\t\t\t<\/div>\n\t\t\t\t\t\t\t\t\t\t\t\t<\/div>\n\t\t<\/div>\n\t\t\t\t<\/div>\n\t\t\t\t<\/div>\n\t\t\t\t\t<\/div>\n\t\t<\/div>\n\t\t\t\t\t\t\t<\/div>\n\t\t<\/section>\n\t\t\t\t<section class=\"elementor-section elementor-top-section elementor-element elementor-element-3293b3a elementor-section-boxed elementor-section-height-default elementor-section-height-default\" data-id=\"3293b3a\" data-element_type=\"section\">\n\t\t\t\t\t\t<div class=\"elementor-container elementor-column-gap-default\">\n\t\t\t\t\t<div class=\"elementor-column elementor-col-100 elementor-top-column elementor-element elementor-element-0afa90b\" data-id=\"0afa90b\" data-element_type=\"column\">\n\t\t\t<div class=\"elementor-widget-wrap\">\n\t\t\t\t\t\t\t\t\t<\/div>\n\t\t<\/div>\n\t\t\t\t\t\t\t<\/div>\n\t\t<\/section>\n\t\t\t\t\t\t\t<\/div>\n\t\t","protected":false},"excerpt":{"rendered":"<p>Proyecto ProdeinUp, promovido por la empresa @prodeinseguridad sobre la reutilizaci\u00f3n de sus productos de prevenci\u00f3n de incendios, dentro de la econom\u00eda circular. El alumnado de 2\u00ba de T\u00e9cnicas Escult\u00f3ricas el curso pasado, reutiliz\u00f3 los extintores en desuso convirti\u00e9ndolos en esculturas. El proyecto acab\u00f3 con la compra de dos obras por parte de la empresa de [&hellip;]<\/p>\n","protected":false},"author":1,"featured_media":48541,"comment_status":"open","ping_status":"closed","sticky":false,"template":"","format":"standard","meta":{"_genesis_hide_title":false,"_genesis_hide_breadcrumbs":false,"_genesis_hide_singular_image":false,"_genesis_hide_footer_widgets":false,"_genesis_custom_body_class":"","_genesis_custom_post_class":"","_genesis_layout":"","footnotes":""},"categories":[11,31,1,142],"tags":[652,5,352,166,1295,7,8,9,29,10,1292],"_links":{"self":[{"href":"https:\/\/escueladeartesuperior.educacion.navarra.es\/web\/wp-json\/wp\/v2\/posts\/49914"}],"collection":[{"href":"https:\/\/escueladeartesuperior.educacion.navarra.es\/web\/wp-json\/wp\/v2\/posts"}],"about":[{"href":"https:\/\/escueladeartesuperior.educacion.navarra.es\/web\/wp-json\/wp\/v2\/types\/post"}],"author":[{"embeddable":true,"href":"https:\/\/escueladeartesuperior.educacion.navarra.es\/web\/wp-json\/wp\/v2\/users\/1"}],"replies":[{"embeddable":true,"href":"https:\/\/escueladeartesuperior.educacion.navarra.es\/web\/wp-json\/wp\/v2\/comments?post=49914"}],"version-history":[{"count":4,"href":"https:\/\/escueladeartesuperior.educacion.navarra.es\/web\/wp-json\/wp\/v2\/posts\/49914\/revisions"}],"predecessor-version":[{"id":49926,"href":"https:\/\/escueladeartesuperior.educacion.navarra.es\/web\/wp-json\/wp\/v2\/posts\/49914\/revisions\/49926"}],"wp:featuredmedia":[{"embeddable":true,"href":"https:\/\/escueladeartesuperior.educacion.navarra.es\/web\/wp-json\/wp\/v2\/media\/48541"}],"wp:attachment":[{"href":"https:\/\/escueladeartesuperior.educacion.navarra.es\/web\/wp-json\/wp\/v2\/media?parent=49914"}],"wp:term":[{"taxonomy":"category","embeddable":true,"href":"https:\/\/escueladeartesuperior.educacion.navarra.es\/web\/wp-json\/wp\/v2\/categories?post=49914"},{"taxonomy":"post_tag","embeddable":true,"href":"https:\/\/escueladeartesuperior.educacion.navarra.es\/web\/wp-json\/wp\/v2\/tags?post=49914"}],"curies":[{"name":"wp","href":"https:\/\/api.w.org\/{rel}","templated":true}]}}