{"id":44491,"date":"2023-05-22T11:55:59","date_gmt":"2023-05-22T09:55:59","guid":{"rendered":"https:\/\/escueladeartesuperior.educacion.navarra.es\/web\/?p=44491"},"modified":"2023-06-21T10:15:24","modified_gmt":"2023-06-21T08:15:24","slug":"foodtrucks-para-todos-los-gustos-en-diseno-de-interiores","status":"publish","type":"post","link":"https:\/\/escueladeartesuperior.educacion.navarra.es\/web\/blog\/foodtrucks-para-todos-los-gustos-en-diseno-de-interiores\/","title":{"rendered":"Foodtrucks para todos los gustos en Dise\u00f1o de Interiores"},"content":{"rendered":"\n<p>A partir de una propuesta de Rub\u00e9n Mart\u00ednez, profesor de Proyectos V (Elementos industrializables), el alumnado de 3\u00ba de EESS de Dise\u00f1o de Interiores ha dise\u00f1ado un Foodtruck. Un Foodtruck es un cami\u00f3n o un remolque, como es en este caso, destinado a la venta ambulante de comida. El tipo de comida, el dise\u00f1o, los materiales&nbsp; y la ambientaci\u00f3n de cada Foodtruck han sido elegidos libremente por quien lo ha dise\u00f1ado.&nbsp;<\/p>\n\n\n\n<p>Se ha partido de un chasis, una plataforma horizontal con cuatro ruedas, dado por el profesor&nbsp; y se ha tenido que dise\u00f1ar la carrocer\u00eda y las instalaciones necesarias para construir el Foodtruck.<\/p>\n\n\n\n<p>Los dise\u00f1os se han modelado en Autocad y se les ha dado materiales y renderizado en SketchUp. Los paneles de presentaci\u00f3n se han realizado en Illustrator.<\/p>\n\n\n\n<div style=\"height:20px\" aria-hidden=\"true\" class=\"wp-block-spacer\"><\/div>\n\n\n\n<figure class=\"wp-block-gallery has-nested-images columns-2 is-cropped wp-block-gallery-1 is-layout-flex wp-block-gallery-is-layout-flex\">\n<figure class=\"wp-block-image size-large\"><a href=\"https:\/\/escueladeartesuperior.educacion.navarra.es\/web\/wp-content\/uploads\/2023\/05\/GARAZI-LIZARRONDO-3000-scaled.jpg\"><img fetchpriority=\"high\" decoding=\"async\" width=\"2560\" height=\"1812\" data-id=\"44489\" src=\"https:\/\/escueladeartesuperior.educacion.navarra.es\/web\/wp-content\/uploads\/2023\/05\/GARAZI-LIZARRONDO-3000-scaled.jpg\" alt=\"\" class=\"wp-image-44489\" srcset=\"https:\/\/escueladeartesuperior.educacion.navarra.es\/web\/wp-content\/uploads\/2023\/05\/GARAZI-LIZARRONDO-3000-scaled.jpg 2560w, https:\/\/escueladeartesuperior.educacion.navarra.es\/web\/wp-content\/uploads\/2023\/05\/GARAZI-LIZARRONDO-3000-300x212.jpg 300w, https:\/\/escueladeartesuperior.educacion.navarra.es\/web\/wp-content\/uploads\/2023\/05\/GARAZI-LIZARRONDO-3000-1024x725.jpg 1024w, https:\/\/escueladeartesuperior.educacion.navarra.es\/web\/wp-content\/uploads\/2023\/05\/GARAZI-LIZARRONDO-3000-768x544.jpg 768w, https:\/\/escueladeartesuperior.educacion.navarra.es\/web\/wp-content\/uploads\/2023\/05\/GARAZI-LIZARRONDO-3000-1536x1087.jpg 1536w, https:\/\/escueladeartesuperior.educacion.navarra.es\/web\/wp-content\/uploads\/2023\/05\/GARAZI-LIZARRONDO-3000-2048x1450.jpg 2048w\" sizes=\"(max-width: 2560px) 100vw, 2560px\" \/><\/a><figcaption>Garazi Lizarrondo<\/figcaption><\/figure>\n\n\n\n<figure class=\"wp-block-image size-large\"><a href=\"https:\/\/escueladeartesuperior.educacion.navarra.es\/web\/wp-content\/uploads\/2023\/05\/LAVIER-LERANOZ-3000-scaled.jpg\"><img decoding=\"async\" width=\"2560\" height=\"1207\" data-id=\"44490\" src=\"https:\/\/escueladeartesuperior.educacion.navarra.es\/web\/wp-content\/uploads\/2023\/05\/LAVIER-LERANOZ-3000-scaled.jpg\" alt=\"\" class=\"wp-image-44490\" srcset=\"https:\/\/escueladeartesuperior.educacion.navarra.es\/web\/wp-content\/uploads\/2023\/05\/LAVIER-LERANOZ-3000-scaled.jpg 2560w, https:\/\/escueladeartesuperior.educacion.navarra.es\/web\/wp-content\/uploads\/2023\/05\/LAVIER-LERANOZ-3000-300x142.jpg 300w, https:\/\/escueladeartesuperior.educacion.navarra.es\/web\/wp-content\/uploads\/2023\/05\/LAVIER-LERANOZ-3000-1024x483.jpg 1024w, https:\/\/escueladeartesuperior.educacion.navarra.es\/web\/wp-content\/uploads\/2023\/05\/LAVIER-LERANOZ-3000-768x362.jpg 768w, https:\/\/escueladeartesuperior.educacion.navarra.es\/web\/wp-content\/uploads\/2023\/05\/LAVIER-LERANOZ-3000-1536x724.jpg 1536w, https:\/\/escueladeartesuperior.educacion.navarra.es\/web\/wp-content\/uploads\/2023\/05\/LAVIER-LERANOZ-3000-2048x966.jpg 2048w\" sizes=\"(max-width: 2560px) 100vw, 2560px\" \/><\/a><figcaption>Javier Leranoz<\/figcaption><\/figure>\n\n\n\n<figure class=\"wp-block-image size-large\"><a href=\"https:\/\/escueladeartesuperior.educacion.navarra.es\/web\/wp-content\/uploads\/2023\/05\/ENARA-EZA-3000-scaled.jpg\"><img decoding=\"async\" width=\"2560\" height=\"1843\" data-id=\"44488\" src=\"https:\/\/escueladeartesuperior.educacion.navarra.es\/web\/wp-content\/uploads\/2023\/05\/ENARA-EZA-3000-scaled.jpg\" alt=\"\" class=\"wp-image-44488\" srcset=\"https:\/\/escueladeartesuperior.educacion.navarra.es\/web\/wp-content\/uploads\/2023\/05\/ENARA-EZA-3000-scaled.jpg 2560w, https:\/\/escueladeartesuperior.educacion.navarra.es\/web\/wp-content\/uploads\/2023\/05\/ENARA-EZA-3000-300x216.jpg 300w, https:\/\/escueladeartesuperior.educacion.navarra.es\/web\/wp-content\/uploads\/2023\/05\/ENARA-EZA-3000-1024x737.jpg 1024w, https:\/\/escueladeartesuperior.educacion.navarra.es\/web\/wp-content\/uploads\/2023\/05\/ENARA-EZA-3000-768x553.jpg 768w, https:\/\/escueladeartesuperior.educacion.navarra.es\/web\/wp-content\/uploads\/2023\/05\/ENARA-EZA-3000-1536x1106.jpg 1536w, https:\/\/escueladeartesuperior.educacion.navarra.es\/web\/wp-content\/uploads\/2023\/05\/ENARA-EZA-3000-2048x1475.jpg 2048w\" sizes=\"(max-width: 2560px) 100vw, 2560px\" \/><\/a><figcaption>Enara Eza<\/figcaption><\/figure>\n\n\n\n<figure class=\"wp-block-image size-large\"><a href=\"https:\/\/escueladeartesuperior.educacion.navarra.es\/web\/wp-content\/uploads\/2023\/05\/EMILY-MARTINEZ-3000-scaled.jpg\"><img loading=\"lazy\" decoding=\"async\" width=\"2560\" height=\"1812\" data-id=\"44487\" src=\"https:\/\/escueladeartesuperior.educacion.navarra.es\/web\/wp-content\/uploads\/2023\/05\/EMILY-MARTINEZ-3000-scaled.jpg\" alt=\"\" class=\"wp-image-44487\" srcset=\"https:\/\/escueladeartesuperior.educacion.navarra.es\/web\/wp-content\/uploads\/2023\/05\/EMILY-MARTINEZ-3000-scaled.jpg 2560w, https:\/\/escueladeartesuperior.educacion.navarra.es\/web\/wp-content\/uploads\/2023\/05\/EMILY-MARTINEZ-3000-300x212.jpg 300w, https:\/\/escueladeartesuperior.educacion.navarra.es\/web\/wp-content\/uploads\/2023\/05\/EMILY-MARTINEZ-3000-1024x725.jpg 1024w, https:\/\/escueladeartesuperior.educacion.navarra.es\/web\/wp-content\/uploads\/2023\/05\/EMILY-MARTINEZ-3000-768x544.jpg 768w, https:\/\/escueladeartesuperior.educacion.navarra.es\/web\/wp-content\/uploads\/2023\/05\/EMILY-MARTINEZ-3000-1536x1087.jpg 1536w, https:\/\/escueladeartesuperior.educacion.navarra.es\/web\/wp-content\/uploads\/2023\/05\/EMILY-MARTINEZ-3000-2048x1450.jpg 2048w\" sizes=\"(max-width: 2560px) 100vw, 2560px\" \/><\/a><figcaption>Emily Mart\u00ednez<\/figcaption><\/figure>\n\n\n\n<figure class=\"wp-block-image size-large\"><a href=\"https:\/\/escueladeartesuperior.educacion.navarra.es\/web\/wp-content\/uploads\/2023\/05\/AINIZE-UNCITI-3000-scaled.jpg\"><img loading=\"lazy\" decoding=\"async\" width=\"2560\" height=\"1812\" data-id=\"44486\" src=\"https:\/\/escueladeartesuperior.educacion.navarra.es\/web\/wp-content\/uploads\/2023\/05\/AINIZE-UNCITI-3000-scaled.jpg\" alt=\"\" class=\"wp-image-44486\" srcset=\"https:\/\/escueladeartesuperior.educacion.navarra.es\/web\/wp-content\/uploads\/2023\/05\/AINIZE-UNCITI-3000-scaled.jpg 2560w, https:\/\/escueladeartesuperior.educacion.navarra.es\/web\/wp-content\/uploads\/2023\/05\/AINIZE-UNCITI-3000-300x212.jpg 300w, https:\/\/escueladeartesuperior.educacion.navarra.es\/web\/wp-content\/uploads\/2023\/05\/AINIZE-UNCITI-3000-1024x725.jpg 1024w, https:\/\/escueladeartesuperior.educacion.navarra.es\/web\/wp-content\/uploads\/2023\/05\/AINIZE-UNCITI-3000-768x544.jpg 768w, https:\/\/escueladeartesuperior.educacion.navarra.es\/web\/wp-content\/uploads\/2023\/05\/AINIZE-UNCITI-3000-1536x1087.jpg 1536w, https:\/\/escueladeartesuperior.educacion.navarra.es\/web\/wp-content\/uploads\/2023\/05\/AINIZE-UNCITI-3000-2048x1450.jpg 2048w\" sizes=\"(max-width: 2560px) 100vw, 2560px\" \/><\/a><figcaption>Ainize Unciti<\/figcaption><\/figure>\n\n\n\n<figure class=\"wp-block-image size-large\"><a href=\"https:\/\/escueladeartesuperior.educacion.navarra.es\/web\/wp-content\/uploads\/2023\/05\/UXUE-ZABALA-3000-scaled.jpg\"><img loading=\"lazy\" decoding=\"async\" width=\"2560\" height=\"1812\" data-id=\"44485\" src=\"https:\/\/escueladeartesuperior.educacion.navarra.es\/web\/wp-content\/uploads\/2023\/05\/UXUE-ZABALA-3000-scaled.jpg\" alt=\"\" class=\"wp-image-44485\" srcset=\"https:\/\/escueladeartesuperior.educacion.navarra.es\/web\/wp-content\/uploads\/2023\/05\/UXUE-ZABALA-3000-scaled.jpg 2560w, https:\/\/escueladeartesuperior.educacion.navarra.es\/web\/wp-content\/uploads\/2023\/05\/UXUE-ZABALA-3000-300x212.jpg 300w, https:\/\/escueladeartesuperior.educacion.navarra.es\/web\/wp-content\/uploads\/2023\/05\/UXUE-ZABALA-3000-1024x725.jpg 1024w, https:\/\/escueladeartesuperior.educacion.navarra.es\/web\/wp-content\/uploads\/2023\/05\/UXUE-ZABALA-3000-768x544.jpg 768w, https:\/\/escueladeartesuperior.educacion.navarra.es\/web\/wp-content\/uploads\/2023\/05\/UXUE-ZABALA-3000-1536x1087.jpg 1536w, https:\/\/escueladeartesuperior.educacion.navarra.es\/web\/wp-content\/uploads\/2023\/05\/UXUE-ZABALA-3000-2048x1450.jpg 2048w\" sizes=\"(max-width: 2560px) 100vw, 2560px\" \/><\/a><figcaption>Uxue Zabala<\/figcaption><\/figure>\n\n\n\n<figure class=\"wp-block-image size-large\"><a href=\"https:\/\/escueladeartesuperior.educacion.navarra.es\/web\/wp-content\/uploads\/2023\/05\/PAULA-ESCRIBANO-3000-scaled.jpg\"><img loading=\"lazy\" decoding=\"async\" width=\"2560\" height=\"1812\" data-id=\"44483\" src=\"https:\/\/escueladeartesuperior.educacion.navarra.es\/web\/wp-content\/uploads\/2023\/05\/PAULA-ESCRIBANO-3000-scaled.jpg\" alt=\"\" class=\"wp-image-44483\" srcset=\"https:\/\/escueladeartesuperior.educacion.navarra.es\/web\/wp-content\/uploads\/2023\/05\/PAULA-ESCRIBANO-3000-scaled.jpg 2560w, https:\/\/escueladeartesuperior.educacion.navarra.es\/web\/wp-content\/uploads\/2023\/05\/PAULA-ESCRIBANO-3000-300x212.jpg 300w, https:\/\/escueladeartesuperior.educacion.navarra.es\/web\/wp-content\/uploads\/2023\/05\/PAULA-ESCRIBANO-3000-1024x725.jpg 1024w, https:\/\/escueladeartesuperior.educacion.navarra.es\/web\/wp-content\/uploads\/2023\/05\/PAULA-ESCRIBANO-3000-768x544.jpg 768w, https:\/\/escueladeartesuperior.educacion.navarra.es\/web\/wp-content\/uploads\/2023\/05\/PAULA-ESCRIBANO-3000-1536x1087.jpg 1536w, https:\/\/escueladeartesuperior.educacion.navarra.es\/web\/wp-content\/uploads\/2023\/05\/PAULA-ESCRIBANO-3000-2048x1450.jpg 2048w\" sizes=\"(max-width: 2560px) 100vw, 2560px\" \/><\/a><figcaption>Paula Escribano<\/figcaption><\/figure>\n\n\n\n<figure class=\"wp-block-image size-large\"><a href=\"https:\/\/escueladeartesuperior.educacion.navarra.es\/web\/wp-content\/uploads\/2023\/05\/NEREA-ARRONDO-3000-scaled.jpg\"><img loading=\"lazy\" decoding=\"async\" width=\"2560\" height=\"1818\" data-id=\"44482\" src=\"https:\/\/escueladeartesuperior.educacion.navarra.es\/web\/wp-content\/uploads\/2023\/05\/NEREA-ARRONDO-3000-scaled.jpg\" alt=\"\" class=\"wp-image-44482\" srcset=\"https:\/\/escueladeartesuperior.educacion.navarra.es\/web\/wp-content\/uploads\/2023\/05\/NEREA-ARRONDO-3000-scaled.jpg 2560w, https:\/\/escueladeartesuperior.educacion.navarra.es\/web\/wp-content\/uploads\/2023\/05\/NEREA-ARRONDO-3000-300x213.jpg 300w, https:\/\/escueladeartesuperior.educacion.navarra.es\/web\/wp-content\/uploads\/2023\/05\/NEREA-ARRONDO-3000-1024x727.jpg 1024w, https:\/\/escueladeartesuperior.educacion.navarra.es\/web\/wp-content\/uploads\/2023\/05\/NEREA-ARRONDO-3000-768x546.jpg 768w, https:\/\/escueladeartesuperior.educacion.navarra.es\/web\/wp-content\/uploads\/2023\/05\/NEREA-ARRONDO-3000-1536x1091.jpg 1536w, https:\/\/escueladeartesuperior.educacion.navarra.es\/web\/wp-content\/uploads\/2023\/05\/NEREA-ARRONDO-3000-2048x1455.jpg 2048w\" sizes=\"(max-width: 2560px) 100vw, 2560px\" \/><\/a><figcaption>Nerea Arrondo<\/figcaption><\/figure>\n\n\n\n<figure class=\"wp-block-image size-large\"><a href=\"https:\/\/escueladeartesuperior.educacion.navarra.es\/web\/wp-content\/uploads\/2023\/05\/RAQUEL-LORENTE-3000-scaled.jpg\"><img loading=\"lazy\" decoding=\"async\" width=\"2560\" height=\"1208\" data-id=\"44484\" src=\"https:\/\/escueladeartesuperior.educacion.navarra.es\/web\/wp-content\/uploads\/2023\/05\/RAQUEL-LORENTE-3000-scaled.jpg\" alt=\"\" class=\"wp-image-44484\" srcset=\"https:\/\/escueladeartesuperior.educacion.navarra.es\/web\/wp-content\/uploads\/2023\/05\/RAQUEL-LORENTE-3000-scaled.jpg 2560w, https:\/\/escueladeartesuperior.educacion.navarra.es\/web\/wp-content\/uploads\/2023\/05\/RAQUEL-LORENTE-3000-300x142.jpg 300w, https:\/\/escueladeartesuperior.educacion.navarra.es\/web\/wp-content\/uploads\/2023\/05\/RAQUEL-LORENTE-3000-1024x483.jpg 1024w, https:\/\/escueladeartesuperior.educacion.navarra.es\/web\/wp-content\/uploads\/2023\/05\/RAQUEL-LORENTE-3000-768x362.jpg 768w, https:\/\/escueladeartesuperior.educacion.navarra.es\/web\/wp-content\/uploads\/2023\/05\/RAQUEL-LORENTE-3000-1536x725.jpg 1536w, https:\/\/escueladeartesuperior.educacion.navarra.es\/web\/wp-content\/uploads\/2023\/05\/RAQUEL-LORENTE-3000-2048x967.jpg 2048w\" sizes=\"(max-width: 2560px) 100vw, 2560px\" \/><\/a><figcaption>Raquel Lorente<\/figcaption><\/figure>\n<\/figure>\n","protected":false},"excerpt":{"rendered":"<p>A partir de una propuesta de Rub\u00e9n Mart\u00ednez, profesor de Proyectos V (Elementos industrializables), el alumnado de 3\u00ba de EESS de Dise\u00f1o de Interiores ha dise\u00f1ado un Foodtruck. Un Foodtruck es un cami\u00f3n o un remolque, como es en este caso, destinado a la venta ambulante de comida. El tipo de comida, el dise\u00f1o, los [&hellip;]<\/p>\n","protected":false},"author":1,"featured_media":44488,"comment_status":"open","ping_status":"closed","sticky":false,"template":"","format":"standard","meta":{"_genesis_hide_title":false,"_genesis_hide_breadcrumbs":false,"_genesis_hide_singular_image":true,"_genesis_hide_footer_widgets":false,"_genesis_custom_body_class":"","_genesis_custom_post_class":"","_genesis_layout":"","footnotes":""},"categories":[1104,1],"tags":[1217,1083,1218,8,1216,10],"_links":{"self":[{"href":"https:\/\/escueladeartesuperior.educacion.navarra.es\/web\/wp-json\/wp\/v2\/posts\/44491"}],"collection":[{"href":"https:\/\/escueladeartesuperior.educacion.navarra.es\/web\/wp-json\/wp\/v2\/posts"}],"about":[{"href":"https:\/\/escueladeartesuperior.educacion.navarra.es\/web\/wp-json\/wp\/v2\/types\/post"}],"author":[{"embeddable":true,"href":"https:\/\/escueladeartesuperior.educacion.navarra.es\/web\/wp-json\/wp\/v2\/users\/1"}],"replies":[{"embeddable":true,"href":"https:\/\/escueladeartesuperior.educacion.navarra.es\/web\/wp-json\/wp\/v2\/comments?post=44491"}],"version-history":[{"count":16,"href":"https:\/\/escueladeartesuperior.educacion.navarra.es\/web\/wp-json\/wp\/v2\/posts\/44491\/revisions"}],"predecessor-version":[{"id":45139,"href":"https:\/\/escueladeartesuperior.educacion.navarra.es\/web\/wp-json\/wp\/v2\/posts\/44491\/revisions\/45139"}],"wp:featuredmedia":[{"embeddable":true,"href":"https:\/\/escueladeartesuperior.educacion.navarra.es\/web\/wp-json\/wp\/v2\/media\/44488"}],"wp:attachment":[{"href":"https:\/\/escueladeartesuperior.educacion.navarra.es\/web\/wp-json\/wp\/v2\/media?parent=44491"}],"wp:term":[{"taxonomy":"category","embeddable":true,"href":"https:\/\/escueladeartesuperior.educacion.navarra.es\/web\/wp-json\/wp\/v2\/categories?post=44491"},{"taxonomy":"post_tag","embeddable":true,"href":"https:\/\/escueladeartesuperior.educacion.navarra.es\/web\/wp-json\/wp\/v2\/tags?post=44491"}],"curies":[{"name":"wp","href":"https:\/\/api.w.org\/{rel}","templated":true}]}}