{"id":41352,"date":"2022-05-18T13:39:07","date_gmt":"2022-05-18T11:39:07","guid":{"rendered":"https:\/\/escueladeartesuperior.educacion.navarra.es\/web\/?p=41352"},"modified":"2022-05-26T12:59:26","modified_gmt":"2022-05-26T10:59:26","slug":"eess-de-diseno-viaja-a-madrid","status":"publish","type":"post","link":"https:\/\/escueladeartesuperior.educacion.navarra.es\/web\/blog\/eess-de-diseno-viaja-a-madrid\/","title":{"rendered":"EESS de Dise\u00f1o de Interiores viaja a Madrid"},"content":{"rendered":"\n<div style=\"height:10px\" aria-hidden=\"true\" class=\"wp-block-spacer\"><\/div>\n\n\n\n<figure class=\"wp-block-image size-full\"><img fetchpriority=\"high\" decoding=\"async\" width=\"750\" height=\"1000\" src=\"https:\/\/escueladeartesuperior.educacion.navarra.es\/web\/wp-content\/uploads\/2022\/05\/03.01.-En-la-puerta-de-Casa-Decor.png\" alt=\"\" class=\"wp-image-41341\" srcset=\"https:\/\/escueladeartesuperior.educacion.navarra.es\/web\/wp-content\/uploads\/2022\/05\/03.01.-En-la-puerta-de-Casa-Decor.png 750w, https:\/\/escueladeartesuperior.educacion.navarra.es\/web\/wp-content\/uploads\/2022\/05\/03.01.-En-la-puerta-de-Casa-Decor-225x300.png 225w\" sizes=\"(max-width: 750px) 100vw, 750px\" \/><\/figure>\n\n\n\n<hr class=\"wp-block-separator is-style-wide\"\/>\n\n\n\n<p>Los d\u00edas 30 de Abril y 1 de Mayo, alumnado de  EESS de Dise\u00f1o de Interiores, acompa\u00f1ados por la profesora de Historia, Patricia Mara\u00f1\u00f3n, viaj\u00f3 a Madrid para disfrutar de una intensa estancia en la capital, con visitas a varias muestras y exposiciones:<\/p>\n\n\n\n<p>\u00b7  Museo Nacional de Artes Decorativas: Dos exposiciones muy interesantes:<em> <em>Esperanza y Utop\u00eda<\/em> y <em>El af\u00e1n moderno. Muebles e interiores en la Espa\u00f1a de los a\u00f1os 30<\/em><\/em>. <em><a rel=\"noreferrer noopener\" href=\"https:\/\/www.culturaydeporte.gob.es\/mnartesdecorativas\/exposiciones\/actuales.html\" target=\"_blank\">https:\/\/www.culturaydeporte.gob.es\/mnartesdecorativas\/exposiciones\/actuales.html<\/a><\/em><\/p>\n\n\n\n<p>\u00b7  Showroom Vitra:&nbsp;<a href=\"https:\/\/n9.cl\/q8urd\">https:\/\/n9.cl\/q8urd<\/a><\/p>\n\n\n\n<p>\u00b7  Casa Decor 2022:&nbsp;<a rel=\"noreferrer noopener\" href=\"https:\/\/casadecor.es\/madrid-2022\/\" target=\"_blank\">https:\/\/casadecor.es\/madrid-2022<\/a><\/p>\n\n\n\n<p>\u00b7  Matadero Madrid:<a href=\"https:\/\/www.mataderomadrid.org\/\"><em>&nbsp;<\/em><\/a><em><a rel=\"noreferrer noopener\" href=\"https:\/\/www.mataderomadrid.org\/\" target=\"_blank\">https:\/\/www.mataderomadrid.org<\/a><\/em><\/p>\n\n\n\n<hr class=\"wp-block-separator is-style-wide\"\/>\n\n\n\n<figure class=\"wp-block-gallery has-nested-images columns-default is-cropped wp-block-gallery-1 is-layout-flex wp-block-gallery-is-layout-flex\">\n<figure class=\"wp-block-image size-large\"><img decoding=\"async\" width=\"1200\" height=\"540\" data-id=\"41346\" src=\"https:\/\/escueladeartesuperior.educacion.navarra.es\/web\/wp-content\/uploads\/2022\/05\/03.06.-CD.png\" alt=\"\" class=\"wp-image-41346\" srcset=\"https:\/\/escueladeartesuperior.educacion.navarra.es\/web\/wp-content\/uploads\/2022\/05\/03.06.-CD.png 1200w, https:\/\/escueladeartesuperior.educacion.navarra.es\/web\/wp-content\/uploads\/2022\/05\/03.06.-CD-300x135.png 300w, https:\/\/escueladeartesuperior.educacion.navarra.es\/web\/wp-content\/uploads\/2022\/05\/03.06.-CD-1024x461.png 1024w, https:\/\/escueladeartesuperior.educacion.navarra.es\/web\/wp-content\/uploads\/2022\/05\/03.06.-CD-768x346.png 768w\" sizes=\"(max-width: 1200px) 100vw, 1200px\" \/><\/figure>\n\n\n\n<figure class=\"wp-block-image size-large\"><img decoding=\"async\" width=\"1200\" height=\"540\" data-id=\"41345\" src=\"https:\/\/escueladeartesuperior.educacion.navarra.es\/web\/wp-content\/uploads\/2022\/05\/03.05.-CD.png\" alt=\"\" class=\"wp-image-41345\" srcset=\"https:\/\/escueladeartesuperior.educacion.navarra.es\/web\/wp-content\/uploads\/2022\/05\/03.05.-CD.png 1200w, https:\/\/escueladeartesuperior.educacion.navarra.es\/web\/wp-content\/uploads\/2022\/05\/03.05.-CD-300x135.png 300w, https:\/\/escueladeartesuperior.educacion.navarra.es\/web\/wp-content\/uploads\/2022\/05\/03.05.-CD-1024x461.png 1024w, https:\/\/escueladeartesuperior.educacion.navarra.es\/web\/wp-content\/uploads\/2022\/05\/03.05.-CD-768x346.png 768w\" sizes=\"(max-width: 1200px) 100vw, 1200px\" \/><\/figure>\n\n\n\n<figure class=\"wp-block-image size-large\"><img loading=\"lazy\" decoding=\"async\" width=\"1200\" height=\"540\" data-id=\"41344\" src=\"https:\/\/escueladeartesuperior.educacion.navarra.es\/web\/wp-content\/uploads\/2022\/05\/03.04.-CD.png\" alt=\"\" class=\"wp-image-41344\" srcset=\"https:\/\/escueladeartesuperior.educacion.navarra.es\/web\/wp-content\/uploads\/2022\/05\/03.04.-CD.png 1200w, https:\/\/escueladeartesuperior.educacion.navarra.es\/web\/wp-content\/uploads\/2022\/05\/03.04.-CD-300x135.png 300w, https:\/\/escueladeartesuperior.educacion.navarra.es\/web\/wp-content\/uploads\/2022\/05\/03.04.-CD-1024x461.png 1024w, https:\/\/escueladeartesuperior.educacion.navarra.es\/web\/wp-content\/uploads\/2022\/05\/03.04.-CD-768x346.png 768w\" sizes=\"(max-width: 1200px) 100vw, 1200px\" \/><\/figure>\n\n\n\n<figure class=\"wp-block-image size-large\"><img loading=\"lazy\" decoding=\"async\" width=\"1200\" height=\"540\" data-id=\"41342\" src=\"https:\/\/escueladeartesuperior.educacion.navarra.es\/web\/wp-content\/uploads\/2022\/05\/03.02.-CD.png\" alt=\"\" class=\"wp-image-41342\" srcset=\"https:\/\/escueladeartesuperior.educacion.navarra.es\/web\/wp-content\/uploads\/2022\/05\/03.02.-CD.png 1200w, https:\/\/escueladeartesuperior.educacion.navarra.es\/web\/wp-content\/uploads\/2022\/05\/03.02.-CD-300x135.png 300w, https:\/\/escueladeartesuperior.educacion.navarra.es\/web\/wp-content\/uploads\/2022\/05\/03.02.-CD-1024x461.png 1024w, https:\/\/escueladeartesuperior.educacion.navarra.es\/web\/wp-content\/uploads\/2022\/05\/03.02.-CD-768x346.png 768w\" sizes=\"(max-width: 1200px) 100vw, 1200px\" \/><\/figure>\n\n\n\n<figure class=\"wp-block-image size-large\"><img loading=\"lazy\" decoding=\"async\" width=\"1000\" height=\"562\" data-id=\"41347\" src=\"https:\/\/escueladeartesuperior.educacion.navarra.es\/web\/wp-content\/uploads\/2022\/05\/03.07.-CD.png\" alt=\"\" class=\"wp-image-41347\" srcset=\"https:\/\/escueladeartesuperior.educacion.navarra.es\/web\/wp-content\/uploads\/2022\/05\/03.07.-CD.png 1000w, https:\/\/escueladeartesuperior.educacion.navarra.es\/web\/wp-content\/uploads\/2022\/05\/03.07.-CD-300x169.png 300w, https:\/\/escueladeartesuperior.educacion.navarra.es\/web\/wp-content\/uploads\/2022\/05\/03.07.-CD-768x432.png 768w\" sizes=\"(max-width: 1000px) 100vw, 1000px\" \/><\/figure>\n\n\n\n<figure class=\"wp-block-image size-full\"><img loading=\"lazy\" decoding=\"async\" width=\"1000\" height=\"450\" data-id=\"41348\" src=\"https:\/\/escueladeartesuperior.educacion.navarra.es\/web\/wp-content\/uploads\/2022\/05\/01.-Museo-Artes-decorativas_.png\" alt=\"\" class=\"wp-image-41348\" srcset=\"https:\/\/escueladeartesuperior.educacion.navarra.es\/web\/wp-content\/uploads\/2022\/05\/01.-Museo-Artes-decorativas_.png 1000w, https:\/\/escueladeartesuperior.educacion.navarra.es\/web\/wp-content\/uploads\/2022\/05\/01.-Museo-Artes-decorativas_-300x135.png 300w, https:\/\/escueladeartesuperior.educacion.navarra.es\/web\/wp-content\/uploads\/2022\/05\/01.-Museo-Artes-decorativas_-768x346.png 768w\" sizes=\"(max-width: 1000px) 100vw, 1000px\" \/><\/figure>\n<\/figure>\n\n\n\n<p><\/p>\n","protected":false},"excerpt":{"rendered":"<p>Los d\u00edas 30 de Abril y 1 de Mayo, alumnado de EESS de Dise\u00f1o de Interiores, acompa\u00f1ados por la profesora de Historia, Patricia Mara\u00f1\u00f3n, viaj\u00f3 a Madrid para disfrutar de una intensa estancia en la capital, con visitas a varias muestras y exposiciones: \u00b7 Museo Nacional de Artes Decorativas: Dos exposiciones muy interesantes: Esperanza y [&hellip;]<\/p>\n","protected":false},"author":1,"featured_media":41341,"comment_status":"open","ping_status":"closed","sticky":false,"template":"","format":"standard","meta":{"_genesis_hide_title":false,"_genesis_hide_breadcrumbs":false,"_genesis_hide_singular_image":true,"_genesis_hide_footer_widgets":false,"_genesis_custom_body_class":"","_genesis_custom_post_class":"","_genesis_layout":"","footnotes":""},"categories":[1104,3,1,141],"tags":[],"_links":{"self":[{"href":"https:\/\/escueladeartesuperior.educacion.navarra.es\/web\/wp-json\/wp\/v2\/posts\/41352"}],"collection":[{"href":"https:\/\/escueladeartesuperior.educacion.navarra.es\/web\/wp-json\/wp\/v2\/posts"}],"about":[{"href":"https:\/\/escueladeartesuperior.educacion.navarra.es\/web\/wp-json\/wp\/v2\/types\/post"}],"author":[{"embeddable":true,"href":"https:\/\/escueladeartesuperior.educacion.navarra.es\/web\/wp-json\/wp\/v2\/users\/1"}],"replies":[{"embeddable":true,"href":"https:\/\/escueladeartesuperior.educacion.navarra.es\/web\/wp-json\/wp\/v2\/comments?post=41352"}],"version-history":[{"count":8,"href":"https:\/\/escueladeartesuperior.educacion.navarra.es\/web\/wp-json\/wp\/v2\/posts\/41352\/revisions"}],"predecessor-version":[{"id":41360,"href":"https:\/\/escueladeartesuperior.educacion.navarra.es\/web\/wp-json\/wp\/v2\/posts\/41352\/revisions\/41360"}],"wp:featuredmedia":[{"embeddable":true,"href":"https:\/\/escueladeartesuperior.educacion.navarra.es\/web\/wp-json\/wp\/v2\/media\/41341"}],"wp:attachment":[{"href":"https:\/\/escueladeartesuperior.educacion.navarra.es\/web\/wp-json\/wp\/v2\/media?parent=41352"}],"wp:term":[{"taxonomy":"category","embeddable":true,"href":"https:\/\/escueladeartesuperior.educacion.navarra.es\/web\/wp-json\/wp\/v2\/categories?post=41352"},{"taxonomy":"post_tag","embeddable":true,"href":"https:\/\/escueladeartesuperior.educacion.navarra.es\/web\/wp-json\/wp\/v2\/tags?post=41352"}],"curies":[{"name":"wp","href":"https:\/\/api.w.org\/{rel}","templated":true}]}}