{"id":39770,"date":"2021-12-22T02:41:48","date_gmt":"2021-12-22T01:41:48","guid":{"rendered":"https:\/\/escueladeartesuperior.educacion.navarra.es\/web\/?p=39770"},"modified":"2022-12-16T11:57:44","modified_gmt":"2022-12-16T10:57:44","slug":"concurso-felicitacion-ano-nuevo-2022","status":"publish","type":"post","link":"https:\/\/escueladeartesuperior.educacion.navarra.es\/web\/blog\/concurso-felicitacion-ano-nuevo-2022\/","title":{"rendered":"Concurso \u00abFelicitaci\u00f3n A\u00f1o Nuevo\u00bb 2022"},"content":{"rendered":"\n<div style=\"height:10px\" aria-hidden=\"true\" class=\"wp-block-spacer\"><\/div>\n\n\n\n<figure class=\"wp-block-image size-large\"><a href=\"https:\/\/youtu.be\/eyAVlEXGEpA\" target=\"_blank\" rel=\"noopener\"><img fetchpriority=\"high\" decoding=\"async\" width=\"1024\" height=\"1024\" src=\"https:\/\/escueladeartesuperior.educacion.navarra.es\/web\/wp-content\/uploads\/2021\/12\/Maider-1024x1024.jpg\" alt=\"\" class=\"wp-image-39772\" srcset=\"https:\/\/escueladeartesuperior.educacion.navarra.es\/web\/wp-content\/uploads\/2021\/12\/Maider-1024x1024.jpg 1024w, https:\/\/escueladeartesuperior.educacion.navarra.es\/web\/wp-content\/uploads\/2021\/12\/Maider-300x300.jpg 300w, https:\/\/escueladeartesuperior.educacion.navarra.es\/web\/wp-content\/uploads\/2021\/12\/Maider-150x150.jpg 150w, https:\/\/escueladeartesuperior.educacion.navarra.es\/web\/wp-content\/uploads\/2021\/12\/Maider-768x768.jpg 768w, https:\/\/escueladeartesuperior.educacion.navarra.es\/web\/wp-content\/uploads\/2021\/12\/Maider-75x75.jpg 75w, https:\/\/escueladeartesuperior.educacion.navarra.es\/web\/wp-content\/uploads\/2021\/12\/Maider.jpg 1080w\" sizes=\"(max-width: 1024px) 100vw, 1024px\" \/><\/a><figcaption><a href=\"https:\/\/youtu.be\/eyAVlEXGEpA\" target=\"_blank\" rel=\"noreferrer noopener\">Maider Os\u00eda<\/a><\/figcaption><\/figure>\n\n\n\n<div class=\"wp-block-columns is-layout-flex wp-container-core-columns-layout-1 wp-block-columns-is-layout-flex\">\n<div class=\"wp-block-column is-layout-flow wp-block-column-is-layout-flow\" style=\"flex-basis:66.66%\">\n<p>Un a\u00f1o m\u00e1s por estas fechas, se han otorgado los premios del concurso \u00abFelicitaci\u00f3n A\u00f1o Nuevo\u00bb de la Escuela. <\/p>\n\n\n\n<p>La primera clasificada en la categor\u00eda Gr\u00e1fica ha sido Nery Espinoza de 2\u00ba de Ilustraci\u00f3n y se ha concedido el acc\u00e9sit a Mat\u00edas Cruz de 2\u00ba de Grabado.<\/p>\n\n\n\n<p>El primer premio en la categor\u00eda de Animaci\u00f3n ha sido para Maider Os\u00eda  de 2\u00ba de Gr\u00e1fica Audiovisual, por \u00abUn dos mil veintid\u00f3s lleno de arte\u00bb. <\/p>\n\n\n\n<p>En su segundo a\u00f1o en concurso, la categor\u00eda de Animaci\u00f3n ha sorprendido tanto por la calidad como por la originalidad de las propuestas y se han concedido hasta cuatro acc\u00e9sit, todos para alumnado de 2\u00ba de Gr\u00e1fica Audiovisual.<\/p>\n\n\n\n<p>\u00abA\u00f1o nuevo, vida nueva\u00bb de Xabier Martiartu, \u00abArt Is A Gamble\u00bb de David Gonzalves, \u00abPostal A\u00f1o Nuevo 2022\u00bb de Jose Manuel Garc\u00eda de Vinuesa y \u00abMateria Prima\u00bb de Adina Kiszela, han sido los trabajos galardonados con los acc\u00e9sit en la categor\u00eda de Animaci\u00f3n.<\/p>\n<\/div>\n\n\n\n<div class=\"wp-block-column is-layout-flow wp-block-column-is-layout-flow\" style=\"flex-basis:33.33%\">\n<figure class=\"wp-block-image size-large is-resized\"><img decoding=\"async\" src=\"https:\/\/escueladeartesuperior.educacion.navarra.es\/web\/wp-content\/uploads\/2021\/12\/Nery-EspinozaTarjeta-734x1024.jpg\" alt=\"\" class=\"wp-image-39778\" width=\"230\" height=\"320\" srcset=\"https:\/\/escueladeartesuperior.educacion.navarra.es\/web\/wp-content\/uploads\/2021\/12\/Nery-EspinozaTarjeta-734x1024.jpg 734w, https:\/\/escueladeartesuperior.educacion.navarra.es\/web\/wp-content\/uploads\/2021\/12\/Nery-EspinozaTarjeta-215x300.jpg 215w, https:\/\/escueladeartesuperior.educacion.navarra.es\/web\/wp-content\/uploads\/2021\/12\/Nery-EspinozaTarjeta-768x1071.jpg 768w, https:\/\/escueladeartesuperior.educacion.navarra.es\/web\/wp-content\/uploads\/2021\/12\/Nery-EspinozaTarjeta-1101x1536.jpg 1101w, https:\/\/escueladeartesuperior.educacion.navarra.es\/web\/wp-content\/uploads\/2021\/12\/Nery-EspinozaTarjeta.jpg 1280w\" sizes=\"(max-width: 230px) 100vw, 230px\" \/><figcaption>Nery Espinoza<\/figcaption><\/figure>\n<\/div>\n<\/div>\n\n\n\n<div class=\"wp-block-columns is-layout-flex wp-container-core-columns-layout-2 wp-block-columns-is-layout-flex\">\n<div class=\"wp-block-column is-vertically-aligned-bottom is-layout-flow wp-block-column-is-layout-flow\">\n<figure class=\"wp-block-image size-large\"><a href=\"https:\/\/youtu.be\/SwekconYTcI\" target=\"_blank\" rel=\"noopener\"><img decoding=\"async\" width=\"1024\" height=\"1024\" src=\"https:\/\/escueladeartesuperior.educacion.navarra.es\/web\/wp-content\/uploads\/2021\/12\/Xabi-1024x1024.jpg\" alt=\"\" class=\"wp-image-39776\" srcset=\"https:\/\/escueladeartesuperior.educacion.navarra.es\/web\/wp-content\/uploads\/2021\/12\/Xabi-1024x1024.jpg 1024w, https:\/\/escueladeartesuperior.educacion.navarra.es\/web\/wp-content\/uploads\/2021\/12\/Xabi-300x300.jpg 300w, https:\/\/escueladeartesuperior.educacion.navarra.es\/web\/wp-content\/uploads\/2021\/12\/Xabi-150x150.jpg 150w, https:\/\/escueladeartesuperior.educacion.navarra.es\/web\/wp-content\/uploads\/2021\/12\/Xabi-768x768.jpg 768w, https:\/\/escueladeartesuperior.educacion.navarra.es\/web\/wp-content\/uploads\/2021\/12\/Xabi-75x75.jpg 75w, https:\/\/escueladeartesuperior.educacion.navarra.es\/web\/wp-content\/uploads\/2021\/12\/Xabi.jpg 1080w\" sizes=\"(max-width: 1024px) 100vw, 1024px\" \/><\/a><figcaption><a href=\"https:\/\/www.youtube.com\/watch?v=SwekconYTcI\" target=\"_blank\" rel=\"noreferrer noopener\">Xabier Martiartu<\/a><\/figcaption><\/figure>\n<\/div>\n\n\n\n<div class=\"wp-block-column is-vertically-aligned-bottom is-layout-flow wp-block-column-is-layout-flow\">\n<figure class=\"wp-block-image size-large\"><a href=\"https:\/\/youtu.be\/A9PGkhXrUuo\" target=\"_blank\" rel=\"noopener\"><img loading=\"lazy\" decoding=\"async\" width=\"1024\" height=\"1024\" src=\"https:\/\/escueladeartesuperior.educacion.navarra.es\/web\/wp-content\/uploads\/2021\/12\/David-1024x1024.jpg\" alt=\"\" class=\"wp-image-39775\" srcset=\"https:\/\/escueladeartesuperior.educacion.navarra.es\/web\/wp-content\/uploads\/2021\/12\/David-1024x1024.jpg 1024w, https:\/\/escueladeartesuperior.educacion.navarra.es\/web\/wp-content\/uploads\/2021\/12\/David-300x300.jpg 300w, https:\/\/escueladeartesuperior.educacion.navarra.es\/web\/wp-content\/uploads\/2021\/12\/David-150x150.jpg 150w, https:\/\/escueladeartesuperior.educacion.navarra.es\/web\/wp-content\/uploads\/2021\/12\/David-768x768.jpg 768w, https:\/\/escueladeartesuperior.educacion.navarra.es\/web\/wp-content\/uploads\/2021\/12\/David-75x75.jpg 75w, https:\/\/escueladeartesuperior.educacion.navarra.es\/web\/wp-content\/uploads\/2021\/12\/David.jpg 1080w\" sizes=\"(max-width: 1024px) 100vw, 1024px\" \/><\/a><figcaption><a href=\"https:\/\/youtu.be\/A9PGkhXrUuo\" target=\"_blank\" rel=\"noreferrer noopener\">David Gonzalves<\/a><\/figcaption><\/figure>\n<\/div>\n\n\n\n<div class=\"wp-block-column is-vertically-aligned-bottom is-layout-flow wp-block-column-is-layout-flow\">\n<figure class=\"wp-block-image size-large\"><a href=\"https:\/\/youtu.be\/4uaOxTfG9Xk\" target=\"_blank\" rel=\"noopener\"><img loading=\"lazy\" decoding=\"async\" width=\"1024\" height=\"1024\" src=\"https:\/\/escueladeartesuperior.educacion.navarra.es\/web\/wp-content\/uploads\/2021\/12\/JoseManuel-1024x1024.jpg\" alt=\"\" class=\"wp-image-39774\" srcset=\"https:\/\/escueladeartesuperior.educacion.navarra.es\/web\/wp-content\/uploads\/2021\/12\/JoseManuel-1024x1024.jpg 1024w, https:\/\/escueladeartesuperior.educacion.navarra.es\/web\/wp-content\/uploads\/2021\/12\/JoseManuel-300x300.jpg 300w, https:\/\/escueladeartesuperior.educacion.navarra.es\/web\/wp-content\/uploads\/2021\/12\/JoseManuel-150x150.jpg 150w, https:\/\/escueladeartesuperior.educacion.navarra.es\/web\/wp-content\/uploads\/2021\/12\/JoseManuel-768x768.jpg 768w, https:\/\/escueladeartesuperior.educacion.navarra.es\/web\/wp-content\/uploads\/2021\/12\/JoseManuel-75x75.jpg 75w, https:\/\/escueladeartesuperior.educacion.navarra.es\/web\/wp-content\/uploads\/2021\/12\/JoseManuel.jpg 1080w\" sizes=\"(max-width: 1024px) 100vw, 1024px\" \/><\/a><figcaption><a href=\"https:\/\/youtu.be\/4uaOxTfG9Xk\" target=\"_blank\" rel=\"noreferrer noopener\">Garc\u00eda de Vinuesa<\/a><\/figcaption><\/figure>\n<\/div>\n\n\n\n<div class=\"wp-block-column is-vertically-aligned-bottom is-layout-flow wp-block-column-is-layout-flow\">\n<figure class=\"wp-block-image size-large\"><a href=\"https:\/\/youtu.be\/JvXHhQXMuNg\" target=\"_blank\" rel=\"noopener\"><img loading=\"lazy\" decoding=\"async\" width=\"1024\" height=\"1024\" src=\"https:\/\/escueladeartesuperior.educacion.navarra.es\/web\/wp-content\/uploads\/2021\/12\/Adina-1024x1024.jpg\" alt=\"\" class=\"wp-image-39773\" srcset=\"https:\/\/escueladeartesuperior.educacion.navarra.es\/web\/wp-content\/uploads\/2021\/12\/Adina-1024x1024.jpg 1024w, https:\/\/escueladeartesuperior.educacion.navarra.es\/web\/wp-content\/uploads\/2021\/12\/Adina-300x300.jpg 300w, https:\/\/escueladeartesuperior.educacion.navarra.es\/web\/wp-content\/uploads\/2021\/12\/Adina-150x150.jpg 150w, https:\/\/escueladeartesuperior.educacion.navarra.es\/web\/wp-content\/uploads\/2021\/12\/Adina-768x768.jpg 768w, https:\/\/escueladeartesuperior.educacion.navarra.es\/web\/wp-content\/uploads\/2021\/12\/Adina-75x75.jpg 75w, https:\/\/escueladeartesuperior.educacion.navarra.es\/web\/wp-content\/uploads\/2021\/12\/Adina.jpg 1080w\" sizes=\"(max-width: 1024px) 100vw, 1024px\" \/><\/a><figcaption><a href=\"https:\/\/youtu.be\/JvXHhQXMuNg\" target=\"_blank\" rel=\"noreferrer noopener\">Adina Kiszela<\/a><\/figcaption><\/figure>\n<\/div>\n\n\n\n<div class=\"wp-block-column is-vertically-aligned-bottom is-layout-flow wp-block-column-is-layout-flow\">\n<figure class=\"wp-block-image size-large is-resized\"><img loading=\"lazy\" decoding=\"async\" src=\"https:\/\/escueladeartesuperior.educacion.navarra.es\/web\/wp-content\/uploads\/2021\/12\/Matias-Cruz-717x1024.jpg\" alt=\"\" class=\"wp-image-39777\" width=\"168\" height=\"238\"\/><figcaption>Mat\u00edas Cruz<\/figcaption><\/figure>\n<\/div>\n<\/div>\n\n\n\n<p><\/p>\n","protected":false},"excerpt":{"rendered":"<p>Un a\u00f1o m\u00e1s por estas fechas, se han otorgado los premios del concurso \u00abFelicitaci\u00f3n A\u00f1o Nuevo\u00bb de la Escuela. La primera clasificada en la categor\u00eda Gr\u00e1fica ha sido Nery Espinoza de 2\u00ba de Ilustraci\u00f3n y se ha concedido el acc\u00e9sit a Mat\u00edas Cruz de 2\u00ba de Grabado. El primer premio en la categor\u00eda de Animaci\u00f3n [&hellip;]<\/p>\n","protected":false},"author":1,"featured_media":39772,"comment_status":"open","ping_status":"closed","sticky":false,"template":"","format":"standard","meta":{"_genesis_hide_title":false,"_genesis_hide_breadcrumbs":false,"_genesis_hide_singular_image":true,"_genesis_hide_footer_widgets":false,"_genesis_custom_body_class":"","_genesis_custom_post_class":"","_genesis_layout":"","footnotes":""},"categories":[905,1123,1,118],"tags":[],"_links":{"self":[{"href":"https:\/\/escueladeartesuperior.educacion.navarra.es\/web\/wp-json\/wp\/v2\/posts\/39770"}],"collection":[{"href":"https:\/\/escueladeartesuperior.educacion.navarra.es\/web\/wp-json\/wp\/v2\/posts"}],"about":[{"href":"https:\/\/escueladeartesuperior.educacion.navarra.es\/web\/wp-json\/wp\/v2\/types\/post"}],"author":[{"embeddable":true,"href":"https:\/\/escueladeartesuperior.educacion.navarra.es\/web\/wp-json\/wp\/v2\/users\/1"}],"replies":[{"embeddable":true,"href":"https:\/\/escueladeartesuperior.educacion.navarra.es\/web\/wp-json\/wp\/v2\/comments?post=39770"}],"version-history":[{"count":23,"href":"https:\/\/escueladeartesuperior.educacion.navarra.es\/web\/wp-json\/wp\/v2\/posts\/39770\/revisions"}],"predecessor-version":[{"id":43093,"href":"https:\/\/escueladeartesuperior.educacion.navarra.es\/web\/wp-json\/wp\/v2\/posts\/39770\/revisions\/43093"}],"wp:featuredmedia":[{"embeddable":true,"href":"https:\/\/escueladeartesuperior.educacion.navarra.es\/web\/wp-json\/wp\/v2\/media\/39772"}],"wp:attachment":[{"href":"https:\/\/escueladeartesuperior.educacion.navarra.es\/web\/wp-json\/wp\/v2\/media?parent=39770"}],"wp:term":[{"taxonomy":"category","embeddable":true,"href":"https:\/\/escueladeartesuperior.educacion.navarra.es\/web\/wp-json\/wp\/v2\/categories?post=39770"},{"taxonomy":"post_tag","embeddable":true,"href":"https:\/\/escueladeartesuperior.educacion.navarra.es\/web\/wp-json\/wp\/v2\/tags?post=39770"}],"curies":[{"name":"wp","href":"https:\/\/api.w.org\/{rel}","templated":true}]}}