{"id":38123,"date":"2021-05-11T14:41:27","date_gmt":"2021-05-11T12:41:27","guid":{"rendered":"https:\/\/escueladeartesuperior.educacion.navarra.es\/web\/?p=38123"},"modified":"2021-11-17T10:44:13","modified_gmt":"2021-11-17T09:44:13","slug":"inscripciones-ciclos-formativos","status":"publish","type":"post","link":"https:\/\/escueladeartesuperior.educacion.navarra.es\/web\/blog\/inscripciones-ciclos-formativos\/","title":{"rendered":"Inscripciones Ciclos Formativos"},"content":{"rendered":"\n<figure class=\"wp-block-image size-large is-resized\"><img fetchpriority=\"high\" decoding=\"async\" src=\"https:\/\/escueladeartesuperior.educacion.navarra.es\/web\/wp-content\/uploads\/2021\/05\/Inscripcionesciclos-1024x768.jpg\" alt=\"\" class=\"wp-image-37414\" width=\"509\" height=\"382\" srcset=\"https:\/\/escueladeartesuperior.educacion.navarra.es\/web\/wp-content\/uploads\/2021\/05\/Inscripcionesciclos-1024x768.jpg 1024w, https:\/\/escueladeartesuperior.educacion.navarra.es\/web\/wp-content\/uploads\/2021\/05\/Inscripcionesciclos-300x225.jpg 300w, https:\/\/escueladeartesuperior.educacion.navarra.es\/web\/wp-content\/uploads\/2021\/05\/Inscripcionesciclos-768x576.jpg 768w, https:\/\/escueladeartesuperior.educacion.navarra.es\/web\/wp-content\/uploads\/2021\/05\/Inscripcionesciclos-1536x1152.jpg 1536w, https:\/\/escueladeartesuperior.educacion.navarra.es\/web\/wp-content\/uploads\/2021\/05\/Inscripcionesciclos-702x526.jpg 702w, https:\/\/escueladeartesuperior.educacion.navarra.es\/web\/wp-content\/uploads\/2021\/05\/Inscripcionesciclos.jpg 1690w\" sizes=\"(max-width: 509px) 100vw, 509px\" \/><\/figure>\n\n\n\n<hr class=\"wp-block-separator is-style-wide\"\/>\n\n\n\n<h2 class=\"wp-block-heading\"><strong>ADJUDICACI\u00d3N<\/strong> <strong>DE VACANTES (13 Y 14 DE SEPTIEMBRE)<\/strong><\/h2>\n\n\n\n<p>Se han publicado las vacantes en la  <a rel=\"noreferrer noopener\" href=\"https:\/\/www.navarra.es\/es\/tramites\/on\/-\/line\/oferta-e-inscripcion-en-ciclos-de-formacion-profesional-y-de-artes-plasticas-y-diseno\" target=\"_blank\">ficha de tr\u00e1mites del Departamento de Educaci\u00f3n<\/a>. En nuestro centro tenemos vacantes en <strong>Asistencia al Producto Gr\u00e1fico Interactivo (tarde), Grabado y t\u00e9cnicas de estampaci\u00f3n, Ebanister\u00eda art\u00edstica y T\u00e9cnicas escult\u00f3ricas<\/strong>. <\/p>\n\n\n\n<p>Se podr\u00e1n&nbsp;<strong>solicitar&nbsp;<\/strong>dichas vacantes los d\u00eda&nbsp;<strong>13 y 14 de septiembre<\/strong>, en el centro donde est\u00e9 la vacante de 1\u00aa opci\u00f3n.<\/p>\n\n\n\n<p>Para m\u00e1s informaci\u00f3n, consulta la web del Departamento de Educaci\u00f3n:<\/p>\n\n\n\n<div class=\"wp-block-buttons is-content-justification-left is-layout-flex wp-block-buttons-is-layout-flex\">\n<div class=\"wp-block-button\"><a class=\"wp-block-button__link has-text-color no-border-radius\" href=\"http:\/\/www.navarra.es\/home_es\/servicios\/ficha\/3134\/oferta-e-inscripcion-en-ciclos-de-formacion-profesional-y-de-artes-plasticas-y-diseno\" style=\"color:#ffffff\" target=\"_blank\" rel=\"noreferrer noopener\">Procedimiento de Adjudicaci\u00f3n de Vacantes <\/a><\/div>\n<\/div>\n\n\n\n<hr class=\"wp-block-separator\"\/>\n\n\n\n<h2 class=\"wp-block-heading\"><strong>PROCESO DE ADMISI\u00d3N<\/strong><\/h2>\n\n\n\n<p>Toda la informaci\u00f3n sobre el proceso de admisi\u00f3n para los Ciclos de Grado Medio y Grado Superior se publicar\u00e1 en la <a rel=\"noreferrer noopener\" href=\"https:\/\/www.navarra.es\/es\/tramites\/on\/-\/line\/oferta-e-inscripcion-en-ciclos-de-formacion-profesional-y-de-artes-plasticas-y-diseno\" target=\"_blank\">ficha de tr\u00e1mites del Departamento de Educaci\u00f3n<\/a> (instrucciones para confirmar, listados provisionales, definitivos, fechas de matr\u00edcula, etc.). Del 19 al 22 de julio es el plazo de matriculaci\u00f3n.<\/p>\n\n\n\n<div class=\"wp-block-columns is-layout-flex wp-container-core-columns-layout-1 wp-block-columns-is-layout-flex\">\n<div class=\"wp-block-column is-layout-flow wp-block-column-is-layout-flow\" style=\"flex-basis:50%\">\n<div class=\"wp-block-buttons is-content-justification-left is-layout-flex wp-block-buttons-is-layout-flex\">\n<div class=\"wp-block-button\"><a class=\"wp-block-button__link has-text-color no-border-radius\" href=\"http:\/\/www.navarra.es\/home_es\/servicios\/ficha\/3134\/oferta-e-inscripcion-en-ciclos-de-formacion-profesional-y-de-artes-plasticas-y-diseno\" style=\"color:#ffffff\" target=\"_blank\" rel=\"noreferrer noopener\">Ficha tr\u00e1mites<\/a><\/div>\n<\/div>\n<\/div>\n\n\n\n<div class=\"wp-block-column is-layout-flow wp-block-column-is-layout-flow\" style=\"flex-basis:50%\">\n<div class=\"wp-block-buttons is-layout-flex wp-block-buttons-is-layout-flex\">\n<div class=\"wp-block-button\"><a class=\"wp-block-button__link has-text-color no-border-radius\" href=\"https:\/\/escueladeartesuperior.educacion.navarra.es\/web\/wp-content\/uploads\/2021\/06\/20210505_CalendarioAdmisio\u0301n-21-22.pdf\" style=\"color:#ffffff\">Calendario de admisi\u00f3n y matriculaci\u00f3n<\/a><\/div>\n<\/div>\n<\/div>\n<\/div>\n\n\n\n<div style=\"height:10px\" aria-hidden=\"true\" class=\"wp-block-spacer\"><\/div>\n\n\n\n<h4 class=\"wp-block-heading\">INSTRUCCIONES PARA CONFIRMAR LA INSCRIPCI\u00d3N (hasta el 29 de junio) <\/h4>\n\n\n\n<div style=\"height:10px\" aria-hidden=\"true\" class=\"wp-block-spacer\"><\/div>\n\n\n\n<p>1. Entrar en la ficha de tr\u00e1mites del Departamento de Educaci\u00f3n&nbsp;y ver&nbsp;<strong>Tramitaci\u00f3n<\/strong>.<\/p>\n\n\n\n<p>2. Si has presentado la solicitud de forma telem\u00e1tica, sigue las instrucciones del Departamento de Educaci\u00f3n.&nbsp;<\/p>\n\n\n\n<p>3. Si has realizado la solicitud de forma presencial cumplimenta el siguiente documento:<\/p>\n\n\n\n<p><a href=\"https:\/\/escueladeartesuperior.educacion.navarra.es\/web\/wp-content\/uploads\/2021\/06\/Confirmacion_2021.pdf\" target=\"_blank\" rel=\"noreferrer noopener\">Formulario de confirmaci\u00f3n<\/a><\/p>\n\n\n\n<p>4. Env\u00eda el documento anterior por e-mail a <a href=\"mailto:ea.pamplona@educacion.navarra.es\">ea.pamplona@educacion.navarra.es<\/a> indicando en el asunto <strong>CONFIRMACION, NOMBRE Y APELLIDOS<\/strong> o pres\u00e9ntalo en Secretar\u00eda <strong>antes del d\u00eda 29 de junio.&nbsp;<\/strong><\/p>\n\n\n\n<div style=\"height:20px\" aria-hidden=\"true\" class=\"wp-block-spacer\"><\/div>\n\n\n\n<h4 class=\"wp-block-heading\"><strong>NUESTROS CICLOS<\/strong><\/h4>\n\n\n\n<div style=\"height:15px\" aria-hidden=\"true\" class=\"wp-block-spacer\"><\/div>\n\n\n\n<div class=\"wp-block-columns is-layout-flex wp-container-core-columns-layout-2 wp-block-columns-is-layout-flex\">\n<div class=\"wp-block-column is-layout-flow wp-block-column-is-layout-flow\">\n<h5 class=\"wp-block-heading\"><strong>CICLOS GRADO MEDIO<\/strong><\/h5>\n\n\n\n<p class=\"elementor-post__thumbnail__link\"><a href=\"https:\/\/escueladeartesuperior.educacion.navarra.es\/web\/estudios\/ciclos-de-grado-medio\/asistencia-al-producto-grafico-impreso\/\">Asistencia al Producto Gr\u00e1fico Impreso<\/a><br><a href=\"https:\/\/escueladeartesuperior.educacion.navarra.es\/web\/estudios\/ciclos-de-grado-medio\/asistencia-al-producto-grafico-interactivo\/\">Asistencia al Producto Gr\u00e1fico Interactivo<\/a><\/p>\n<\/div>\n\n\n\n<div class=\"wp-block-column is-layout-flow wp-block-column-is-layout-flow\">\n<h5 class=\"wp-block-heading\"><strong>CICLOS GRADO SUPERIOR<\/strong><\/h5>\n\n\n\n<p class=\"elementor-post__thumbnail__link\"><a href=\"https:\/\/escueladeartesuperior.educacion.navarra.es\/web\/estudios\/ciclos-de-grado-superior\/ilustracion\/\">Ilustraci\u00f3n<\/a><br><a href=\"https:\/\/escueladeartesuperior.educacion.navarra.es\/web\/estudios\/ciclos-de-grado-superior\/tecnicas-escultoricas\/\">T\u00e9cnicas Escult\u00f3ricas<\/a><a href=\"http:\/\/ghjghjgh\"><br><\/a><a href=\"https:\/\/escueladeartesuperior.educacion.navarra.es\/web\/estudios\/ciclos-de-grado-superior\/ebanisteria-artistica\/\">Ebanister\u00eda Art\u00edstica<\/a><br><a href=\"https:\/\/escueladeartesuperior.educacion.navarra.es\/web\/estudios\/ciclos-de-grado-superior\/fotografia\/\">Fotograf\u00eda<\/a><br><a href=\"https:\/\/escueladeartesuperior.educacion.navarra.es\/web\/estudios\/ciclos-de-grado-superior\/grafica-audiovisual\/\">Gr\u00e1fica Audiovisual<\/a><br><a href=\"https:\/\/escueladeartesuperior.educacion.navarra.es\/web\/estudios\/ciclos-de-grado-superior\/grabado-y-tecnicas-de-estampacion\/\">Grabado y T\u00e9cnicas de Estampaci\u00f3n<\/a><\/p>\n<\/div>\n\n\n\n<div class=\"wp-block-column is-layout-flow wp-block-column-is-layout-flow\">\n<h5 class=\"wp-block-heading\"><\/h5>\n\n\n\n<p><\/p>\n<\/div>\n<\/div>\n","protected":false},"excerpt":{"rendered":"<p>ADJUDICACI\u00d3N DE VACANTES (13 Y 14 DE SEPTIEMBRE) Se han publicado las vacantes en la ficha de tr\u00e1mites del Departamento de Educaci\u00f3n. En nuestro centro tenemos vacantes en Asistencia al Producto Gr\u00e1fico Interactivo (tarde), Grabado y t\u00e9cnicas de estampaci\u00f3n, Ebanister\u00eda art\u00edstica y T\u00e9cnicas escult\u00f3ricas. Se podr\u00e1n&nbsp;solicitar&nbsp;dichas vacantes los d\u00eda&nbsp;13 y 14 de septiembre, en el [&hellip;]<\/p>\n","protected":false},"author":1,"featured_media":37414,"comment_status":"open","ping_status":"closed","sticky":false,"template":"","format":"standard","meta":{"_genesis_hide_title":false,"_genesis_hide_breadcrumbs":false,"_genesis_hide_singular_image":true,"_genesis_hide_footer_widgets":false,"_genesis_custom_body_class":"","_genesis_custom_post_class":"","_genesis_layout":"","footnotes":""},"categories":[1],"tags":[],"_links":{"self":[{"href":"https:\/\/escueladeartesuperior.educacion.navarra.es\/web\/wp-json\/wp\/v2\/posts\/38123"}],"collection":[{"href":"https:\/\/escueladeartesuperior.educacion.navarra.es\/web\/wp-json\/wp\/v2\/posts"}],"about":[{"href":"https:\/\/escueladeartesuperior.educacion.navarra.es\/web\/wp-json\/wp\/v2\/types\/post"}],"author":[{"embeddable":true,"href":"https:\/\/escueladeartesuperior.educacion.navarra.es\/web\/wp-json\/wp\/v2\/users\/1"}],"replies":[{"embeddable":true,"href":"https:\/\/escueladeartesuperior.educacion.navarra.es\/web\/wp-json\/wp\/v2\/comments?post=38123"}],"version-history":[{"count":15,"href":"https:\/\/escueladeartesuperior.educacion.navarra.es\/web\/wp-json\/wp\/v2\/posts\/38123\/revisions"}],"predecessor-version":[{"id":39678,"href":"https:\/\/escueladeartesuperior.educacion.navarra.es\/web\/wp-json\/wp\/v2\/posts\/38123\/revisions\/39678"}],"wp:featuredmedia":[{"embeddable":true,"href":"https:\/\/escueladeartesuperior.educacion.navarra.es\/web\/wp-json\/wp\/v2\/media\/37414"}],"wp:attachment":[{"href":"https:\/\/escueladeartesuperior.educacion.navarra.es\/web\/wp-json\/wp\/v2\/media?parent=38123"}],"wp:term":[{"taxonomy":"category","embeddable":true,"href":"https:\/\/escueladeartesuperior.educacion.navarra.es\/web\/wp-json\/wp\/v2\/categories?post=38123"},{"taxonomy":"post_tag","embeddable":true,"href":"https:\/\/escueladeartesuperior.educacion.navarra.es\/web\/wp-json\/wp\/v2\/tags?post=38123"}],"curies":[{"name":"wp","href":"https:\/\/api.w.org\/{rel}","templated":true}]}}