{"id":37801,"date":"2021-05-31T11:07:11","date_gmt":"2021-05-31T09:07:11","guid":{"rendered":"https:\/\/escueladeartesuperior.educacion.navarra.es\/web\/?p=37801"},"modified":"2021-05-31T11:14:35","modified_gmt":"2021-05-31T09:14:35","slug":"arte-pintura-y-estampacion-en-la-calle","status":"publish","type":"post","link":"https:\/\/escueladeartesuperior.educacion.navarra.es\/web\/blog\/arte-pintura-y-estampacion-en-la-calle\/","title":{"rendered":"Arte: Pintura y estampaci\u00f3n  en la calle"},"content":{"rendered":"\n<p>La Escuela de Arte y Superior de Dise\u00f1o de Pamplona lleva a cabo una labor continua de trabajo conjunto con las empresas que colaboran en sus pr\u00e1cticas. Esta simbiosis da sus mejores frutos cuando se trabaja en objetivos comunes, tal y como ha ocurrido recientemente en el proyecto desarrollado en <a href=\"http:\/\/www.ansoain.es\/news\/disfruta-la-plaza-sakanpea-a-rebosar-de-color\/\" target=\"_blank\" rel=\"noreferrer noopener\">Ansoain<\/a>: La coordinaci\u00f3n entre Itxaso Razquin, Directora del centro de desarrollo creativo \u201c<a href=\"http:\/\/www.elcuervoblancoart.com\" target=\"_blank\" rel=\"noreferrer noopener\">El Cuervo Blanco<\/a>\u201d de Ansoain, y Kontxesi Vicente, responsable de formaci\u00f3n en Centros de Trabajo del Ciclo de Grabado,&nbsp; ha desembocado en una acci\u00f3n art\u00edstica educativa, l\u00fadica, colectiva y real en Ansoain, con la colaboraci\u00f3n de su Ayuntamiento y con el trabajo indispensable de Sara Gonz\u00e1lez Valle, alumna del Ciclo de Grabado y T\u00e9cnicas de Estampaci\u00f3n, en pr\u00e1cticas en El Cuervo Blanco.<\/p>\n\n\n\n<p>Un proyecto impulsado e ideado por Itxaso Razquin, en el que los artistas de entre 4 y 17 a\u00f1os han colaborado en el dise\u00f1o y ejecuci\u00f3n en la calle <a href=\"https:\/\/www.noticiasdenavarra.com\/navarra\/comarca-pamplona\/2021\/05\/27\/inaugura-colorida-plaza-sakanpea-ansoain\/1149972.html\" data-type=\"URL\" data-id=\"https:\/\/www.noticiasdenavarra.com\/navarra\/comarca-pamplona\/2021\/05\/27\/inaugura-colorida-plaza-sakanpea-ansoain\/1149972.html\" target=\"_blank\" rel=\"noreferrer noopener\">Sakanpea<\/a>, un espacio gris, convertido hoy por estos<a href=\"https:\/\/www.noticiasdenavarra.com\/navarra\/comarca-pamplona\/2021\/05\/02\/plaza-vida-ansoain\/1142492.html\" target=\"_blank\" rel=\"noreferrer noopener\"> grandes artistas en un paseo colorista<\/a>,&nbsp; que invita al juego colectivo al aire libre. Un espacio creado por sus moradores\/as y una iniciativa en la que la Escuela de Arte no pod\u00eda dejar de participar desde su inicio, porque pensamos en el arte creado para vivir, expresar y hacer sentir. Aquella plaza gris se ha esfumado con esos brochazos de color. Un proyecto madurado en el espacio de El Cuervo Blanco por todas\/os ellas\/os, siendo un orgullo compartir esta experiencia, verla crecer, acompa\u00f1ar y participar. \u00a1\u00a1Enhorabuena!!<\/p>\n\n\n\n<p>El acto de entrega de diplomas a los participantes fue el 27 de mayo a las 17:00 horas en Ansoain, coordinado por Ainara Santaquiteria Etxauri, t\u00e9cnica de Cultura del Ayuntamiento. Hicieron entrega de los diplomas:&nbsp;<\/p>\n\n\n\n<ul><li>Mari Jose Arteaga, Concejala de Cultura del Ayuntamiento de Ansoain.<\/li><li>Sara Gonz\u00e1lez Valle, alumna de la EASD pamplona-Iru\u00f1a.<\/li><li>Pedro Sorbet Rekalde, director de la Escuela de Arte y Superior de Dise\u00f1o de Iru\u00f1a.<\/li><li>Kontxesi Vicente, Responsable de Formaci\u00f3n en Centros de Trabajo del Ciclo de Grabado.<\/li><\/ul>\n\n\n\n<hr class=\"wp-block-separator\" \/>\n\n\n\n<figure class=\"wp-block-gallery columns-3 is-cropped wp-block-gallery-1 is-layout-flex wp-block-gallery-is-layout-flex\"><ul class=\"blocks-gallery-grid\"><li class=\"blocks-gallery-item\"><figure><img fetchpriority=\"high\" decoding=\"async\" width=\"709\" height=\"507\" src=\"https:\/\/escueladeartesuperior.educacion.navarra.es\/web\/wp-content\/uploads\/2021\/05\/mural0.jpg\" alt=\"\" data-id=\"37804\" data-full-url=\"https:\/\/escueladeartesuperior.educacion.navarra.es\/web\/wp-content\/uploads\/2021\/05\/mural0.jpg\" data-link=\"https:\/\/escueladeartesuperior.educacion.navarra.es\/web\/?attachment_id=37804\" class=\"wp-image-37804\" srcset=\"https:\/\/escueladeartesuperior.educacion.navarra.es\/web\/wp-content\/uploads\/2021\/05\/mural0.jpg 709w, https:\/\/escueladeartesuperior.educacion.navarra.es\/web\/wp-content\/uploads\/2021\/05\/mural0-300x215.jpg 300w\" sizes=\"(max-width: 709px) 100vw, 709px\" \/><\/figure><\/li><li class=\"blocks-gallery-item\"><figure><img decoding=\"async\" width=\"709\" height=\"513\" src=\"https:\/\/escueladeartesuperior.educacion.navarra.es\/web\/wp-content\/uploads\/2021\/05\/mural5.jpg\" alt=\"\" data-id=\"37805\" data-full-url=\"https:\/\/escueladeartesuperior.educacion.navarra.es\/web\/wp-content\/uploads\/2021\/05\/mural5.jpg\" data-link=\"https:\/\/escueladeartesuperior.educacion.navarra.es\/web\/?attachment_id=37805\" class=\"wp-image-37805\" srcset=\"https:\/\/escueladeartesuperior.educacion.navarra.es\/web\/wp-content\/uploads\/2021\/05\/mural5.jpg 709w, https:\/\/escueladeartesuperior.educacion.navarra.es\/web\/wp-content\/uploads\/2021\/05\/mural5-300x217.jpg 300w\" sizes=\"(max-width: 709px) 100vw, 709px\" \/><\/figure><\/li><li class=\"blocks-gallery-item\"><figure><img decoding=\"async\" width=\"709\" height=\"532\" src=\"https:\/\/escueladeartesuperior.educacion.navarra.es\/web\/wp-content\/uploads\/2021\/05\/mural7.jpg\" alt=\"\" data-id=\"37806\" data-full-url=\"https:\/\/escueladeartesuperior.educacion.navarra.es\/web\/wp-content\/uploads\/2021\/05\/mural7.jpg\" data-link=\"https:\/\/escueladeartesuperior.educacion.navarra.es\/web\/?attachment_id=37806\" class=\"wp-image-37806\" srcset=\"https:\/\/escueladeartesuperior.educacion.navarra.es\/web\/wp-content\/uploads\/2021\/05\/mural7.jpg 709w, https:\/\/escueladeartesuperior.educacion.navarra.es\/web\/wp-content\/uploads\/2021\/05\/mural7-300x225.jpg 300w, https:\/\/escueladeartesuperior.educacion.navarra.es\/web\/wp-content\/uploads\/2021\/05\/mural7-702x526.jpg 702w\" sizes=\"(max-width: 709px) 100vw, 709px\" \/><\/figure><\/li><li class=\"blocks-gallery-item\"><figure><img loading=\"lazy\" decoding=\"async\" width=\"709\" height=\"434\" src=\"https:\/\/escueladeartesuperior.educacion.navarra.es\/web\/wp-content\/uploads\/2021\/05\/mural8.jpg\" alt=\"\" data-id=\"37807\" data-full-url=\"https:\/\/escueladeartesuperior.educacion.navarra.es\/web\/wp-content\/uploads\/2021\/05\/mural8.jpg\" data-link=\"https:\/\/escueladeartesuperior.educacion.navarra.es\/web\/?attachment_id=37807\" class=\"wp-image-37807\" srcset=\"https:\/\/escueladeartesuperior.educacion.navarra.es\/web\/wp-content\/uploads\/2021\/05\/mural8.jpg 709w, https:\/\/escueladeartesuperior.educacion.navarra.es\/web\/wp-content\/uploads\/2021\/05\/mural8-300x184.jpg 300w\" sizes=\"(max-width: 709px) 100vw, 709px\" \/><\/figure><\/li><li class=\"blocks-gallery-item\"><figure><img loading=\"lazy\" decoding=\"async\" width=\"709\" height=\"552\" src=\"https:\/\/escueladeartesuperior.educacion.navarra.es\/web\/wp-content\/uploads\/2021\/05\/foto-portada.jpg\" alt=\"\" data-id=\"37809\" data-full-url=\"https:\/\/escueladeartesuperior.educacion.navarra.es\/web\/wp-content\/uploads\/2021\/05\/foto-portada.jpg\" data-link=\"https:\/\/escueladeartesuperior.educacion.navarra.es\/web\/?attachment_id=37809\" class=\"wp-image-37809\" srcset=\"https:\/\/escueladeartesuperior.educacion.navarra.es\/web\/wp-content\/uploads\/2021\/05\/foto-portada.jpg 709w, https:\/\/escueladeartesuperior.educacion.navarra.es\/web\/wp-content\/uploads\/2021\/05\/foto-portada-300x234.jpg 300w\" sizes=\"(max-width: 709px) 100vw, 709px\" \/><\/figure><\/li><li class=\"blocks-gallery-item\"><figure><img loading=\"lazy\" decoding=\"async\" width=\"709\" height=\"472\" src=\"https:\/\/escueladeartesuperior.educacion.navarra.es\/web\/wp-content\/uploads\/2021\/05\/mural10.jpg\" alt=\"\" data-id=\"37808\" data-full-url=\"https:\/\/escueladeartesuperior.educacion.navarra.es\/web\/wp-content\/uploads\/2021\/05\/mural10.jpg\" data-link=\"https:\/\/escueladeartesuperior.educacion.navarra.es\/web\/?attachment_id=37808\" class=\"wp-image-37808\" srcset=\"https:\/\/escueladeartesuperior.educacion.navarra.es\/web\/wp-content\/uploads\/2021\/05\/mural10.jpg 709w, https:\/\/escueladeartesuperior.educacion.navarra.es\/web\/wp-content\/uploads\/2021\/05\/mural10-300x200.jpg 300w\" sizes=\"(max-width: 709px) 100vw, 709px\" \/><\/figure><\/li><\/ul><\/figure>\n","protected":false},"excerpt":{"rendered":"<p>La Escuela de Arte y Superior de Dise\u00f1o de Pamplona lleva a cabo una labor continua de trabajo conjunto con las empresas que colaboran en sus pr\u00e1cticas. Esta simbiosis da sus mejores frutos cuando se trabaja en objetivos comunes, tal y como ha ocurrido recientemente en el proyecto desarrollado en Ansoain: La coordinaci\u00f3n entre Itxaso Razquin, Directora del centro de desarrollo creativo \u201cEl Cuervo Blanco\u201d de Ansoain, y Kontxesi Vicente, responsable de formaci\u00f3n en Centros de Trabajo del Ciclo de Grabado,  ha desembocado en una acci\u00f3n art\u00edstica educativa, l\u00fadica, colectiva y real en Ansoain, con la colaboraci\u00f3n de su Ayuntamiento y con el trabajo indispensable de Sara Gonz\u00e1lez Valle, alumna del Ciclo de Grabado y T\u00e9cnicas de Estampaci\u00f3n, en pr\u00e1cticas en El Cuervo Blanco.<\/p>\n","protected":false},"author":19,"featured_media":37809,"comment_status":"closed","ping_status":"closed","sticky":false,"template":"","format":"standard","meta":{"_genesis_hide_title":false,"_genesis_hide_breadcrumbs":false,"_genesis_hide_singular_image":false,"_genesis_hide_footer_widgets":false,"_genesis_custom_body_class":"","_genesis_custom_post_class":"","_genesis_layout":"","footnotes":""},"categories":[11,26,370,349,37,28,142],"tags":[1101,1103,1102,825,1100],"_links":{"self":[{"href":"https:\/\/escueladeartesuperior.educacion.navarra.es\/web\/wp-json\/wp\/v2\/posts\/37801"}],"collection":[{"href":"https:\/\/escueladeartesuperior.educacion.navarra.es\/web\/wp-json\/wp\/v2\/posts"}],"about":[{"href":"https:\/\/escueladeartesuperior.educacion.navarra.es\/web\/wp-json\/wp\/v2\/types\/post"}],"author":[{"embeddable":true,"href":"https:\/\/escueladeartesuperior.educacion.navarra.es\/web\/wp-json\/wp\/v2\/users\/19"}],"replies":[{"embeddable":true,"href":"https:\/\/escueladeartesuperior.educacion.navarra.es\/web\/wp-json\/wp\/v2\/comments?post=37801"}],"version-history":[{"count":7,"href":"https:\/\/escueladeartesuperior.educacion.navarra.es\/web\/wp-json\/wp\/v2\/posts\/37801\/revisions"}],"predecessor-version":[{"id":37841,"href":"https:\/\/escueladeartesuperior.educacion.navarra.es\/web\/wp-json\/wp\/v2\/posts\/37801\/revisions\/37841"}],"wp:featuredmedia":[{"embeddable":true,"href":"https:\/\/escueladeartesuperior.educacion.navarra.es\/web\/wp-json\/wp\/v2\/media\/37809"}],"wp:attachment":[{"href":"https:\/\/escueladeartesuperior.educacion.navarra.es\/web\/wp-json\/wp\/v2\/media?parent=37801"}],"wp:term":[{"taxonomy":"category","embeddable":true,"href":"https:\/\/escueladeartesuperior.educacion.navarra.es\/web\/wp-json\/wp\/v2\/categories?post=37801"},{"taxonomy":"post_tag","embeddable":true,"href":"https:\/\/escueladeartesuperior.educacion.navarra.es\/web\/wp-json\/wp\/v2\/tags?post=37801"}],"curies":[{"name":"wp","href":"https:\/\/api.w.org\/{rel}","templated":true}]}}