{"id":36819,"date":"2021-02-01T18:51:46","date_gmt":"2021-02-01T17:51:46","guid":{"rendered":"https:\/\/escueladeartesuperior.educacion.navarra.es\/web\/?p=36819"},"modified":"2021-02-01T18:51:47","modified_gmt":"2021-02-01T17:51:47","slug":"ana-ibanez-dona-a-la-escuela-maquinaria-para-enmarcar-de-la-antigua-cuadros-ibanez","status":"publish","type":"post","link":"https:\/\/escueladeartesuperior.educacion.navarra.es\/web\/blog\/ana-ibanez-dona-a-la-escuela-maquinaria-para-enmarcar-de-la-antigua-cuadros-ibanez\/","title":{"rendered":"Ana Iba\u00f1ez dona a la Escuela maquinaria para enmarcar de la antigua \u00abCuadros Iba\u00f1ez\u00bb"},"content":{"rendered":"\n<p class=\"has-theme-primary-color has-text-color\"><em>Ana Iba\u00f1ezek, Eskolako Grabatu ikasle ohia, ilustratzailea eta artista, markoztatzeko inglete-zerra eta grapagailu automatikoak Eskolari eman dizkio. Makina hauek Eskolako jende guztiarentzako mesedegarria izango diren heinean, benetan eskertzen diogu bere eskuzabaltasuna. <\/em><\/p>\n\n\n\n<figure class=\"wp-block-image size-large\"><img fetchpriority=\"high\" decoding=\"async\" width=\"1024\" height=\"768\" src=\"https:\/\/escueladeartesuperior.educacion.navarra.es\/web\/wp-content\/uploads\/2021\/02\/2021-01-25-12.59.21-1024x768.jpg\" alt=\"\" class=\"wp-image-36821\" srcset=\"https:\/\/escueladeartesuperior.educacion.navarra.es\/web\/wp-content\/uploads\/2021\/02\/2021-01-25-12.59.21-1024x768.jpg 1024w, https:\/\/escueladeartesuperior.educacion.navarra.es\/web\/wp-content\/uploads\/2021\/02\/2021-01-25-12.59.21-300x225.jpg 300w, https:\/\/escueladeartesuperior.educacion.navarra.es\/web\/wp-content\/uploads\/2021\/02\/2021-01-25-12.59.21-768x576.jpg 768w, https:\/\/escueladeartesuperior.educacion.navarra.es\/web\/wp-content\/uploads\/2021\/02\/2021-01-25-12.59.21-1536x1152.jpg 1536w, https:\/\/escueladeartesuperior.educacion.navarra.es\/web\/wp-content\/uploads\/2021\/02\/2021-01-25-12.59.21-2048x1536.jpg 2048w, https:\/\/escueladeartesuperior.educacion.navarra.es\/web\/wp-content\/uploads\/2021\/02\/2021-01-25-12.59.21-702x526.jpg 702w\" sizes=\"(max-width: 1024px) 100vw, 1024px\" \/><\/figure>\n\n\n\n<div class=\"wp-block-group is-layout-flow wp-block-group-is-layout-flow\"><div class=\"wp-block-group__inner-container\"><\/div><\/div>\n\n\n\n<div class=\"wp-block-media-text alignwide is-stacked-on-mobile\" style=\"grid-template-columns:25% auto\"><figure class=\"wp-block-media-text__media\"><img decoding=\"async\" width=\"766\" height=\"1024\" src=\"https:\/\/escueladeartesuperior.educacion.navarra.es\/web\/wp-content\/uploads\/2021\/02\/IMG-20210126-WA0000-1-766x1024.jpg\" alt=\"\" class=\"wp-image-36824 size-full\" srcset=\"https:\/\/escueladeartesuperior.educacion.navarra.es\/web\/wp-content\/uploads\/2021\/02\/IMG-20210126-WA0000-1-766x1024.jpg 766w, https:\/\/escueladeartesuperior.educacion.navarra.es\/web\/wp-content\/uploads\/2021\/02\/IMG-20210126-WA0000-1-224x300.jpg 224w, https:\/\/escueladeartesuperior.educacion.navarra.es\/web\/wp-content\/uploads\/2021\/02\/IMG-20210126-WA0000-1-768x1027.jpg 768w, https:\/\/escueladeartesuperior.educacion.navarra.es\/web\/wp-content\/uploads\/2021\/02\/IMG-20210126-WA0000-1.jpg 920w\" sizes=\"(max-width: 766px) 100vw, 766px\" \/><\/figure><div class=\"wp-block-media-text__content\">\n<p class=\"has-large-font-size\">Con el comienzo del a\u00f1o se ha materializado la donaci\u00f3n de las m\u00e1quinas de enmarcardo por parte de <strong>Ana Ib\u00e1\u00f1ez<\/strong> <strong>Elosua<\/strong>, ilustradora, artista y antigua alumna de nuestra Escuela. En concreto una grapadora industrial y una ingletadora para marcos, m\u00e1s sus complementos y fungibles est\u00e1n ya en funcionamiento en el taller del <a href=\"https:\/\/escueladeartesuperior.educacion.navarra.es\/web\/estudios\/ciclos-de-grado-superior\/ebanisteria-artistica\/\">ciclo de Ebanister\u00eda Art\u00edstica<\/a>. En el d\u00eda previo a la presentaci\u00f3n de su \u00faltima obra ilustrada, <strong><a href=\"https:\/\/katakrak.net\/cas\/lib\/amonarenean-kea?utm_source=libro_agenda&amp;utm_medium=web&amp;utm_content=titulo&amp;utm_campaign=libros\">Amonaren Kea<\/a><\/strong>, cuento infantil en euskera creado junto a Dani Martinena Indart, hemos recogido estos materiales con la ayuda de <a href=\"http:\/\/marmolesartisticossantos.es\/\">M\u00e1rmoles Art\u00edsticos Santos<\/a>. Ana ha decido dar una nueva vida a estas m\u00e1quinas provenientes de la emblem\u00e1tica tienda de marcos y galer\u00eda <strong>Cuadros Iba\u00f1ez <\/strong>de la calle Zapater\u00eda, ya desaparecida, y que sigan funcionando, ahora al servicio de nuestra comunidad escolar.<\/p>\n<\/div><\/div>\n\n\n\n<div class=\"wp-block-group is-layout-flow wp-block-group-is-layout-flow\"><div class=\"wp-block-group__inner-container\"><\/div><\/div>\n\n\n\n<p>\u00a1Muchas gracias, Ana!<\/p>\n\n\n\n<figure class=\"wp-block-image size-large is-resized\"><img decoding=\"async\" src=\"https:\/\/escueladeartesuperior.educacion.navarra.es\/web\/wp-content\/uploads\/2021\/02\/6151.gen07995001.jpg\" alt=\"\" class=\"wp-image-36820\" width=\"336\" height=\"242\" srcset=\"https:\/\/escueladeartesuperior.educacion.navarra.es\/web\/wp-content\/uploads\/2021\/02\/6151.gen07995001.jpg 489w, https:\/\/escueladeartesuperior.educacion.navarra.es\/web\/wp-content\/uploads\/2021\/02\/6151.gen07995001-300x216.jpg 300w\" sizes=\"(max-width: 336px) 100vw, 336px\" \/><\/figure>\n","protected":false},"excerpt":{"rendered":"<p>Ana Iba\u00f1ezek, Eskolako Grabatu ikasle ohia, ilustratzailea eta artista, markoztatzeko inglete-zerra eta grapagailu automatikoak Eskolari eman dizkio. Makina hauek Eskolako jende guztiarentzako mesedegarria izango diren heinean, benetan eskertzen diogu bere eskuzabaltasuna. Con el comienzo del a\u00f1o se ha materializado la donaci\u00f3n de las m\u00e1quinas de enmarcardo por parte de Ana Ib\u00e1\u00f1ez Elosua, ilustradora, artista y [&hellip;]<\/p>\n","protected":false},"author":14,"featured_media":36822,"comment_status":"closed","ping_status":"closed","sticky":false,"template":"","format":"standard","meta":{"_genesis_hide_title":false,"_genesis_hide_breadcrumbs":false,"_genesis_hide_singular_image":true,"_genesis_hide_footer_widgets":false,"_genesis_custom_body_class":"","_genesis_custom_post_class":"","_genesis_layout":"","footnotes":""},"categories":[11,36,1,28,21,794],"tags":[1045,1046,1049,1048,1047],"_links":{"self":[{"href":"https:\/\/escueladeartesuperior.educacion.navarra.es\/web\/wp-json\/wp\/v2\/posts\/36819"}],"collection":[{"href":"https:\/\/escueladeartesuperior.educacion.navarra.es\/web\/wp-json\/wp\/v2\/posts"}],"about":[{"href":"https:\/\/escueladeartesuperior.educacion.navarra.es\/web\/wp-json\/wp\/v2\/types\/post"}],"author":[{"embeddable":true,"href":"https:\/\/escueladeartesuperior.educacion.navarra.es\/web\/wp-json\/wp\/v2\/users\/14"}],"replies":[{"embeddable":true,"href":"https:\/\/escueladeartesuperior.educacion.navarra.es\/web\/wp-json\/wp\/v2\/comments?post=36819"}],"version-history":[{"count":2,"href":"https:\/\/escueladeartesuperior.educacion.navarra.es\/web\/wp-json\/wp\/v2\/posts\/36819\/revisions"}],"predecessor-version":[{"id":36826,"href":"https:\/\/escueladeartesuperior.educacion.navarra.es\/web\/wp-json\/wp\/v2\/posts\/36819\/revisions\/36826"}],"wp:featuredmedia":[{"embeddable":true,"href":"https:\/\/escueladeartesuperior.educacion.navarra.es\/web\/wp-json\/wp\/v2\/media\/36822"}],"wp:attachment":[{"href":"https:\/\/escueladeartesuperior.educacion.navarra.es\/web\/wp-json\/wp\/v2\/media?parent=36819"}],"wp:term":[{"taxonomy":"category","embeddable":true,"href":"https:\/\/escueladeartesuperior.educacion.navarra.es\/web\/wp-json\/wp\/v2\/categories?post=36819"},{"taxonomy":"post_tag","embeddable":true,"href":"https:\/\/escueladeartesuperior.educacion.navarra.es\/web\/wp-json\/wp\/v2\/tags?post=36819"}],"curies":[{"name":"wp","href":"https:\/\/api.w.org\/{rel}","templated":true}]}}