{"id":36788,"date":"2021-01-03T21:23:04","date_gmt":"2021-01-03T20:23:04","guid":{"rendered":"https:\/\/escueladeartesuperior.educacion.navarra.es\/web\/?p=36788"},"modified":"2021-01-03T21:32:44","modified_gmt":"2021-01-03T20:32:44","slug":"premios-2020-felicitacion-ano-nuevo","status":"publish","type":"post","link":"https:\/\/escueladeartesuperior.educacion.navarra.es\/web\/blog\/premios-2020-felicitacion-ano-nuevo\/","title":{"rendered":"Premios 2020 \u00abFelicitaci\u00f3n A\u00f1o Nuevo\u00bb"},"content":{"rendered":"\n<figure class=\"wp-block-image size-large\"><a href=\"https:\/\/www.youtube.com\/watch?v=ViHwJ_S2WfM\" target=\"_blank\" rel=\"noopener\"><img fetchpriority=\"high\" decoding=\"async\" width=\"1024\" height=\"588\" src=\"https:\/\/escueladeartesuperior.educacion.navarra.es\/web\/wp-content\/uploads\/2021\/01\/An\u0303o-nuevo-1024x588.png\" alt=\"\" class=\"wp-image-36801\" srcset=\"https:\/\/escueladeartesuperior.educacion.navarra.es\/web\/wp-content\/uploads\/2021\/01\/An\u0303o-nuevo-1024x588.png 1024w, https:\/\/escueladeartesuperior.educacion.navarra.es\/web\/wp-content\/uploads\/2021\/01\/An\u0303o-nuevo-300x172.png 300w, https:\/\/escueladeartesuperior.educacion.navarra.es\/web\/wp-content\/uploads\/2021\/01\/An\u0303o-nuevo-768x441.png 768w, https:\/\/escueladeartesuperior.educacion.navarra.es\/web\/wp-content\/uploads\/2021\/01\/An\u0303o-nuevo-1536x882.png 1536w, https:\/\/escueladeartesuperior.educacion.navarra.es\/web\/wp-content\/uploads\/2021\/01\/An\u0303o-nuevo.png 1880w\" sizes=\"(max-width: 1024px) 100vw, 1024px\" \/><\/a><\/figure>\n\n\n\n<hr class=\"wp-block-separator is-style-wide\"\/>\n\n\n\n<p>Como cada a\u00f1o por estas fechas, se ha realizado la premiaci\u00f3n del tradicional concurso \u00abFelicitaci\u00f3n A\u00f1o Nuevo\u00bb. En esta edici\u00f3n, la propuesta del alumno de 1\u00ba del CGS de Fotograf\u00eda, Javier Igea, ha resultado galardonada con el primer premio en la Modalidad Gr\u00e1fica. Los dos acc\u00e9sits han sido adjudicados a Olivier Emmanuel Rivera y a Leire Esparza, ambos alumnos de 2\u00ba EESS de Dise\u00f1o de Interiores.<\/p>\n\n\n\n<p>Este a\u00f1o, como novedad, se convocaba a concurso por primera vez la Modalidad de Animaci\u00f3n. En esta categor\u00eda han resultado premiados tres alumnos de 2\u00ba curso del CGS de Gr\u00e1fica Audiovisual: Alysson Rodrigues y June Uriz que han recibido los dos acc\u00e9sit y Aitana Unzue, que con Kolorezko 2021 ha obtenido el primer premio de la categor\u00eda.<\/p>\n","protected":false},"excerpt":{"rendered":"<p>Como cada a\u00f1o por estas fechas, se ha realizado la premiaci\u00f3n del tradicional concurso \u00abFelicitaci\u00f3n A\u00f1o Nuevo\u00bb. En esta edici\u00f3n, la propuesta del alumno de 1\u00ba del CGS de Fotograf\u00eda, Javier Igea, ha resultado galardonada con el primer premio en la Modalidad Gr\u00e1fica. Los dos acc\u00e9sits han sido adjudicados a Olivier Emmanuel Rivera y a [&hellip;]<\/p>\n","protected":false},"author":1,"featured_media":36792,"comment_status":"open","ping_status":"open","sticky":false,"template":"","format":"standard","meta":{"_genesis_hide_title":false,"_genesis_hide_breadcrumbs":false,"_genesis_hide_singular_image":true,"_genesis_hide_footer_widgets":false,"_genesis_custom_body_class":"","_genesis_custom_post_class":"","_genesis_layout":"","footnotes":""},"categories":[1,118],"tags":[],"_links":{"self":[{"href":"https:\/\/escueladeartesuperior.educacion.navarra.es\/web\/wp-json\/wp\/v2\/posts\/36788"}],"collection":[{"href":"https:\/\/escueladeartesuperior.educacion.navarra.es\/web\/wp-json\/wp\/v2\/posts"}],"about":[{"href":"https:\/\/escueladeartesuperior.educacion.navarra.es\/web\/wp-json\/wp\/v2\/types\/post"}],"author":[{"embeddable":true,"href":"https:\/\/escueladeartesuperior.educacion.navarra.es\/web\/wp-json\/wp\/v2\/users\/1"}],"replies":[{"embeddable":true,"href":"https:\/\/escueladeartesuperior.educacion.navarra.es\/web\/wp-json\/wp\/v2\/comments?post=36788"}],"version-history":[{"count":14,"href":"https:\/\/escueladeartesuperior.educacion.navarra.es\/web\/wp-json\/wp\/v2\/posts\/36788\/revisions"}],"predecessor-version":[{"id":36812,"href":"https:\/\/escueladeartesuperior.educacion.navarra.es\/web\/wp-json\/wp\/v2\/posts\/36788\/revisions\/36812"}],"wp:featuredmedia":[{"embeddable":true,"href":"https:\/\/escueladeartesuperior.educacion.navarra.es\/web\/wp-json\/wp\/v2\/media\/36792"}],"wp:attachment":[{"href":"https:\/\/escueladeartesuperior.educacion.navarra.es\/web\/wp-json\/wp\/v2\/media?parent=36788"}],"wp:term":[{"taxonomy":"category","embeddable":true,"href":"https:\/\/escueladeartesuperior.educacion.navarra.es\/web\/wp-json\/wp\/v2\/categories?post=36788"},{"taxonomy":"post_tag","embeddable":true,"href":"https:\/\/escueladeartesuperior.educacion.navarra.es\/web\/wp-json\/wp\/v2\/tags?post=36788"}],"curies":[{"name":"wp","href":"https:\/\/api.w.org\/{rel}","templated":true}]}}