{"id":29337,"date":"2019-04-03T10:00:13","date_gmt":"2019-04-03T08:00:13","guid":{"rendered":"http:\/\/www.escueladeartepamplona.com\/?p=29337"},"modified":"2022-03-31T09:22:07","modified_gmt":"2022-03-31T07:22:07","slug":"educacion-implanta-estudios-superiores-de-diseno-de-interiores-en-nuestra-escuela","status":"publish","type":"post","link":"https:\/\/escueladeartesuperior.educacion.navarra.es\/web\/blog\/educacion-implanta-estudios-superiores-de-diseno-de-interiores-en-nuestra-escuela\/","title":{"rendered":"Educaci\u00f3n implanta Estudios Superiores de Dise\u00f1o de Interiores en nuestra Escuela"},"content":{"rendered":"\t\t<div data-elementor-type=\"wp-post\" data-elementor-id=\"29337\" class=\"elementor elementor-29337\" data-elementor-post-type=\"post\">\n\t\t\t\t\t\t\t\t\t<section class=\"elementor-section elementor-top-section elementor-element elementor-element-84aea05 elementor-section-boxed elementor-section-height-default elementor-section-height-default\" data-id=\"84aea05\" data-element_type=\"section\">\n\t\t\t\t\t\t<div class=\"elementor-container elementor-column-gap-default\">\n\t\t\t\t\t<div class=\"elementor-column elementor-col-100 elementor-top-column elementor-element elementor-element-36244acb\" data-id=\"36244acb\" data-element_type=\"column\">\n\t\t\t<div class=\"elementor-widget-wrap elementor-element-populated\">\n\t\t\t\t\t\t\t\t<div class=\"elementor-element elementor-element-866128c elementor-widget elementor-widget-image\" data-id=\"866128c\" data-element_type=\"widget\" data-widget_type=\"image.default\">\n\t\t\t\t<div class=\"elementor-widget-container\">\n\t\t\t\t\t\t\t\t\t\t\t\t\t\t\t<img fetchpriority=\"high\" decoding=\"async\" width=\"1024\" height=\"292\" src=\"https:\/\/escueladeartesuperior.educacion.navarra.es\/web\/wp-content\/uploads\/2019\/04\/pancarton-1024x292.jpg\" class=\"attachment-large size-large wp-image-35764\" alt=\"pancarton\" srcset=\"https:\/\/escueladeartesuperior.educacion.navarra.es\/web\/wp-content\/uploads\/2019\/04\/pancarton-1024x292.jpg 1024w, https:\/\/escueladeartesuperior.educacion.navarra.es\/web\/wp-content\/uploads\/2019\/04\/pancarton-300x85.jpg 300w, https:\/\/escueladeartesuperior.educacion.navarra.es\/web\/wp-content\/uploads\/2019\/04\/pancarton-768x219.jpg 768w, https:\/\/escueladeartesuperior.educacion.navarra.es\/web\/wp-content\/uploads\/2019\/04\/pancarton-1536x438.jpg 1536w, https:\/\/escueladeartesuperior.educacion.navarra.es\/web\/wp-content\/uploads\/2019\/04\/pancarton-2048x583.jpg 2048w\" sizes=\"(max-width: 1024px) 100vw, 1024px\" \/>\t\t\t\t\t\t\t\t\t\t\t\t\t\t\t<\/div>\n\t\t\t\t<\/div>\n\t\t\t\t<div class=\"elementor-element elementor-element-4b9ae952 elementor-widget elementor-widget-text-editor\" data-id=\"4b9ae952\" data-element_type=\"widget\" data-widget_type=\"text-editor.default\">\n\t\t\t\t<div class=\"elementor-widget-container\">\n\t\t\t\t\t\t\t<h3>La nueva oferta educativa, comenzar\u00e1 a impartirse en el curso 2019\/20<\/h3>\nEl Departamento de Educaci\u00f3n implantar\u00e1, a partir del pr\u00f3ximo curso, 2019-2020, \u00a0<strong>Ense\u00f1anzas Art\u00edsticas Superiores de Dise\u00f1o, en la especialidad de Dise\u00f1o de Interiores<\/strong>, oferta \u00e9sta que equivale a un grado universitario. Con este motivo,\u00a0\u00a0la escuela de Pamplona \/ Iru\u00f1a pasar\u00e1 a denominarse \u201c<strong>Escuela de Arte y Superior de Dise\u00f1o de Pamplona\/Iru\u00f1eko Arte eta Goi Mailako Diseinu Eskola<\/strong>\u201d.\n\nLa consejera de Educaci\u00f3n, Mar\u00eda Solana, ha presentado la iniciativa, que ha enmarcado en la apuesta del departamento por ofrecer \u201cuna educaci\u00f3n p\u00fablica de calidad\u201d y ha explicado que esta nueva oferta \u201cest\u00e1 perfectamente alineada con el \u00e1rea de Industrias Creativas y Digitales de la Estrategia de Especializaci\u00f3n Inteligente S3 para Navarra, en la que la manera m\u00e1s efectiva de avanzar es el trabajo coordinado del Gobierno de Navarra\u201d. En el acto de presentaci\u00f3n han participado tambi\u00e9n el director de la Escuela de Arte, Pedro Sorbet, y el jefe del Departamento de Dise\u00f1o, Luis Miguel Alonso.\n\nLos nuevos estudios\u00a0se complementan con\u00a0los de\u00a0Ense\u00f1anzas Art\u00edsticas Superiores de Dise\u00f1o Gr\u00e1fico que se ofrecen en la Escuela de Corella, desde el curso 2015-2016. \u201cEsta nueva oferta, sumada a la de Corella, -ha dicho la consejera- ayuda a vertebrar territorio y entendemos que a Pamplona le hac\u00eda falta esta respuesta de la educaci\u00f3n p\u00fablica desde hace mucho tiempo\u201d.\n\nSolana tambi\u00e9n ha tenido palabras de agradecimiento a la colaboraci\u00f3n y predisposici\u00f3n del equipo directivo \u201cpor su empe\u00f1o en hacer la escuela p\u00fablica la mejor\u201d y ha augurado \u201cun futuro prometedor\u201d a esta apuesta.\n\nPor su parte, Pedro Sorbet, ha mostrado su satisfacci\u00f3n por que finalmente se responda a una petici\u00f3n \u201cque viene de atr\u00e1s y en la que han trabajado muchas personas del equipo docente y directivos de la Escuela\u201d y ha agradecido el compromiso personal de la propia consejera por haberlo hecho posible, recordando que \u201cha sido un camino dif\u00edcil, incluso ha llegado a dimitir el director de escuela ante la negativa del Gobierno de entonces a la implantaci\u00f3n de ense\u00f1anzas art\u00edsticas superiores.\u201d\n\nEl director ha subrayado que \u201cqueremos una escuela integral de ense\u00f1anzas art\u00edsticas, que a\u00fane la Formaci\u00f3n Profesional Especial, Bachillerato art\u00edstico, Grado Medio, Grado Superior y a partir de ahora Ense\u00f1anzas Superiores, una oferta atractiva para el alumnado navarro y tambi\u00e9n de fuera de Navarra\u201d.\n\nEn la presentaci\u00f3n de esta nueva oferta, el jefe del Departamento de Dise\u00f1o, Luis Miguel Alonso, ha recalcado que \u201ces un d\u00eda especial, porque se oficializa este anhelo. Y es tambi\u00e9n un d\u00eda para dar las gracias: por complementar la formaci\u00f3n de la escuela que permanece muy en contacto con el mundo laboral, para responder a un mercado cada vez m\u00e1s exigente\u201d.\n\n<strong><img decoding=\"async\" class=\"alignnone wp-image-29338 size-large\" src=\"https:\/\/escueladeartesuperior.educacion.navarra.es\/web\/wp-content\/uploads\/2020\/03\/article-1024x768-1.jpg\" alt=\"\" width=\"980\" height=\"735\" \/><\/strong>\n<pre><em><span style=\"font-size: 9px;\">Hasier Morr\u00e1s, Director del Servicio de Ense\u00f1anzas Art\u00edsticas, Pedro Sorbet, director de la Escuela,\nMar\u00eda Solana, Consejera de Educaci\u00f3n y Luis Miguel Alonso, jefe del departamento de Dise\u00f1o de Interiores<\/span><\/em><\/pre>\n<strong>Acceso y titulaci\u00f3n<\/strong>\n\nEstas nuevas ense\u00f1anzas durar\u00e1n 4 cursos y estar\u00e1n compuestas por 240 cr\u00e9ditos ECTS totales, que a su vez estar\u00e1n divididos en 33 asignaturas agrupadas en 3 bloques de materias: Formaci\u00f3n B\u00e1sica, Obligatorias de Especialidad y Optativas, adem\u00e1s de las Pr\u00e1cticas Externas y el Trabajo de Fin de Estudios.\n\nAl tratarse de Estudios Superiores se establece como requisito de acceso estar en posesi\u00f3n del t\u00edtulo de Bachiller, haber superado la prueba de acceso a la universidad para mayores de 25 a\u00f1os, o la prueba de madurez para el acceso a las ense\u00f1anzas art\u00edsticas superiores que convoca anualmente el Departamento de Educaci\u00f3n. Adem\u00e1s ser\u00e1 necesario la superaci\u00f3n de la prueba espec\u00edfica de acceso a dise\u00f1o que igualmente convoca el Departamento.\n\nEl alumnado que finalice estos estudios obtendr\u00e1 el T\u00edtulo Superior de Dise\u00f1o en la especialidad de Dise\u00f1o de Interiores, equivalente a todos los efectos a un Grado Universitario.\n\nEsta nueva especialidad ya estar\u00e1 disponible en el pr\u00f3ximo plazo de inscripci\u00f3n que ser\u00e1 en mayo.\t\t\t\t\t\t<\/div>\n\t\t\t\t<\/div>\n\t\t\t\t\t<\/div>\n\t\t<\/div>\n\t\t\t\t\t\t\t<\/div>\n\t\t<\/section>\n\t\t\t\t<section class=\"elementor-section elementor-top-section elementor-element elementor-element-e2f7457 elementor-section-boxed elementor-section-height-default elementor-section-height-default\" data-id=\"e2f7457\" data-element_type=\"section\">\n\t\t\t\t\t\t<div class=\"elementor-container elementor-column-gap-default\">\n\t\t\t\t\t<div class=\"elementor-column elementor-col-100 elementor-top-column elementor-element elementor-element-0094ca7\" data-id=\"0094ca7\" data-element_type=\"column\">\n\t\t\t<div class=\"elementor-widget-wrap\">\n\t\t\t\t\t\t\t\t\t<\/div>\n\t\t<\/div>\n\t\t\t\t\t\t\t<\/div>\n\t\t<\/section>\n\t\t\t\t\t\t\t<\/div>\n\t\t","protected":false},"excerpt":{"rendered":"<p>La nueva oferta educativa, comenzar\u00e1 a impartirse en el curso 2019\/20 El Departamento de Educaci\u00f3n implantar\u00e1, a partir del pr\u00f3ximo curso, 2019-2020, &nbsp;Ense\u00f1anzas Art\u00edsticas Superiores de Dise\u00f1o, en la especialidad de Dise\u00f1o de Interiores, oferta \u00e9sta que equivale a un grado universitario. Con este motivo,&nbsp;&nbsp;la escuela de Pamplona \/ Iru\u00f1a pasar\u00e1 a denominarse \u201cEscuela de [&hellip;]<\/p>\n","protected":false},"author":1,"featured_media":33423,"comment_status":"closed","ping_status":"closed","sticky":false,"template":"","format":"standard","meta":{"_genesis_hide_title":false,"_genesis_hide_breadcrumbs":false,"_genesis_hide_singular_image":false,"_genesis_hide_footer_widgets":false,"_genesis_custom_body_class":"","_genesis_custom_post_class":"","_genesis_layout":"","footnotes":""},"categories":[11,120,26,855,793,28,21],"tags":[978,980,981,867,982],"_links":{"self":[{"href":"https:\/\/escueladeartesuperior.educacion.navarra.es\/web\/wp-json\/wp\/v2\/posts\/29337"}],"collection":[{"href":"https:\/\/escueladeartesuperior.educacion.navarra.es\/web\/wp-json\/wp\/v2\/posts"}],"about":[{"href":"https:\/\/escueladeartesuperior.educacion.navarra.es\/web\/wp-json\/wp\/v2\/types\/post"}],"author":[{"embeddable":true,"href":"https:\/\/escueladeartesuperior.educacion.navarra.es\/web\/wp-json\/wp\/v2\/users\/1"}],"replies":[{"embeddable":true,"href":"https:\/\/escueladeartesuperior.educacion.navarra.es\/web\/wp-json\/wp\/v2\/comments?post=29337"}],"version-history":[{"count":6,"href":"https:\/\/escueladeartesuperior.educacion.navarra.es\/web\/wp-json\/wp\/v2\/posts\/29337\/revisions"}],"predecessor-version":[{"id":40699,"href":"https:\/\/escueladeartesuperior.educacion.navarra.es\/web\/wp-json\/wp\/v2\/posts\/29337\/revisions\/40699"}],"wp:featuredmedia":[{"embeddable":true,"href":"https:\/\/escueladeartesuperior.educacion.navarra.es\/web\/wp-json\/wp\/v2\/media\/33423"}],"wp:attachment":[{"href":"https:\/\/escueladeartesuperior.educacion.navarra.es\/web\/wp-json\/wp\/v2\/media?parent=29337"}],"wp:term":[{"taxonomy":"category","embeddable":true,"href":"https:\/\/escueladeartesuperior.educacion.navarra.es\/web\/wp-json\/wp\/v2\/categories?post=29337"},{"taxonomy":"post_tag","embeddable":true,"href":"https:\/\/escueladeartesuperior.educacion.navarra.es\/web\/wp-json\/wp\/v2\/tags?post=29337"}],"curies":[{"name":"wp","href":"https:\/\/api.w.org\/{rel}","templated":true}]}}