{"id":28325,"date":"2018-11-30T13:24:53","date_gmt":"2018-11-30T12:24:53","guid":{"rendered":"http:\/\/www.escueladeartepamplona.com\/?p=28325"},"modified":"2020-02-10T10:29:23","modified_gmt":"2020-02-10T09:29:23","slug":"25a-emakumeen-aurkako-indarkeriaren-kontrako-eguna-25n-dia-internacional-por-la-eliminacion-de-la-violencia-contra-las-mujeres","status":"publish","type":"post","link":"https:\/\/escueladeartesuperior.educacion.navarra.es\/web\/blog\/25a-emakumeen-aurkako-indarkeriaren-kontrako-eguna-25n-dia-internacional-por-la-eliminacion-de-la-violencia-contra-las-mujeres\/","title":{"rendered":"#25A Emakumeen Aurkako Indarkeriaren Kontrako eguna | #25N D\u00eda Internacional por la Eliminaci\u00f3n de la Violencia Contra las Mujeres"},"content":{"rendered":"<p><strong>25 DE NOVIEMBRE,<\/strong> en el Hall de la Escuela de Arte de Pamplona se exponen las reflexiones art\u00edsticas para el <a href=\"http:\/\/www.un.org\/es\/events\/endviolenceday\/\"><strong>D\u00eda Internacional por la Eliminaci\u00f3n de la Violencia Contra las Mujeres<\/strong><\/a> del alumnado de Bachillerato Art\u00edstico y de diferentes Ciclos Art\u00edsticos:<\/p>\n<p><strong>Bachillerato:<\/strong> 1\u00baB y 1\u00baD <strong>Dibujo Art\u00edstico<\/strong> (Miren Huarte y Gonzalo Nicuesa)<\/p>\n<p><strong>Ciclos Art\u00edsticos:<\/strong><\/p>\n<ul>\n<li>&nbsp;1\u00ba <strong>Fotograf\u00eda<\/strong>, Fundamentos representaci\u00f3n y la expresi\u00f3n visual (Lourdes Urricelqui)<\/li>\n<li>&nbsp;1\u00ba <strong>Gr\u00e1fica Audiovisua<\/strong>l, Fundamentos, representaci\u00f3n y la expresi\u00f3n visual (Lourdes Urricelqui) y&nbsp;&nbsp;Medios Inform\u00e1ticos (Patricia Martiartu)<\/li>\n<li>2\u00ba <strong>Grabado y Estampaci\u00f3n<\/strong>, m\u00f3dulo Taller de Grabado (Kontxesi Vicente)<\/li>\n<\/ul>\n<p><strong>AZAROAREN 25A,<\/strong> <a href=\"http:\/\/www.un.org\/es\/events\/endviolenceday\/\"><strong>Emakumeen Aurkako Indarkeriaren Kontrako eguna<\/strong><\/a> dela eta, Iru\u00f1eko Arte Eskolako Artarian Batxilergo eta Ziklo Artistikoen ikasleen lan artistikoak erakusgai daude:<\/p>\n<p><strong>Batxilergoa<\/strong>: 1.B eta 1.D Marrazketa Artistikoa&nbsp;(Miren Huarte y Gonzalo Nicuesa)<\/p>\n<p><strong>Ziklo Artistikoak:<\/strong><\/p>\n<ul>\n<li>1. <strong>Argazkigintza<\/strong>, Hastapen, irudipen eta ikusmen-adierazpena (Lourdes Urricelqui)<\/li>\n<li>1. <strong>Ikus-Entzunezko Grafikoa<\/strong>, Hastapen, irudipen eta ikusmen-adierazpena (Lourdes Urricelqui) eta&nbsp;Irtenbide Informatikoak (Patricia Martiartu)<\/li>\n<li>2. <strong>Grabatua eta Estanpazioa<\/strong>, Grabatu Tailerra (Kontxesi Vicente)<\/li>\n<\/ul>\n<p>Si te interesa saber m\u00e1s&#8230;&nbsp;<a href=\"http:\/\/interactive.unwomen.org\/multimedia\/infographic\/violenceagainstwomen\/es\/index.html\">Infograf\u00eda de la ONU: <strong>Violencia contra las mujeres &#8211; Hechos que todo el mundo debe conocer<\/strong><\/a>.<\/p>\n\n<p>&nbsp;<br \/>\nSi quieres ver m\u00e1s&#8230; S\u00edguenos en <strong><a href=\"https:\/\/www.instagram.com\/escueladeartepamplona\/\">nuestro Instagram<\/a><\/strong><\/p>\n<blockquote class=\"instagram-media\" style=\"background: #FFF;border: 0;border-radius: 3px;margin: 1px;max-width: 540px;min-width: 326px;padding: 0\" data-instgrm-captioned=\"\" data-instgrm-permalink=\"https:\/\/www.instagram.com\/p\/BqsfLvmn_S9\/?utm_source=ig_embed&amp;utm_medium=loading\" data-instgrm-version=\"12\">\n<div style=\"padding: 16px\">\n<p>&nbsp;<\/p>\n<div style=\"flex-direction: row;align-items: center\">\n<div style=\"background-color: #f4f4f4;border-radius: 50%;flex-grow: 0;height: 40px;margin-right: 14px;width: 40px\">&nbsp;<\/div>\n<div style=\"flex-direction: column;flex-grow: 1;justify-content: center\">\n<div style=\"background-color: #f4f4f4;border-radius: 4px;flex-grow: 0;height: 14px;margin-bottom: 6px;width: 100px\">&nbsp;<\/div>\n<div style=\"background-color: #f4f4f4;border-radius: 4px;flex-grow: 0;height: 14px;width: 60px\">&nbsp;<\/div>\n<\/div>\n<\/div>\n<div style=\"padding: 19% 0\">&nbsp;<\/div>\n<div style=\"height: 50px;margin: 0 auto 12px;width: 50px\">&nbsp;<\/div>\n<div style=\"padding-top: 8px\">\n<div style=\"color: #3897f0;font-family: Arial,sans-serif;font-size: 14px;font-style: normal;font-weight: 550;line-height: 18px\">Ver esta publicaci\u00f3n en Instagram<\/div>\n<\/div>\n<div style=\"padding: 12.5% 0\">&nbsp;<\/div>\n<div style=\"flex-direction: row;margin-bottom: 14px;align-items: center\">\n<div>\n<div style=\"background-color: #f4f4f4;border-radius: 50%;height: 12.5px;width: 12.5px\">&nbsp;<\/div>\n<div style=\"background-color: #f4f4f4;height: 12.5px;width: 12.5px;flex-grow: 0;margin-right: 14px;margin-left: 2px\">&nbsp;<\/div>\n<div style=\"background-color: #f4f4f4;border-radius: 50%;height: 12.5px;width: 12.5px\">&nbsp;<\/div>\n<\/div>\n<div style=\"margin-left: 8px\">\n<div style=\"background-color: #f4f4f4;border-radius: 50%;flex-grow: 0;height: 20px;width: 20px\">&nbsp;<\/div>\n<div style=\"width: 0;height: 0;border-top: 2px solid transparent;border-left: 6px solid #f4f4f4;border-bottom: 2px solid transparent\">&nbsp;<\/div>\n<\/div>\n<div style=\"margin-left: auto\">\n<div style=\"width: 0px;border-top: 8px solid #F4F4F4;border-right: 8px solid transparent\">&nbsp;<\/div>\n<div style=\"background-color: #f4f4f4;flex-grow: 0;height: 12px;width: 16px\">&nbsp;<\/div>\n<div style=\"width: 0;height: 0;border-top: 8px solid #F4F4F4;border-left: 8px solid transparent\">&nbsp;<\/div>\n<\/div>\n<\/div>\n<p>&nbsp;<\/p>\n<p style=\"margin: 8px 0 0 0;padding: 0 4px\"><a style=\"color: #000;font-family: Arial,sans-serif;font-size: 14px;font-style: normal;font-weight: normal;line-height: 17px;text-decoration: none\" href=\"https:\/\/www.instagram.com\/p\/BqsfLvmn_S9\/?utm_source=ig_embed&amp;utm_medium=loading\" target=\"_blank\" rel=\"noopener noreferrer\">Quien te quiere no te pega.#25noviembrediainternacionalcontralaviolenciadegenero #niunamas#todoescuestiondeeducacion<\/a><\/p>\n<p style=\"color: #c9c8cd;font-family: Arial,sans-serif;font-size: 14px;line-height: 17px;margin-bottom: 0;margin-top: 8px;overflow: hidden;padding: 8px 0 7px;text-align: center\">Una publicaci\u00f3n compartida de <a style=\"color: #c9c8cd;font-family: Arial,sans-serif;font-size: 14px;font-style: normal;font-weight: normal;line-height: 17px\" href=\"https:\/\/www.instagram.com\/escueladeartepamplona\/?utm_source=ig_embed&amp;utm_medium=loading\" target=\"_blank\" rel=\"noopener noreferrer\"> Escuela de Arte Pamplona<\/a> (@escueladeartepamplona) el 27 Nov, 2018 a las 11:13 PST<\/p>\n<\/div>\n<\/blockquote>\n<p style=\"text-align: left\">\n<blockquote class=\"instagram-media\" style=\"background: #FFF;border: 0;border-radius: 3px;margin: 1px;max-width: 540px;min-width: 326px;padding: 0\" data-instgrm-captioned=\"\" data-instgrm-permalink=\"https:\/\/www.instagram.com\/p\/Bqse3vWn8K3\/?utm_source=ig_embed&amp;utm_medium=loading\" data-instgrm-version=\"12\">\n<div style=\"padding: 16px\">\n<p>&nbsp;<\/p>\n<div style=\"flex-direction: row;align-items: center\">\n<div style=\"background-color: #f4f4f4;border-radius: 50%;flex-grow: 0;height: 40px;margin-right: 14px;width: 40px\">&nbsp;<\/div>\n<div style=\"flex-direction: column;flex-grow: 1;justify-content: center\">\n<div style=\"background-color: #f4f4f4;border-radius: 4px;flex-grow: 0;height: 14px;margin-bottom: 6px;width: 100px\">&nbsp;<\/div>\n<div style=\"background-color: #f4f4f4;border-radius: 4px;flex-grow: 0;height: 14px;width: 60px\">&nbsp;<\/div>\n<\/div>\n<\/div>\n<div style=\"padding: 19% 0\">&nbsp;<\/div>\n<div style=\"height: 50px;margin: 0 auto 12px;width: 50px\">&nbsp;<\/div>\n<div style=\"padding-top: 8px\">\n<div style=\"color: #3897f0;font-family: Arial,sans-serif;font-size: 14px;font-style: normal;font-weight: 550;line-height: 18px\">Ver esta publicaci\u00f3n en Instagram<\/div>\n<\/div>\n<div style=\"padding: 12.5% 0\">&nbsp;<\/div>\n<div style=\"flex-direction: row;margin-bottom: 14px;align-items: center\">\n<div>\n<div style=\"background-color: #f4f4f4;border-radius: 50%;height: 12.5px;width: 12.5px\">&nbsp;<\/div>\n<div style=\"background-color: #f4f4f4;height: 12.5px;width: 12.5px;flex-grow: 0;margin-right: 14px;margin-left: 2px\">&nbsp;<\/div>\n<div style=\"background-color: #f4f4f4;border-radius: 50%;height: 12.5px;width: 12.5px\">&nbsp;<\/div>\n<\/div>\n<div style=\"margin-left: 8px\">\n<div style=\"background-color: #f4f4f4;border-radius: 50%;flex-grow: 0;height: 20px;width: 20px\">&nbsp;<\/div>\n<div style=\"width: 0;height: 0;border-top: 2px solid transparent;border-left: 6px solid #f4f4f4;border-bottom: 2px solid transparent\">&nbsp;<\/div>\n<\/div>\n<div style=\"margin-left: auto\">\n<div style=\"width: 0px;border-top: 8px solid #F4F4F4;border-right: 8px solid transparent\">&nbsp;<\/div>\n<div style=\"background-color: #f4f4f4;flex-grow: 0;height: 12px;width: 16px\">&nbsp;<\/div>\n<div style=\"width: 0;height: 0;border-top: 8px solid #F4F4F4;border-left: 8px solid transparent\">&nbsp;<\/div>\n<\/div>\n<\/div>\n<p>&nbsp;<\/p>\n<p style=\"margin: 8px 0px 0px;padding: 0px 4px;text-align: left\"><a style=\"color: #000;font-family: Arial,sans-serif;font-size: 14px;font-style: normal;font-weight: normal;line-height: 17px;text-decoration: none\" href=\"https:\/\/www.instagram.com\/p\/Bqse3vWn8K3\/?utm_source=ig_embed&amp;utm_medium=loading\" target=\"_blank\" rel=\"noopener noreferrer\">Nuestros chicos tienen mucho que decir#stopviolence#25noviembrediainternacionalcontralaviolenciadegenero<\/a><\/p>\n<p style=\"color: #c9c8cd;font-family: Arial,sans-serif;font-size: 14px;line-height: 17px;margin-bottom: 0;margin-top: 8px;overflow: hidden;padding: 8px 0 7px;text-align: center\">Una publicaci\u00f3n compartida de <a style=\"color: #c9c8cd;font-family: Arial,sans-serif;font-size: 14px;font-style: normal;font-weight: normal;line-height: 17px\" href=\"https:\/\/www.instagram.com\/escueladeartepamplona\/?utm_source=ig_embed&amp;utm_medium=loading\" target=\"_blank\" rel=\"noopener noreferrer\"> Escuela de Arte Pamplona<\/a> (@escueladeartepamplona) el 27 Nov, 2018 a las 11:11 PST<\/p>\n<\/div>\n<\/blockquote>\n","protected":false},"excerpt":{"rendered":"<p>25 DE NOVIEMBRE, en el Hall de la Escuela de Arte de Pamplona se exponen las reflexiones art\u00edsticas para el D\u00eda Internacional por la Eliminaci\u00f3n de la Violencia Contra las Mujeres del alumnado de Bachillerato Art\u00edstico y de diferentes Ciclos Art\u00edsticos: Bachillerato: 1\u00baB y 1\u00baD Dibujo Art\u00edstico (Miren Huarte y Gonzalo Nicuesa) Ciclos Art\u00edsticos: &nbsp;1\u00ba [&hellip;]<\/p>\n","protected":false},"author":1,"featured_media":33472,"comment_status":"closed","ping_status":"closed","sticky":false,"template":"","format":"standard","meta":{"_genesis_hide_title":false,"_genesis_hide_breadcrumbs":false,"_genesis_hide_singular_image":false,"_genesis_hide_footer_widgets":false,"_genesis_custom_body_class":"","_genesis_custom_post_class":"","_genesis_layout":"","footnotes":""},"categories":[4,11,26,21],"tags":[956,25,5,352,166,8,251,10],"_links":{"self":[{"href":"https:\/\/escueladeartesuperior.educacion.navarra.es\/web\/wp-json\/wp\/v2\/posts\/28325"}],"collection":[{"href":"https:\/\/escueladeartesuperior.educacion.navarra.es\/web\/wp-json\/wp\/v2\/posts"}],"about":[{"href":"https:\/\/escueladeartesuperior.educacion.navarra.es\/web\/wp-json\/wp\/v2\/types\/post"}],"author":[{"embeddable":true,"href":"https:\/\/escueladeartesuperior.educacion.navarra.es\/web\/wp-json\/wp\/v2\/users\/1"}],"replies":[{"embeddable":true,"href":"https:\/\/escueladeartesuperior.educacion.navarra.es\/web\/wp-json\/wp\/v2\/comments?post=28325"}],"version-history":[{"count":1,"href":"https:\/\/escueladeartesuperior.educacion.navarra.es\/web\/wp-json\/wp\/v2\/posts\/28325\/revisions"}],"predecessor-version":[{"id":33473,"href":"https:\/\/escueladeartesuperior.educacion.navarra.es\/web\/wp-json\/wp\/v2\/posts\/28325\/revisions\/33473"}],"wp:featuredmedia":[{"embeddable":true,"href":"https:\/\/escueladeartesuperior.educacion.navarra.es\/web\/wp-json\/wp\/v2\/media\/33472"}],"wp:attachment":[{"href":"https:\/\/escueladeartesuperior.educacion.navarra.es\/web\/wp-json\/wp\/v2\/media?parent=28325"}],"wp:term":[{"taxonomy":"category","embeddable":true,"href":"https:\/\/escueladeartesuperior.educacion.navarra.es\/web\/wp-json\/wp\/v2\/categories?post=28325"},{"taxonomy":"post_tag","embeddable":true,"href":"https:\/\/escueladeartesuperior.educacion.navarra.es\/web\/wp-json\/wp\/v2\/tags?post=28325"}],"curies":[{"name":"wp","href":"https:\/\/api.w.org\/{rel}","templated":true}]}}