{"id":27605,"date":"2018-09-09T22:01:28","date_gmt":"2018-09-09T20:01:28","guid":{"rendered":"http:\/\/www.escueladeartepamplona.com\/?p=27605"},"modified":"2020-03-02T11:47:17","modified_gmt":"2020-03-02T10:47:17","slug":"nueva-vida-cedro-bertiz","status":"publish","type":"post","link":"https:\/\/escueladeartesuperior.educacion.navarra.es\/web\/blog\/nueva-vida-cedro-bertiz\/","title":{"rendered":"Nueva vida para el Cedro del L\u00edbano de Bertiz"},"content":{"rendered":"\t\t<div data-elementor-type=\"wp-post\" data-elementor-id=\"27605\" class=\"elementor elementor-27605\" data-elementor-post-type=\"post\">\n\t\t\t\t\t\t\t\t\t<section class=\"elementor-section elementor-top-section elementor-element elementor-element-7962f84c elementor-section-boxed elementor-section-height-default elementor-section-height-default\" data-id=\"7962f84c\" data-element_type=\"section\">\n\t\t\t\t\t\t<div class=\"elementor-container elementor-column-gap-default\">\n\t\t\t\t\t<div class=\"elementor-column elementor-col-100 elementor-top-column elementor-element elementor-element-66e3a372\" data-id=\"66e3a372\" data-element_type=\"column\">\n\t\t\t<div class=\"elementor-widget-wrap elementor-element-populated\">\n\t\t\t\t\t\t\t\t<div class=\"elementor-element elementor-element-79e89b51 elementor-widget elementor-widget-text-editor\" data-id=\"79e89b51\" data-element_type=\"widget\" data-widget_type=\"text-editor.default\">\n\t\t\t\t<div class=\"elementor-widget-container\">\n\t\t\t\t\t\t\t<p><img fetchpriority=\"high\" decoding=\"async\" class=\"alignright wp-image-28018 size-large\" src=\"https:\/\/escueladeartesuperior.educacion.navarra.es\/web\/wp-content\/uploads\/2020\/03\/20180930_122716-1-e1541234066331-576x1024-1.jpg\" alt=\"\" width=\"576\" height=\"1024\"><\/p>\n<p><a href=\"https:\/\/escueladeartesuperior.educacion.navarra.es\/web\/blog\/libanoko-zedroa-biziberrituz\/\">Zedro Proiektua <strong>Euskaraz<\/strong><\/a> \/&nbsp;<a href=\"https:\/\/escueladeartesuperior.educacion.navarra.es\/web\/blog\/nouvelle-vie-pour-le-cedre-de-bertiz\/\">Le projet du C\u00e8dre <strong>en fran\u00e7ais<\/strong><\/a> \/&nbsp;<a href=\"https:\/\/escueladeartesuperior.educacion.navarra.es\/web\/blog\/a-new-life-for-the-cedar-of-bertiz\/\">The Cedar project <strong>in English<\/strong><\/a> \/ <a href=\"https:\/\/escueladeartesuperior.educacion.navarra.es\/web\/blog\/nova-vida-per-al-cedre-de-bertiz\/\">El projecte del Cedre <strong>en catal\u00e0<\/strong><\/a> \/&nbsp;<a href=\"https:\/\/escueladeartesuperior.educacion.navarra.es\/web\/blog\/nuova-vita-per-il-cedro-di-bertiz\/\">Il progetto di Cedro <strong>in italiano<\/strong><\/a><\/p>\n<p><br><\/p>\n<p>En el Jard\u00edn Hist\u00f3rico Art\u00edstico del <a href=\"http:\/\/www.parquedebertiz.es\/\">Parque Natural de Bertiz<\/a> existe un <a href=\"https:\/\/es.wikipedia.org\/wiki\/Cedrus_libani\">cedro del L\u00edbano <em>(Cedrus libani)<\/em><\/a> de extraordinarias dimensiones que se ha secado y donde ha sido preciso actuar por seguridad, para eliminar riesgos de accidentes y planificar su reposici\u00f3n. El cedro ten\u00eda un di\u00e1metro normal a 1,30 m de altura de 148 cm y ten\u00eda una&nbsp;altura total de 31,50 m.<\/p>\n<p>La majestuosidad del \u00e1rbol, hizo replantear a los gestores del Parque Natural la posibilidad de mantener un vestigio del mismo como recuerdo de sus impresionantes dimensiones; de manera que no se pod\u00eda limitar la actuaci\u00f3n a su&nbsp;mera eliminaci\u00f3n y reposici\u00f3n.<\/p>\n<p>Despu\u00e9s de tratar con diversos artistas de la Comarca, en 2017 se ofert\u00f3 el \u00e1rbol a la&nbsp;<a href=\"https:\/\/escueladeartesuperior.educacion.navarra.es\/web\/\">Escuela de Arte de Pamplona<\/a>; quien supo interpretar las inquietudes y voluntades de la Direcci\u00f3n del Parque Natural, apreciando en el \u00e1rbol un importante potencial y&nbsp;oportunidad de trabajo para sus&nbsp; alumnas y alumnos del ciclo <a href=\"https:\/\/escueladeartesuperior.educacion.navarra.es\/web\/estudios\/ciclos-de-grado-superior\/tecnicas-escultoricas\/\">T\u00e9cnicas Escult\u00f3ricas<\/a> asumiendo la estrategia del Espacio Natural Protegido.<\/p>\n<p>La propuesta de la Escuela de Arte fue dejar 14 metros del tronco del \u00e1rbol con sus ramas m\u00e1s significativas y horadar en \u00e9l una serie de hornacinas para la colocaci\u00f3n de esculturas en madera sobre al fauna de la zona realizadas por las y los estudiantes del ciclo de escultura.<\/p>\n<p>Finalmente se han realizado 5 hornacinas orientadas hacia el camino y se han colocado 8 obras escult\u00f3ricas. El trabajo se ha terminado en septiembre de 2018.<\/p>\n<p>Para el ciclo formativo <a href=\"https:\/\/escueladeartesuperior.educacion.navarra.es\/web\/estudios\/ciclos-de-grado-superior\/tecnicas-escultoricas\/\">T\u00e9cnicas Escult\u00f3ricas<\/a> es muy importante la colaboraci\u00f3n con agentes externos en proyectos reales que supongan una exigencia tambi\u00e9n real para nuestro alumnado y que, a la postre, conlleven la colocaci\u00f3n de obra suya en nuestro entorno. Otros sitios donde se puede admirar obra salida de nuestros talleres son: el Parque Uranga, en Burlada, las calles de Zizur Mayor o la localidad de Gabarderal.<\/p>\n<p>El proyecto \u00ab<em>Nueva vida para el Cedro de B\u00e9rtiz<\/em>\u00bb ha sido uno de los proyectos m\u00e1s ambiciosos y satisfactorios de cuantos hemos abordado por sus dimensiones, la belleza intr\u00ednseca del \u00e1rbol monumental sobre el que se ha actuado y la buena disposici\u00f3n de la Secci\u00f3n de Gesti\u00f3n de la Comarca Atl\u00e1ntica del <a href=\"https:\/\/www.navarra.es\/home_es\/Gobierno+de+Navarra\/Departamento+Desarrollo+Rural+Medio+Ambiente+Administracion+Local\/\">Departamento de Desarrollo Rural, Medio Ambiente y Administraci\u00f3n Local del Gobierno de Navarra<\/a> para proporcionar los medios t\u00e9cnicos y humanos necesarios y para entender los ritmos de trabajo de un centro educativo.<\/p>\n<p>Las 3 hornacinas de m\u00e1s abajo tienen unas dimensiones aproximadas de: 70 x 105 cm en su boca y las dos m\u00e1s altas de 60 x 90 cm. Est\u00e1n pintadas con el color <a href=\"https:\/\/www.coloresral.com.es\/ral-classic\/ral-5021-azul-agua\">RAL 5021<\/a> para buscar el contraste visual del \u00e1rbol, las hornacinas y las esculturas.<\/p><p><br><\/p>\n<p><img decoding=\"async\" class=\"alignnone size-medium wp-image-27749\" src=\"https:\/\/escueladeartesuperior.educacion.navarra.es\/web\/wp-content\/uploads\/2020\/03\/AA1-desde-abajo_Herrerillo-capuchino_-Amilotx-Mottoduna.-Bea-Itoiz-Mugueta-202x300-1.jpg\" alt=\"\" width=\"202\" height=\"300\"> <img decoding=\"async\" class=\"alignnone size-medium wp-image-27755\" src=\"https:\/\/escueladeartesuperior.educacion.navarra.es\/web\/wp-content\/uploads\/2020\/03\/AA2-desde-abajo_Oso-_Hartza.-Marta-L\u00f3pez-Ant\u00f3n-177x300-1.jpg\" alt=\"\" width=\"177\" height=\"300\"> <img loading=\"lazy\" decoding=\"async\" class=\"alignnone size-medium wp-image-27761\" src=\"https:\/\/escueladeartesuperior.educacion.navarra.es\/web\/wp-content\/uploads\/2020\/03\/AA3-desde-abajo.Trepador-Azul_Garrapoa.-Natxo-Loyola-Eraso-199x300-1.jpg\" alt=\"\" width=\"199\" height=\"300\"> <img loading=\"lazy\" decoding=\"async\" class=\"alignnone size-medium wp-image-27767\" src=\"https:\/\/escueladeartesuperior.educacion.navarra.es\/web\/wp-content\/uploads\/2020\/03\/AA4-desde-abajo.Alimoche-_Sai-Zuria.-Luis-Ascunce-Ansorena-179x300-1.jpg\" alt=\"\" width=\"179\" height=\"300\"><\/p>\n<p><img loading=\"lazy\" decoding=\"async\" class=\"alignnone size-medium wp-image-27770\" src=\"https:\/\/escueladeartesuperior.educacion.navarra.es\/web\/wp-content\/uploads\/2020\/03\/AA5-desde-abajo_B\u00faho-_Hontza.-Camilo-Casta\u00f1o-Parra-185x300-1.jpg\" alt=\"\" width=\"185\" height=\"300\"> <img loading=\"lazy\" decoding=\"async\" class=\"alignnone size-medium wp-image-27764\" src=\"https:\/\/escueladeartesuperior.educacion.navarra.es\/web\/wp-content\/uploads\/2020\/03\/AA3-en-toc\u00f3n_Ave_-Hegaztia.-Larraitz-Ruiz-Zeberio-177x300-1.jpg\" alt=\"\" width=\"177\" height=\"300\"> <img loading=\"lazy\" decoding=\"async\" class=\"alignnone size-medium wp-image-27758\" src=\"https:\/\/escueladeartesuperior.educacion.navarra.es\/web\/wp-content\/uploads\/2020\/03\/AA2-en-toc\u00f3n_Zorro-_Azeria.-Tasio-L\u00f3pez-de-Gere\u00f1u-Chocarro-179x300-1.jpg\" alt=\"\" width=\"179\" height=\"300\"> <img loading=\"lazy\" decoding=\"async\" class=\"alignnone size-medium wp-image-27752\" src=\"https:\/\/escueladeartesuperior.educacion.navarra.es\/web\/wp-content\/uploads\/2020\/03\/AA1-en-toc\u00f3n_Lobo_-Otsoa.-Estefan\u00eda-Rubio-Alfaro-202x300-1.jpg\" alt=\"\" width=\"202\" height=\"300\"><\/p><p>Las obras actualmente expuestas son, empezando de arriba hacia abajo:<\/p>\n<ul>\n<li><em>B\u00faho \/ Hontza.<\/em> Camilo Casta\u00f1o Parra<\/li>\n<li><em>Alimoche \/ Sai Zuria.<\/em> Luis Ascunce Ansorena<\/li>\n<li><em>Trepador Azul \/ Garrapoa.<\/em> Natxo Loyola Eraso<\/li>\n<li><em>Oso \/ Hartza.<\/em> Marta L\u00f3pez Ant\u00f3n<\/li>\n<li><em>Herrerillo capuchino \/ Amilotx Mottoduna.<\/em> Bea Itoiz Mugueta<\/li>\n<\/ul>\n<p>Y las que est\u00e1n sobre el suelo, desde la m\u00e1s cercana al cedro hacia afuera:<\/p>\n<ul>\n<li><em>Lobo \/ Otsoa.<\/em> Estefan\u00eda Rubio Alfaro<\/li>\n<li>Zorro \/ Azeria. Tasio L\u00f3pez de Gere\u00f1u Chocarro<\/li>\n<li><em>Ave \/ Hegaztia.<\/em> Larraitz Ruiz Zeberio<\/li>\n<\/ul>\n<p>La Escuela de Arte de Pamplona \/ Iru\u00f1a y la direcci\u00f3n del parque quieren agradecer el trabajo realizado por los motosierristas y el personal del parque que han sido parte imprescindible en la realizaci\u00f3n de esta obra escult\u00f3rica.<\/p>\n<p><a href=\"https:\/\/flic.kr\/s\/aHsmuLjXyB\">Enlace al \u00e1lbum de im\u00e1genes del proyecto<\/a><\/p>\n<p><!-- Contador de visitas --><\/p>\n<p><a title=\"Contador De Visitas Gratis\" href=\"http:\/\/www.websmultimedia.com\/contador-de-visitas-gratis\"><br><img decoding=\"async\" style=\"border: 0px solid;\" src=\"http:\/\/www.websmultimedia.com\/contador-de-visitas.php?id=255573\" alt=\"contador de visitas\"><\/a><br><span style=\"color: #ffffff;\"><a style=\"color: #ffffff;\" href=\"http:\/\/www.websmultimedia.com\/contador-de-visitas-gratis\">Contador de visitas<\/a><\/span><br><span style=\"color: #ffffff;\"><a style=\"color: #ffffff;\" href=\"http:\/\/www.websmultimedia.com\/diseno-web\/sevilla\">Creacion web Sevilla<\/a><\/span><!-- Fin Contador de visitas --><\/p>\t\t\t\t\t\t<\/div>\n\t\t\t\t<\/div>\n\t\t\t\t\t<\/div>\n\t\t<\/div>\n\t\t\t\t\t\t\t<\/div>\n\t\t<\/section>\n\t\t\t\t\t\t\t<\/div>\n\t\t","protected":false},"excerpt":{"rendered":"<p>Zedro Proiektua Euskaraz \/&nbsp;Le projet du C\u00e8dre en fran\u00e7ais \/&nbsp;The Cedar project in English \/ El projecte del Cedre en catal\u00e0 \/&nbsp;Il progetto di Cedro in italiano En el Jard\u00edn Hist\u00f3rico Art\u00edstico del Parque Natural de Bertiz existe un cedro del L\u00edbano (Cedrus libani) de extraordinarias dimensiones que se ha secado y donde ha sido [&hellip;]<\/p>\n","protected":false},"author":1,"featured_media":33503,"comment_status":"closed","ping_status":"closed","sticky":false,"template":"","format":"gallery","meta":{"_genesis_hide_title":false,"_genesis_hide_breadcrumbs":false,"_genesis_hide_singular_image":false,"_genesis_hide_footer_widgets":false,"_genesis_custom_body_class":"","_genesis_custom_post_class":"","_genesis_layout":"","footnotes":""},"categories":[11,26,36,31,142],"tags":[],"_links":{"self":[{"href":"https:\/\/escueladeartesuperior.educacion.navarra.es\/web\/wp-json\/wp\/v2\/posts\/27605"}],"collection":[{"href":"https:\/\/escueladeartesuperior.educacion.navarra.es\/web\/wp-json\/wp\/v2\/posts"}],"about":[{"href":"https:\/\/escueladeartesuperior.educacion.navarra.es\/web\/wp-json\/wp\/v2\/types\/post"}],"author":[{"embeddable":true,"href":"https:\/\/escueladeartesuperior.educacion.navarra.es\/web\/wp-json\/wp\/v2\/users\/1"}],"replies":[{"embeddable":true,"href":"https:\/\/escueladeartesuperior.educacion.navarra.es\/web\/wp-json\/wp\/v2\/comments?post=27605"}],"version-history":[{"count":7,"href":"https:\/\/escueladeartesuperior.educacion.navarra.es\/web\/wp-json\/wp\/v2\/posts\/27605\/revisions"}],"predecessor-version":[{"id":35794,"href":"https:\/\/escueladeartesuperior.educacion.navarra.es\/web\/wp-json\/wp\/v2\/posts\/27605\/revisions\/35794"}],"wp:featuredmedia":[{"embeddable":true,"href":"https:\/\/escueladeartesuperior.educacion.navarra.es\/web\/wp-json\/wp\/v2\/media\/33503"}],"wp:attachment":[{"href":"https:\/\/escueladeartesuperior.educacion.navarra.es\/web\/wp-json\/wp\/v2\/media?parent=27605"}],"wp:term":[{"taxonomy":"category","embeddable":true,"href":"https:\/\/escueladeartesuperior.educacion.navarra.es\/web\/wp-json\/wp\/v2\/categories?post=27605"},{"taxonomy":"post_tag","embeddable":true,"href":"https:\/\/escueladeartesuperior.educacion.navarra.es\/web\/wp-json\/wp\/v2\/tags?post=27605"}],"curies":[{"name":"wp","href":"https:\/\/api.w.org\/{rel}","templated":true}]}}