{"id":26498,"date":"2018-05-25T16:13:55","date_gmt":"2018-05-25T14:13:55","guid":{"rendered":"http:\/\/www.escueladeartepamplona.com\/?p=26498"},"modified":"2020-01-09T12:46:56","modified_gmt":"2020-01-09T11:46:56","slug":"alumnado-de-1o-de-grabado-visita-los-museos-de-zaragoza-aprovechando-el-dia-internacional-de-los-museos","status":"publish","type":"post","link":"https:\/\/escueladeartesuperior.educacion.navarra.es\/web\/blog\/alumnado-de-1o-de-grabado-visita-los-museos-de-zaragoza-aprovechando-el-dia-internacional-de-los-museos\/","title":{"rendered":"Alumnado de 1\u00ba de Grabado visita los museos de Zaragoza aprovechando el D\u00eda Internacional de los Museos"},"content":{"rendered":"<p>[vc_row][vc_column width=\u00bb2\/3&#8243;][vc_column_text]Celebrando por adelantado el D\u00eda Internacional de los Museos (18 de mayo) el mi\u00e9rcoles 16 de mayo, alumnos y alumnas de 1er. curso de Grabado y T\u00e9cnicas de Estampaci\u00f3n, acompa\u00f1ados por las profesoras Marta Palazuelos y Kontxesi Vicente nos desplazamos a Zaragoza para visitar varios museos relacionados con las materias que se imparten en el curso. En esta ocasi\u00f3n nos acompa\u00f1\u00f3 tambi\u00e9n Chusa Garc\u00eda Cam\u00f3n, antigua profesora de la Escuela.<\/p>\n<p>Visitamos el <a href=\"https:\/\/museogoya.ibercaja.es\/\">Museo de Goya<\/a> cuyas salas de grabados albergan una selecci\u00f3n de todas las grandes series que el genio aragon\u00e9s grab\u00f3 desde 1778 hasta 1825. Pudimos ver estampas originales de los Caprichos, Disparates, Los desastres de la Guerra, Copias de Vel\u00e1zquez, Tauromaquia y Toros de Burdeos. Cabe recordar que Goya est\u00e1 considerado junto con Alberto Durero y Rembrandt, uno de los mejores grabadores de todos los tiempos; una de las grandes figuras del grabado, no s\u00f3lo por razones t\u00e9cnicas sino tambi\u00e9n por razones tem\u00e1ticas.<\/p>\n<p>Despu\u00e9s visitamos la <a href=\"http:\/\/www.emoz.es\/\">Escuela-Museo de Origami de Zaragoza<\/a>, el primer Museo de Origami en Europa, \u00a0un museo \u00fanico, distinto y sorprendente, en el que pudimos contemplar obras de los mejores artistas del plegado del papel, tanto de origami tradicional como contempor\u00e1neo. Toda una sorpresa, el papel como materia art\u00edstica que a\u00f1ade nuevas dimensiones a las obras a trav\u00e9s de alucinantes elementos casi arquitect\u00f3nicos o exquisitas texturas.<\/p>\n<p>En el <a href=\"http:\/\/www.museodezaragoza.es\/\">Museo de Zaragoza<\/a> visitamos la colecci\u00f3n de cer\u00e1mica oriental; una selecci\u00f3n de cer\u00e1micas y porcelanas que ofrece ejemplos de todas las familias ornamentales, aunque destaca la presencia de tres <em>mingqi<\/em> de la dinast\u00eda Tang, as\u00ed como una selecci\u00f3n de celadones de las dinast\u00edas Song y Yuan.<\/p>\n<p>Para terminar la jornada, realizamos una visita guiada en el <a href=\"https:\/\/es.wikipedia.org\/wiki\/Palacio_de_la_Aljafer\u00eda\">Palacio de La Aljafer\u00eda,<\/a> sede actual de las Cortes de Arag\u00f3n. El edificio es un palacio fortificado construido en la segunda mitad del siglo XI por iniciativa de Al-Muqtadirde como un lugar de descanso fuera del entorno de la ciudad. En su interior pudimos conocer la delicada belleza ornamental de un palacio taifal del siglo XI, las extraordinarias tallas en madera en forma de alfarjes de los artistas mud\u00e9jares que trabajaron en el palacio cristiano medieval y la magnificencia de la \u00e9poca de los Reyes Cat\u00f3licos, con su sal\u00f3n del trono en el que asombra la espectacular techumbre de madera dorada y policromada.<\/p>\n<p>Un d\u00eda para recordar en que el sol brill\u00f3, a lo cual en Pamplona, no nos tiene muy acostumbrados \u00faltimamente&#8230;<\/p>\n<p><em><span style=\"font-size: 14px;\">texto e im\u00e1genes de la alumna Blanca L\u00f3pez Larramendi<\/span><\/em>[\/vc_column_text][\/vc_column][vc_column width=\u00bb1\/3&#8243;][vcex_image_grid columns=\u00bb1&#8243; img_size=\u00bbfull\u00bb image_ids=\u00bb26501,26504,26507&#8243;][\/vc_column][\/vc_row]<\/p>\n","protected":false},"excerpt":{"rendered":"<p>[vc_row][vc_column width=\u00bb2\/3&#8243;][vc_column_text]Celebrando por adelantado el D\u00eda Internacional de los Museos (18 de mayo) el mi\u00e9rcoles 16 de mayo, alumnos y alumnas de 1er. curso de Grabado y T\u00e9cnicas de Estampaci\u00f3n, acompa\u00f1ados por las profesoras Marta Palazuelos y Kontxesi Vicente nos desplazamos a Zaragoza para visitar varios museos relacionados con las materias que se imparten en [&hellip;]<\/p>\n","protected":false},"author":1,"featured_media":33521,"comment_status":"closed","ping_status":"closed","sticky":false,"template":"","format":"standard","meta":{"_genesis_hide_title":false,"_genesis_hide_breadcrumbs":false,"_genesis_hide_singular_image":false,"_genesis_hide_footer_widgets":false,"_genesis_custom_body_class":"","_genesis_custom_post_class":"","_genesis_layout":"","footnotes":""},"categories":[4,37,141],"tags":[5,352,8,140,10,910],"_links":{"self":[{"href":"https:\/\/escueladeartesuperior.educacion.navarra.es\/web\/wp-json\/wp\/v2\/posts\/26498"}],"collection":[{"href":"https:\/\/escueladeartesuperior.educacion.navarra.es\/web\/wp-json\/wp\/v2\/posts"}],"about":[{"href":"https:\/\/escueladeartesuperior.educacion.navarra.es\/web\/wp-json\/wp\/v2\/types\/post"}],"author":[{"embeddable":true,"href":"https:\/\/escueladeartesuperior.educacion.navarra.es\/web\/wp-json\/wp\/v2\/users\/1"}],"replies":[{"embeddable":true,"href":"https:\/\/escueladeartesuperior.educacion.navarra.es\/web\/wp-json\/wp\/v2\/comments?post=26498"}],"version-history":[{"count":1,"href":"https:\/\/escueladeartesuperior.educacion.navarra.es\/web\/wp-json\/wp\/v2\/posts\/26498\/revisions"}],"predecessor-version":[{"id":33522,"href":"https:\/\/escueladeartesuperior.educacion.navarra.es\/web\/wp-json\/wp\/v2\/posts\/26498\/revisions\/33522"}],"wp:featuredmedia":[{"embeddable":true,"href":"https:\/\/escueladeartesuperior.educacion.navarra.es\/web\/wp-json\/wp\/v2\/media\/33521"}],"wp:attachment":[{"href":"https:\/\/escueladeartesuperior.educacion.navarra.es\/web\/wp-json\/wp\/v2\/media?parent=26498"}],"wp:term":[{"taxonomy":"category","embeddable":true,"href":"https:\/\/escueladeartesuperior.educacion.navarra.es\/web\/wp-json\/wp\/v2\/categories?post=26498"},{"taxonomy":"post_tag","embeddable":true,"href":"https:\/\/escueladeartesuperior.educacion.navarra.es\/web\/wp-json\/wp\/v2\/tags?post=26498"}],"curies":[{"name":"wp","href":"https:\/\/api.w.org\/{rel}","templated":true}]}}