{"id":26235,"date":"2018-05-18T21:07:45","date_gmt":"2018-05-18T19:07:45","guid":{"rendered":"http:\/\/www.escueladeartepamplona.com\/?p=26235"},"modified":"2020-01-09T12:55:33","modified_gmt":"2020-01-09T11:55:33","slug":"viaje-cultural-de-2o-de-bachillerato-a-madrid-y-toledo-organizado-por-el-departamento-de-historia","status":"publish","type":"post","link":"https:\/\/escueladeartesuperior.educacion.navarra.es\/web\/blog\/viaje-cultural-de-2o-de-bachillerato-a-madrid-y-toledo-organizado-por-el-departamento-de-historia\/","title":{"rendered":"Viaje cultural de 2\u00ba de Bachillerato a Madrid y Toledo organizado por el departamento de Historia"},"content":{"rendered":"<p>[vc_row][vc_column width=\u00bb1\/2&#8243;][vc_single_image image=\u00bb26236&#8243; onclick=\u00bbcustom_link\u00bb img_link_target=\u00bb_blank\u00bb link=\u00bbhttps:\/\/flic.kr\/s\/aHskyfYFZ8&#8243;][vc_single_image image=\u00bb26243&#8243; onclick=\u00bbcustom_link\u00bb img_link_target=\u00bb_blank\u00bb link=\u00bbhttps:\/\/flic.kr\/s\/aHskyfYFZ8&#8243;][\/vc_column][vc_column width=\u00bb1\/2&#8243;][vc_custom_heading text=\u00bbDurante los d\u00edas 20, 21 y 22 de abril el alumnado de 2\u00ba de Bachillerato ha participado en el viaje cultural organizado por el Departamento de Historia de la Escuela de Arte de Pamplona.\u00bb font_container=\u00bbtag:h3|text_align:left\u00bb use_theme_fonts=\u00bbyes\u00bb css=\u00bb.vc_custom_1526669884358{margin-bottom: 20px !important;}\u00bb][vc_column_text]Durante la estancia en Madrid visitamos el Museo Nacional Centro de Arte Reina Sof\u00eda, el Museo del Prado. En un recorrido a pie, el Madrid de los Austrias y el Madrid literario&nbsp; deteni\u00e9ndonos en lugares emblem\u00e1ticos como el Barrio de las letras, Sol, la Plaza Mayor, etc.<\/p>\n<p>As\u00ed mismo, el s\u00e1bado la visita a&nbsp; Toledo, que fue un \u00e9xito, nos permiti\u00f3 acercarnos y conocer esa ciudad, que acogi\u00f3 en tiempos pasados comunidades tan diversas como la cristiana, jud\u00eda o musulmana, cuyos vestigios hemos podido &nbsp;disfrutar.<\/p>\n<p>Primero, admiramos la ciudad de Toledo desde Los Cigarrales, a continuaci\u00f3n recorrimos andando&nbsp; la ciudad visitando: el Puente de Alc\u00e1ntara, Puente de San Mart\u00edn, ambos sobre el Tajo;&nbsp; Santo Tom\u00e9 con el Entierro del se\u00f1or de Orgaz, &nbsp;San Juan de los Reyes, La sinagoga de Santa Mar\u00eda la Blanca, &nbsp;La Catedral&#8230; lugares y rincones de los que hemos disfrutado.<\/p>\n<p>Hemos contado en nuestro viaje con dos gu\u00edas Alfonso y Elena, quienes con pasi\u00f3n por su trabajo, han facilitado nuestra estancia en Madrid y Toledo.<\/p>\n<p>El alumnado ha estado acompa\u00f1ado en este viaje por profesorado de la Escuela: Paco Delgado, Pedro Sorbet y Mari Paz Eizmendi, quienes han valorado muy positivamente esta actividad: todo ha estado bien, el alumnado ha respondido adecuadamente a los objetivos planteados, atento a las indicaciones del profesorado puntual con los horarios, interesado en las explicaciones de los gu\u00edas. Disfrutando de un tiempo libre para ir al Rastro, al templo de Debod,&nbsp; de tiendas\u2026<\/p>\n<p>En resumen, el desarrollo de la actividad ha sido muy satisfactorio por lo que s\u00f3lo queda reflejarlo en la memoria de curso y animar al profesorado y al alumnado a seguir llev\u00e1ndola a cabo el pr\u00f3ximo curso.<\/p>\n<p><strong><a href=\"https:\/\/flic.kr\/s\/aHskyfYFZ8\" target=\"_blank\" rel=\"noopener noreferrer\">+ im\u00e1genes<\/a><\/strong>[\/vc_column_text][\/vc_column][\/vc_row]<\/p>\n","protected":false},"excerpt":{"rendered":"<p>[vc_row][vc_column width=\u00bb1\/2&#8243;][vc_single_image image=\u00bb26236&#8243; onclick=\u00bbcustom_link\u00bb img_link_target=\u00bb_blank\u00bb link=\u00bbhttps:\/\/flic.kr\/s\/aHskyfYFZ8&#8243;][vc_single_image image=\u00bb26243&#8243; onclick=\u00bbcustom_link\u00bb img_link_target=\u00bb_blank\u00bb link=\u00bbhttps:\/\/flic.kr\/s\/aHskyfYFZ8&#8243;][\/vc_column][vc_column width=\u00bb1\/2&#8243;][vc_custom_heading text=\u00bbDurante los d\u00edas 20, 21 y 22 de abril el alumnado de 2\u00ba de Bachillerato ha participado en el viaje cultural organizado por el Departamento de Historia de la Escuela de Arte de Pamplona.\u00bb font_container=\u00bbtag:h3|text_align:left\u00bb use_theme_fonts=\u00bbyes\u00bb css=\u00bb.vc_custom_1526669884358{margin-bottom: 20px !important;}\u00bb][vc_column_text]Durante la estancia en Madrid visitamos [&hellip;]<\/p>\n","protected":false},"author":1,"featured_media":33530,"comment_status":"closed","ping_status":"closed","sticky":false,"template":"","format":"standard","meta":{"_genesis_hide_title":false,"_genesis_hide_breadcrumbs":false,"_genesis_hide_singular_image":false,"_genesis_hide_footer_widgets":false,"_genesis_custom_body_class":"","_genesis_custom_post_class":"","_genesis_layout":"","footnotes":""},"categories":[4,26,141],"tags":[805,8,10,575],"_links":{"self":[{"href":"https:\/\/escueladeartesuperior.educacion.navarra.es\/web\/wp-json\/wp\/v2\/posts\/26235"}],"collection":[{"href":"https:\/\/escueladeartesuperior.educacion.navarra.es\/web\/wp-json\/wp\/v2\/posts"}],"about":[{"href":"https:\/\/escueladeartesuperior.educacion.navarra.es\/web\/wp-json\/wp\/v2\/types\/post"}],"author":[{"embeddable":true,"href":"https:\/\/escueladeartesuperior.educacion.navarra.es\/web\/wp-json\/wp\/v2\/users\/1"}],"replies":[{"embeddable":true,"href":"https:\/\/escueladeartesuperior.educacion.navarra.es\/web\/wp-json\/wp\/v2\/comments?post=26235"}],"version-history":[{"count":1,"href":"https:\/\/escueladeartesuperior.educacion.navarra.es\/web\/wp-json\/wp\/v2\/posts\/26235\/revisions"}],"predecessor-version":[{"id":33531,"href":"https:\/\/escueladeartesuperior.educacion.navarra.es\/web\/wp-json\/wp\/v2\/posts\/26235\/revisions\/33531"}],"wp:featuredmedia":[{"embeddable":true,"href":"https:\/\/escueladeartesuperior.educacion.navarra.es\/web\/wp-json\/wp\/v2\/media\/33530"}],"wp:attachment":[{"href":"https:\/\/escueladeartesuperior.educacion.navarra.es\/web\/wp-json\/wp\/v2\/media?parent=26235"}],"wp:term":[{"taxonomy":"category","embeddable":true,"href":"https:\/\/escueladeartesuperior.educacion.navarra.es\/web\/wp-json\/wp\/v2\/categories?post=26235"},{"taxonomy":"post_tag","embeddable":true,"href":"https:\/\/escueladeartesuperior.educacion.navarra.es\/web\/wp-json\/wp\/v2\/tags?post=26235"}],"curies":[{"name":"wp","href":"https:\/\/api.w.org\/{rel}","templated":true}]}}