{"id":25853,"date":"2018-05-04T11:59:53","date_gmt":"2018-05-04T09:59:53","guid":{"rendered":"http:\/\/www.escueladeartepamplona.com\/?p=25853"},"modified":"2020-01-09T13:05:13","modified_gmt":"2020-01-09T12:05:13","slug":"grafica-audiovisual-tutoriales-acbp","status":"publish","type":"post","link":"https:\/\/escueladeartesuperior.educacion.navarra.es\/web\/blog\/grafica-audiovisual-tutoriales-acbp\/","title":{"rendered":"Alumnado de 1\u00ba de Gr\u00e1fica Audiovisual crea tutoriales sobre el ACBP"},"content":{"rendered":"<p>[vc_row][vc_column width=\u00bb1\/2&#8243;][vc_video link=\u00bbhttps:\/\/www.youtube.com\/watch?v=wIxPYAN6QWY&amp;list=PL2gjzcXskXeqUETkDXujctGid0NPDmBTU\u00bb css=\u00bb.vc_custom_1525427810597{margin-top: 30px !important;}\u00bb][\/vc_column][vc_column width=\u00bb1\/2&#8243;][vc_column_text]<\/p>\n<h3>El alumnado de <span style=\"color: #333399\"><a style=\"color: #333399\" href=\"http:\/\/www.escueladeartepamplona.com\/estudios\/ciclos-de-grado-superior\/grafica-audiovisual\/\" target=\"_blank\" rel=\"noopener noreferrer\">1\u00ba del ciclo Gr\u00e1fica Audiovisual<\/a><\/span>, estrena el trabajo desarrollado durante la segunda evaluaci\u00f3n entre los m\u00f3dulos de Proyectos de Gr\u00e1fica Audiovisual y Gui\u00f3n y Narrativa Audiovisual con la profesora Ver\u00f3nica Eguaras.<\/h3>\n<p>Se trata de un proyecto de Aprendizaje Colaborativo donde el alumnado en base a un gui\u00f3n sobre esta metodolog\u00eda, ha elaborado una serie de v\u00eddeos de <em>motion graphics \/ visual thinking<\/em> para acercar sus fundamentos a la comunidad educativa.<\/p>\n<p>Con este proyecto el alumnado ha experimentado un cambio de metodolog\u00eda m\u00e1s cercano a la realidad de la profesi\u00f3n, experimentando con nuevos lenguajes visuales y aprendiendo t\u00e9cnicas de animaci\u00f3n y comunicaci\u00f3n audiovisual. Adem\u00e1s, el resultado est\u00e1 ya disponible para la consulta del profesorado interesado en la metodolog\u00eda ACBP.&nbsp;<a href=\"https:\/\/www.youtube.com\/watch?v=wIxPYAN6QWY&amp;list=PL2gjzcXskXeqUETkDXujctGid0NPDmBTU\" target=\"_blank\" rel=\"noopener noreferrer\">Tutoriales<\/a>[\/vc_column_text][\/vc_column][\/vc_row]<\/p>\n","protected":false},"excerpt":{"rendered":"<p>[vc_row][vc_column width=\u00bb1\/2&#8243;][vc_video link=\u00bbhttps:\/\/www.youtube.com\/watch?v=wIxPYAN6QWY&amp;list=PL2gjzcXskXeqUETkDXujctGid0NPDmBTU\u00bb css=\u00bb.vc_custom_1525427810597{margin-top: 30px !important;}\u00bb][\/vc_column][vc_column width=\u00bb1\/2&#8243;][vc_column_text] El alumnado de 1\u00ba del ciclo Gr\u00e1fica Audiovisual, estrena el trabajo desarrollado durante la segunda evaluaci\u00f3n entre los m\u00f3dulos de Proyectos de Gr\u00e1fica Audiovisual y Gui\u00f3n y Narrativa Audiovisual con la profesora Ver\u00f3nica Eguaras. Se trata de un proyecto de Aprendizaje Colaborativo donde el alumnado en base a [&hellip;]<\/p>\n","protected":false},"author":1,"featured_media":33541,"comment_status":"closed","ping_status":"closed","sticky":false,"template":"","format":"standard","meta":{"_genesis_hide_title":false,"_genesis_hide_breadcrumbs":false,"_genesis_hide_singular_image":false,"_genesis_hide_footer_widgets":false,"_genesis_custom_body_class":"","_genesis_custom_post_class":"","_genesis_layout":"","footnotes":""},"categories":[26,905],"tags":[883,652,567,8,876,885],"_links":{"self":[{"href":"https:\/\/escueladeartesuperior.educacion.navarra.es\/web\/wp-json\/wp\/v2\/posts\/25853"}],"collection":[{"href":"https:\/\/escueladeartesuperior.educacion.navarra.es\/web\/wp-json\/wp\/v2\/posts"}],"about":[{"href":"https:\/\/escueladeartesuperior.educacion.navarra.es\/web\/wp-json\/wp\/v2\/types\/post"}],"author":[{"embeddable":true,"href":"https:\/\/escueladeartesuperior.educacion.navarra.es\/web\/wp-json\/wp\/v2\/users\/1"}],"replies":[{"embeddable":true,"href":"https:\/\/escueladeartesuperior.educacion.navarra.es\/web\/wp-json\/wp\/v2\/comments?post=25853"}],"version-history":[{"count":1,"href":"https:\/\/escueladeartesuperior.educacion.navarra.es\/web\/wp-json\/wp\/v2\/posts\/25853\/revisions"}],"predecessor-version":[{"id":33542,"href":"https:\/\/escueladeartesuperior.educacion.navarra.es\/web\/wp-json\/wp\/v2\/posts\/25853\/revisions\/33542"}],"wp:featuredmedia":[{"embeddable":true,"href":"https:\/\/escueladeartesuperior.educacion.navarra.es\/web\/wp-json\/wp\/v2\/media\/33541"}],"wp:attachment":[{"href":"https:\/\/escueladeartesuperior.educacion.navarra.es\/web\/wp-json\/wp\/v2\/media?parent=25853"}],"wp:term":[{"taxonomy":"category","embeddable":true,"href":"https:\/\/escueladeartesuperior.educacion.navarra.es\/web\/wp-json\/wp\/v2\/categories?post=25853"},{"taxonomy":"post_tag","embeddable":true,"href":"https:\/\/escueladeartesuperior.educacion.navarra.es\/web\/wp-json\/wp\/v2\/tags?post=25853"}],"curies":[{"name":"wp","href":"https:\/\/api.w.org\/{rel}","templated":true}]}}