{"id":25079,"date":"2018-03-25T21:43:03","date_gmt":"2018-03-25T19:43:03","guid":{"rendered":"http:\/\/www.escueladeartepamplona.com\/?p=25079"},"modified":"2020-01-16T12:47:06","modified_gmt":"2020-01-16T11:47:06","slug":"alumnado-del-taller-de-pintura-exponen-retratos-del-2-de-marzo-al-27-de-abril","status":"publish","type":"post","link":"https:\/\/escueladeartesuperior.educacion.navarra.es\/web\/blog\/alumnado-del-taller-de-pintura-exponen-retratos-del-2-de-marzo-al-27-de-abril\/","title":{"rendered":"Alumnado del taller de pintura exponen Retratos del 2 de marzo al 27 de abril"},"content":{"rendered":"<p><span style=\"font-size: 21px;\">De nuevo el Espacio Alternativo CA acoge hasta el 27 de abril la exposici\u00f3n <strong>\u201cRetratos\u201d<\/strong> que re\u00fane obras de alumnos y alumnas de 1\u00ba de Bachillerato del\u00a0 Taller de Pintura dirigido por la profesora Maril\u00f3 Larrauri. <\/span><\/p>\n<p><span style=\"font-size: 21px;\">Esta vez se trata de una serie de retratos realizados sobre papel con distintas t\u00e9cnicas como acuarela, l\u00e1piz de colores, aguada, grafito, etc. En estas obras se puede apreciar el gran dominio que llegan a alcanzar con algunas t\u00e9cnicas y el gran esfuerzo realizado por intentar reproducir con la mayor exactitud posible el aspecto f\u00edsico y la personalidad del sujeto retratado.<\/span><\/p>\n<p><span style=\"font-size: 21px;\">Alumnado que interviene: <strong>Aitziber Garc\u00eda Garc\u00eda, Izaskun Vall\u00e9s Mart\u00ednez, Jos\u00e9 Antonio Da Costa Ib\u00e1\u00f1ez, Ang\u00e9lica Lin y Jos\u00e9 Mar\u00eda Guti\u00e9rrez Zaratiegui.<\/strong><\/span><\/p>\n<p><a href=\"https:\/\/flic.kr\/s\/aHsmcC6EzJ\" target=\"_blank\" rel=\"noopener noreferrer\">acceso a las im\u00e1genes<\/a><\/p>\n","protected":false},"excerpt":{"rendered":"<p>De nuevo el Espacio Alternativo CA acoge hasta el 27 de abril la exposici\u00f3n \u201cRetratos\u201d que re\u00fane obras de alumnos y alumnas de 1\u00ba de Bachillerato del\u00a0 Taller de Pintura dirigido por la profesora Maril\u00f3 Larrauri. Esta vez se trata de una serie de retratos realizados sobre papel con distintas t\u00e9cnicas como acuarela, l\u00e1piz de [&hellip;]<\/p>\n","protected":false},"author":1,"featured_media":33571,"comment_status":"closed","ping_status":"closed","sticky":false,"template":"","format":"standard","meta":{"_genesis_hide_title":false,"_genesis_hide_breadcrumbs":false,"_genesis_hide_singular_image":false,"_genesis_hide_footer_widgets":false,"_genesis_custom_body_class":"","_genesis_custom_post_class":"","_genesis_layout":"","footnotes":""},"categories":[4,3],"tags":[652,805,8,251,894],"_links":{"self":[{"href":"https:\/\/escueladeartesuperior.educacion.navarra.es\/web\/wp-json\/wp\/v2\/posts\/25079"}],"collection":[{"href":"https:\/\/escueladeartesuperior.educacion.navarra.es\/web\/wp-json\/wp\/v2\/posts"}],"about":[{"href":"https:\/\/escueladeartesuperior.educacion.navarra.es\/web\/wp-json\/wp\/v2\/types\/post"}],"author":[{"embeddable":true,"href":"https:\/\/escueladeartesuperior.educacion.navarra.es\/web\/wp-json\/wp\/v2\/users\/1"}],"replies":[{"embeddable":true,"href":"https:\/\/escueladeartesuperior.educacion.navarra.es\/web\/wp-json\/wp\/v2\/comments?post=25079"}],"version-history":[{"count":2,"href":"https:\/\/escueladeartesuperior.educacion.navarra.es\/web\/wp-json\/wp\/v2\/posts\/25079\/revisions"}],"predecessor-version":[{"id":34135,"href":"https:\/\/escueladeartesuperior.educacion.navarra.es\/web\/wp-json\/wp\/v2\/posts\/25079\/revisions\/34135"}],"wp:featuredmedia":[{"embeddable":true,"href":"https:\/\/escueladeartesuperior.educacion.navarra.es\/web\/wp-json\/wp\/v2\/media\/33571"}],"wp:attachment":[{"href":"https:\/\/escueladeartesuperior.educacion.navarra.es\/web\/wp-json\/wp\/v2\/media?parent=25079"}],"wp:term":[{"taxonomy":"category","embeddable":true,"href":"https:\/\/escueladeartesuperior.educacion.navarra.es\/web\/wp-json\/wp\/v2\/categories?post=25079"},{"taxonomy":"post_tag","embeddable":true,"href":"https:\/\/escueladeartesuperior.educacion.navarra.es\/web\/wp-json\/wp\/v2\/tags?post=25079"}],"curies":[{"name":"wp","href":"https:\/\/api.w.org\/{rel}","templated":true}]}}