{"id":24370,"date":"2018-02-22T21:40:20","date_gmt":"2018-02-22T20:40:20","guid":{"rendered":"http:\/\/www.escueladeartepamplona.com\/?p=24370"},"modified":"2020-01-09T13:52:24","modified_gmt":"2020-01-09T12:52:24","slug":"24370","status":"publish","type":"post","link":"https:\/\/escueladeartesuperior.educacion.navarra.es\/web\/blog\/24370\/","title":{"rendered":"Alumnado de Gr\u00e1fica impresa y Grabado visitan Gr\u00e1ficas Ulzama"},"content":{"rendered":"<p>[vc_row][vc_column width=\u00bb2\/3&#8243; css=\u00bb.vc_custom_1516213750179{margin-top: 10px !important;}\u00bb][vcex_image_flexslider image_ids=\u00bb24371,24374,24377,24380,24383,24386&#8243;][\/vc_column][vc_column width=\u00bb1\/3&#8243;][vc_column_text]<\/p>\n<p style=\"text-align: justify\"><strong>El alumnado de 2\u00ba curso del ciclo de grado medio de Asistencia al producto gr\u00e1fico impreso y del ciclo de grado superior de Grabado y t\u00e9cnicas de estampaci\u00f3n conocieron una empresa local del sector de las artes graficas, Graficas Ulzama<\/strong><\/p>\n<p>[\/vc_column_text][vcex_spacing size=\u00bb15px\u00bb][vc_column_text]Una empresa con 50 profesionales dedicados al sector. De la mano de su gerente Jos\u00e9 Ignacio Oteiza, el alumnado conoci\u00f3 el recorrido completo de un producto de artes gr\u00e1ficas en esta empresa. Desde la recepci\u00f3n de los trabajos, las labores de pre-impresi\u00f3n y obtenci\u00f3n de planchas mediante &nbsp;CTP y las distintas salidas impresas, offset o digital principalmente. Posteriormente fueron viendo diferentes labores de pos-timpresi\u00f3n&nbsp; y manipulados. Guillotinados&nbsp; plegados y las distintas encuadernaciones. Por \u00faltimo pudimos visitar su nueva planta de Packaging con sus desarrollos de embalajes troquelados y su amplia variedad de impresiones, el novedoso cold Stamping o las tradicionales serigraf\u00eda, digital, etc[\/vc_column_text][\/vc_column][\/vc_row]<\/p>\n","protected":false},"excerpt":{"rendered":"<p>[vc_row][vc_column width=\u00bb2\/3&#8243; css=\u00bb.vc_custom_1516213750179{margin-top: 10px !important;}\u00bb][vcex_image_flexslider image_ids=\u00bb24371,24374,24377,24380,24383,24386&#8243;][\/vc_column][vc_column width=\u00bb1\/3&#8243;][vc_column_text] El alumnado de 2\u00ba curso del ciclo de grado medio de Asistencia al producto gr\u00e1fico impreso y del ciclo de grado superior de Grabado y t\u00e9cnicas de estampaci\u00f3n conocieron una empresa local del sector de las artes graficas, Graficas Ulzama [\/vc_column_text][vcex_spacing size=\u00bb15px\u00bb][vc_column_text]Una empresa con 50 profesionales dedicados al [&hellip;]<\/p>\n","protected":false},"author":1,"featured_media":33594,"comment_status":"closed","ping_status":"closed","sticky":false,"template":"","format":"standard","meta":{"_genesis_hide_title":false,"_genesis_hide_breadcrumbs":false,"_genesis_hide_singular_image":false,"_genesis_hide_footer_widgets":false,"_genesis_custom_body_class":"","_genesis_custom_post_class":"","_genesis_layout":"","footnotes":""},"categories":[35,26],"tags":[652,653,42,654,8,345,655,656,888,10,889],"_links":{"self":[{"href":"https:\/\/escueladeartesuperior.educacion.navarra.es\/web\/wp-json\/wp\/v2\/posts\/24370"}],"collection":[{"href":"https:\/\/escueladeartesuperior.educacion.navarra.es\/web\/wp-json\/wp\/v2\/posts"}],"about":[{"href":"https:\/\/escueladeartesuperior.educacion.navarra.es\/web\/wp-json\/wp\/v2\/types\/post"}],"author":[{"embeddable":true,"href":"https:\/\/escueladeartesuperior.educacion.navarra.es\/web\/wp-json\/wp\/v2\/users\/1"}],"replies":[{"embeddable":true,"href":"https:\/\/escueladeartesuperior.educacion.navarra.es\/web\/wp-json\/wp\/v2\/comments?post=24370"}],"version-history":[{"count":1,"href":"https:\/\/escueladeartesuperior.educacion.navarra.es\/web\/wp-json\/wp\/v2\/posts\/24370\/revisions"}],"predecessor-version":[{"id":33595,"href":"https:\/\/escueladeartesuperior.educacion.navarra.es\/web\/wp-json\/wp\/v2\/posts\/24370\/revisions\/33595"}],"wp:featuredmedia":[{"embeddable":true,"href":"https:\/\/escueladeartesuperior.educacion.navarra.es\/web\/wp-json\/wp\/v2\/media\/33594"}],"wp:attachment":[{"href":"https:\/\/escueladeartesuperior.educacion.navarra.es\/web\/wp-json\/wp\/v2\/media?parent=24370"}],"wp:term":[{"taxonomy":"category","embeddable":true,"href":"https:\/\/escueladeartesuperior.educacion.navarra.es\/web\/wp-json\/wp\/v2\/categories?post=24370"},{"taxonomy":"post_tag","embeddable":true,"href":"https:\/\/escueladeartesuperior.educacion.navarra.es\/web\/wp-json\/wp\/v2\/tags?post=24370"}],"curies":[{"name":"wp","href":"https:\/\/api.w.org\/{rel}","templated":true}]}}