{"id":23995,"date":"2018-01-25T19:36:49","date_gmt":"2018-01-25T18:36:49","guid":{"rendered":"http:\/\/www.escueladeartepamplona.com\/?p=23995"},"modified":"2020-01-10T09:33:02","modified_gmt":"2020-01-10T08:33:02","slug":"fotografas-la-mirada-femenina-articulo-publicado-por-chusa-garcia-camon","status":"publish","type":"post","link":"https:\/\/escueladeartesuperior.educacion.navarra.es\/web\/blog\/fotografas-la-mirada-femenina-articulo-publicado-por-chusa-garcia-camon\/","title":{"rendered":"Fot\u00f3grafas: la mirada femenina art\u00edculo publicado por Chusa Garc\u00eda Cam\u00f3n"},"content":{"rendered":"<p>[vc_row column_spacing=\u00bb40&#8243;][vc_column width=\u00bb1\/3&#8243;][vc_column_text]<\/p>\n<h3>Fot\u00f3grafas: la mirada femenina<\/h3>\n<p>En la revista <a href=\"https:\/\/issuu.com\/revistacontraluzz\/docs\/contraluz39_finals\/58\" target=\"_blank\" rel=\"noopener noreferrer\">Contraluz&nbsp;n\u00ba39<\/a> aparece publicado un art\u00edculo por Chusa Garc\u00eda Cam\u00f3n profesora jubilada de la Escuela de Arte de Pamplona, en el que hace unas&nbsp;reflexiones sobre la fotograf\u00eda realizada por mujeres, ilustradas con referencias al contexto hist\u00f3rico.<\/p>\n<p>Agradecer a Javier Huarte, director de la revista, por la donaci\u00f3n de ejemplares a la Escuela para todo el alumnado de los ciclos de Fotograf\u00eda y Gr\u00e1fica Audiovisual. Adem\u00e1s se encuentra disponible en la biblioteca.[\/vc_column_text][vc_separator css=\u00bb.vc_custom_1517942071198{margin-top: 20px !important;}\u00bb][\/vc_column][vc_column width=\u00bb1\/3&#8243;][vc_single_image image=\u00bb24080&#8243; onclick=\u00bbcustom_link\u00bb img_link_target=\u00bb_blank\u00bb css=\u00bb.vc_custom_1518001753588{margin-top: 20px !important;margin-bottom: 20px !important;}\u00bb link=\u00bbhttps:\/\/issuu.com\/revistacontraluzz\/docs\/contraluz39_finals\u00bb][\/vc_column][vc_column width=\u00bb1\/3&#8243;][vc_single_image image=\u00bb24009&#8243; img_size=\u00bb460&#215;570&#8243;][vc_column_text css=\u00bb.vc_custom_1518001847500{margin-top: 10px !important;}\u00bb]<span style=\"font-size: 14px\"><em>Amos Two Bulls, Sioux Dakota<\/em>. Gertrude K\u00e4sebler, 1900<\/span>[\/vc_column_text][\/vc_column][\/vc_row]<\/p>\n","protected":false},"excerpt":{"rendered":"<p>[vc_row column_spacing=\u00bb40&#8243;][vc_column width=\u00bb1\/3&#8243;][vc_column_text] Fot\u00f3grafas: la mirada femenina En la revista Contraluz&nbsp;n\u00ba39 aparece publicado un art\u00edculo por Chusa Garc\u00eda Cam\u00f3n profesora jubilada de la Escuela de Arte de Pamplona, en el que hace unas&nbsp;reflexiones sobre la fotograf\u00eda realizada por mujeres, ilustradas con referencias al contexto hist\u00f3rico. Agradecer a Javier Huarte, director de la revista, por la [&hellip;]<\/p>\n","protected":false},"author":1,"featured_media":33608,"comment_status":"closed","ping_status":"closed","sticky":false,"template":"","format":"standard","meta":{"_genesis_hide_title":false,"_genesis_hide_breadcrumbs":false,"_genesis_hide_singular_image":false,"_genesis_hide_footer_widgets":false,"_genesis_custom_body_class":"","_genesis_custom_post_class":"","_genesis_layout":"","footnotes":""},"categories":[257,26],"tags":[873,874,8,878,405,875],"_links":{"self":[{"href":"https:\/\/escueladeartesuperior.educacion.navarra.es\/web\/wp-json\/wp\/v2\/posts\/23995"}],"collection":[{"href":"https:\/\/escueladeartesuperior.educacion.navarra.es\/web\/wp-json\/wp\/v2\/posts"}],"about":[{"href":"https:\/\/escueladeartesuperior.educacion.navarra.es\/web\/wp-json\/wp\/v2\/types\/post"}],"author":[{"embeddable":true,"href":"https:\/\/escueladeartesuperior.educacion.navarra.es\/web\/wp-json\/wp\/v2\/users\/1"}],"replies":[{"embeddable":true,"href":"https:\/\/escueladeartesuperior.educacion.navarra.es\/web\/wp-json\/wp\/v2\/comments?post=23995"}],"version-history":[{"count":1,"href":"https:\/\/escueladeartesuperior.educacion.navarra.es\/web\/wp-json\/wp\/v2\/posts\/23995\/revisions"}],"predecessor-version":[{"id":33609,"href":"https:\/\/escueladeartesuperior.educacion.navarra.es\/web\/wp-json\/wp\/v2\/posts\/23995\/revisions\/33609"}],"wp:featuredmedia":[{"embeddable":true,"href":"https:\/\/escueladeartesuperior.educacion.navarra.es\/web\/wp-json\/wp\/v2\/media\/33608"}],"wp:attachment":[{"href":"https:\/\/escueladeartesuperior.educacion.navarra.es\/web\/wp-json\/wp\/v2\/media?parent=23995"}],"wp:term":[{"taxonomy":"category","embeddable":true,"href":"https:\/\/escueladeartesuperior.educacion.navarra.es\/web\/wp-json\/wp\/v2\/categories?post=23995"},{"taxonomy":"post_tag","embeddable":true,"href":"https:\/\/escueladeartesuperior.educacion.navarra.es\/web\/wp-json\/wp\/v2\/tags?post=23995"}],"curies":[{"name":"wp","href":"https:\/\/api.w.org\/{rel}","templated":true}]}}