{"id":21921,"date":"2017-11-24T19:09:16","date_gmt":"2017-11-24T18:09:16","guid":{"rendered":"http:\/\/www.escueladeartepamplona.com\/?p=21921"},"modified":"2020-03-04T07:42:47","modified_gmt":"2020-03-04T06:42:47","slug":"el-cartel-de-la-nueva-campana-del-banco-de-alimentos-de-navarra-realizado-por-el-alumnado-del-ciclo-de-grado-medio-de-grafica-impresa","status":"publish","type":"post","link":"https:\/\/escueladeartesuperior.educacion.navarra.es\/web\/blog\/el-cartel-de-la-nueva-campana-del-banco-de-alimentos-de-navarra-realizado-por-el-alumnado-del-ciclo-de-grado-medio-de-grafica-impresa\/","title":{"rendered":"Cartel para Banco de Alimentos realizado por el alumnado del ciclo de grado medio de Gr\u00e1fica Impresa"},"content":{"rendered":"<p><span style=\"font-size: 24px;\">El 1 y 2 de diciembre se realizar\u00e1 en toda navarra la nueva edici\u00f3n de la Gran Recogida de Alimentos. Se pretende paliar la crisis que sigue para m\u00e1s de 32.000 personas en Navarra, unas 8000 familias.<\/span><\/p>\n<p>Comercios, farmacias, las mancomunidades de residuos, transportistas y m\u00e1s de 2.800 voluntarios participar\u00e1n, entre otros, en esta edici\u00f3n. En estos momentos todav\u00eda quedan 300 turnos libres para aquellas personas que quieran colaborar con esta fundaci\u00f3n sin \u00e1nimo de lucro contra el desperdicio alimentario.<\/p>\n<p style=\"text-align: right;\"><span style=\"font-size: 14px;\"><strong><a href=\"https:\/\/bancoalimentosnavarra.org\/\" target=\"_blank\" rel=\"noopener noreferrer\">Banco de alimentos<\/a><\/strong><\/span><\/p>\n<p>Adem\u00e1s de colaborar con el Banco de Alimentos, la realizaci\u00f3n de este nuevo cartel nos permite trabajar en la l\u00ednea de proporcionar al alumnado experiencias laborales reales y utilizando una metodolog\u00eda colaborativa y basada en proyectos en la que el alumnado ha sido protagonista del proceso. El pasado junio con el mismo planteamiento, hicimos nuestra primera colaboraci\u00f3n con el Banco de Alimentos. El alumnado de 2\u00ba\u00a0 curso del ciclo elabor\u00f3 un cartel con un gran logo Wifi realizado con comida. El lema que subrayaba la idea era \u00abrepartir nos conecta\u00bb.<\/p>\n<p>Esta nueva edici\u00f3n el lema que se nos propuso era \u00abY la crisis continua&#8230;\u00bb. Por tanto, decidimos utilizar la imagen creada por los compa\u00f1eros y compa\u00f1eras de la promoci\u00f3n anterior. Continuar con la idea recicl\u00e1ndola. Realizamos un paquete de regalo envuelto con el cartel anterior y presentado del mismo modo. Mantenemos la idea general del cartel y con la imagen pero manipulando con etiquetas las fechas e introduciendo el nuevo lema. Ofrecemos de este modo una versi\u00f3n adaptada al contexto cercano a la Navidad.<\/p>\n<p>En el m\u00f3dulo de <em>Obra final s<\/em>e plante\u00f3 el trabajo<em>. <\/em>Se discutieron diversas formas de resolverlo y se establecieron grupos para ir desarrollando las ideas elegidas.\u00a0En el m\u00f3dulo de <em>Producci\u00f3n de impresi\u00f3n <\/em>se realizaron las fotograf\u00edas y\u00a0se le fue dando forma definitiva al cartel en el de<em> Autoedici\u00f3n.<\/em> Todos ellos m\u00f3dulos del\u00a0<em>segundo curso del e<\/em>studio. De forma colegiada se decidi\u00f3 la imagen que mejor se adecuaba al planteamiento inicial y se le present\u00f3 al cliente.<\/p>\n<p><strong>Marisol<\/strong> y <strong>Gema<\/strong>, encargadas de comunicaci\u00f3n y coordinadora del Banco de Alimentos, respectivamente, valoraron la propuesta proponiendo peque\u00f1as modificaciones que realizamos en el momento.<\/p>\n<p>El 16 de mayo se present\u00f3 la campa\u00f1a en rueda de prensa. El voluntario y presidente del Banco de Alimentos, <em>Gregorio Yoldi<\/em>, junto con <em>Marisol Villar<\/em>, voluntaria y una de las coordinadoras, dieron los datos de la nueva campa\u00f1a. En representaci\u00f3n del alumnado acudieron <strong>Andrea Fernandes<\/strong> y <strong>Javier Vicente<\/strong> para explicar la idea que pretende transmitir el cartel.<\/p>\n","protected":false},"excerpt":{"rendered":"<p>El 1 y 2 de diciembre se realizar\u00e1 en toda navarra la nueva edici\u00f3n de la Gran Recogida de Alimentos. Se pretende paliar la crisis que sigue para m\u00e1s de 32.000 personas en Navarra, unas 8000 familias. Comercios, farmacias, las mancomunidades de residuos, transportistas y m\u00e1s de 2.800 voluntarios participar\u00e1n, entre otros, en esta edici\u00f3n. [&hellip;]<\/p>\n","protected":false},"author":1,"featured_media":33633,"comment_status":"closed","ping_status":"closed","sticky":false,"template":"","format":"standard","meta":{"_genesis_hide_title":false,"_genesis_hide_breadcrumbs":false,"_genesis_hide_singular_image":false,"_genesis_hide_footer_widgets":false,"_genesis_custom_body_class":"","_genesis_custom_post_class":"","_genesis_layout":"","footnotes":""},"categories":[1020,35,26],"tags":[652,653,42,826,654,8,345,655,656,10],"_links":{"self":[{"href":"https:\/\/escueladeartesuperior.educacion.navarra.es\/web\/wp-json\/wp\/v2\/posts\/21921"}],"collection":[{"href":"https:\/\/escueladeartesuperior.educacion.navarra.es\/web\/wp-json\/wp\/v2\/posts"}],"about":[{"href":"https:\/\/escueladeartesuperior.educacion.navarra.es\/web\/wp-json\/wp\/v2\/types\/post"}],"author":[{"embeddable":true,"href":"https:\/\/escueladeartesuperior.educacion.navarra.es\/web\/wp-json\/wp\/v2\/users\/1"}],"replies":[{"embeddable":true,"href":"https:\/\/escueladeartesuperior.educacion.navarra.es\/web\/wp-json\/wp\/v2\/comments?post=21921"}],"version-history":[{"count":2,"href":"https:\/\/escueladeartesuperior.educacion.navarra.es\/web\/wp-json\/wp\/v2\/posts\/21921\/revisions"}],"predecessor-version":[{"id":36153,"href":"https:\/\/escueladeartesuperior.educacion.navarra.es\/web\/wp-json\/wp\/v2\/posts\/21921\/revisions\/36153"}],"wp:featuredmedia":[{"embeddable":true,"href":"https:\/\/escueladeartesuperior.educacion.navarra.es\/web\/wp-json\/wp\/v2\/media\/33633"}],"wp:attachment":[{"href":"https:\/\/escueladeartesuperior.educacion.navarra.es\/web\/wp-json\/wp\/v2\/media?parent=21921"}],"wp:term":[{"taxonomy":"category","embeddable":true,"href":"https:\/\/escueladeartesuperior.educacion.navarra.es\/web\/wp-json\/wp\/v2\/categories?post=21921"},{"taxonomy":"post_tag","embeddable":true,"href":"https:\/\/escueladeartesuperior.educacion.navarra.es\/web\/wp-json\/wp\/v2\/tags?post=21921"}],"curies":[{"name":"wp","href":"https:\/\/api.w.org\/{rel}","templated":true}]}}