{"id":15071,"date":"2017-03-26T19:43:32","date_gmt":"2017-03-26T17:43:32","guid":{"rendered":"http:\/\/escueladeartepamplona.paginadesarrollo.com\/?p=15071"},"modified":"2020-02-10T11:52:56","modified_gmt":"2020-02-10T10:52:56","slug":"curso-de-mascaras","status":"publish","type":"post","link":"https:\/\/escueladeartesuperior.educacion.navarra.es\/web\/blog\/curso-de-mascaras\/","title":{"rendered":"CURSO DE M\u00c1SCARAS"},"content":{"rendered":"<h2><img fetchpriority=\"high\" decoding=\"async\" class=\"size-medium wp-image-22809 alignleft\" src=\"https:\/\/escueladeartesuperior.educacion.navarra.es\/web\/wp-content\/uploads\/2017\/03\/CURSO-DE-M\u00c1SCARAS-300x200.jpg\" alt=\"\" width=\"231\" height=\"300\"><\/h2>\n<h2><span style=\"font-size: 24px\">Curso de M\u00e1scaras para representaciones teatrales.<\/span><\/h2>\n<p><strong>INFORMACI\u00d3N GENERAL<\/strong><\/p>\n<div>Lugar: Escuela de Arte, Pamplona, calle Amaya 27<\/div>\n<div>Aula 02 de Vaciado y Moldeado, planta baja.<\/div>\n<div>Fechas:<strong> 24 de abril- 23 de mayo<\/strong><\/div>\n<div>Duraci\u00f3n: 40 h.<\/div>\n<div>Horario: De 17,00 h a 20,05 h. Los lunes, martes y jueves.<\/div>\n<div>N\u00famero de plazas: 15<\/div>\n<p>Impartido por <strong>Manuel Escart\u00edn Ot\u00edn<\/strong><\/p>\n<p>Objetivos, contenidos y calendario del curso <a href=\"https:\/\/escueladeartesuperior.educacion.navarra.es\/web\/wp-content\/uploads\/2020\/03\/Objetivos-curso.pdf\" target=\"_blank\" rel=\"noopener noreferrer\">+info<\/a><\/p>\n<hr>\n<p><strong>LISTA DE ADMITIDOS <\/strong><strong>&nbsp;<span style=\"color: #ff0000\"><em><a style=\"color: #ff0000\" href=\"http:\/\/escueladeartepamplona.paginadesarrollo.com\/wp-content\/uploads\/Lista-DEFINITIVA-ADMITIDOS.pdf\" target=\"_blank\" rel=\"noopener noreferrer\">pdf<\/a><\/em><\/span><\/strong><\/p>\n<ol>\n<li><span style=\"font-family: Arial\">Garazi Boj San Mart\u00edn<\/span><\/li>\n<li><span style=\"font-family: Arial\">June San Mill\u00e1n Garc\u00eda<\/span><\/li>\n<li><span style=\"font-family: Arial\">Josefina Ballester Gim\u00e9nez<\/span><\/li>\n<li><span style=\"font-family: Arial\">\u00c1ngel Mel\u00e9ndez Latorre<\/span><\/li>\n<li><span style=\"font-family: Arial\">Tom\u00e1s Hern\u00e1ndez Mancha<\/span><\/li>\n<li><span style=\"font-family: Arial\">Sonia Jadera Quispe L\u00f3pez&nbsp; <\/span><\/li>\n<li><span style=\"font-family: Arial\">Mar\u00eda Dimelza Quinteros Soto<\/span><\/li>\n<li><span style=\"font-family: Arial\">I\u00f1igo Martiartu Tapiz <\/span><\/li>\n<li><span style=\"font-family: Arial\">Ana Isabel Goicoechea<\/span><\/li>\n<li><span style=\"font-family: Arial\">Yeray Paz G\u00f3mez<\/span><\/li>\n<li><span style=\"font-family: Arial\">Cristina Mart\u00ednez Lana<\/span><\/li>\n<li><span style=\"font-family: Arial\">Oscar Guerrero P\u00e9rez<\/span><\/li>\n<li><span style=\"font-family: Arial\">Beatriz Itoiz Mugueta<\/span><\/li>\n<li><span style=\"font-family: Arial\">Larraitz Ruiz Ceberio Aranzabal<\/span><\/li>\n<li><span style=\"font-family: Arial\">Camilo Casta\u00f1o Parra<\/span><\/li>\n<\/ol>\n","protected":false},"excerpt":{"rendered":"<p>Curso de M\u00e1scaras para representaciones teatrales. INFORMACI\u00d3N GENERAL Lugar: Escuela de Arte, Pamplona, calle Amaya 27 Aula 02 de Vaciado y Moldeado, planta baja. Fechas: 24 de abril- 23 de mayo Duraci\u00f3n: 40 h. Horario: De 17,00 h a 20,05 h. Los lunes, martes y jueves. N\u00famero de plazas: 15 Impartido por Manuel Escart\u00edn Ot\u00edn [&hellip;]<\/p>\n","protected":false},"author":1,"featured_media":33701,"comment_status":"closed","ping_status":"open","sticky":false,"template":"","format":"standard","meta":{"_genesis_hide_title":false,"_genesis_hide_breadcrumbs":false,"_genesis_hide_singular_image":false,"_genesis_hide_footer_widgets":false,"_genesis_custom_body_class":"","_genesis_custom_post_class":"","_genesis_layout":"","footnotes":""},"categories":[11,117,28,21],"tags":[],"_links":{"self":[{"href":"https:\/\/escueladeartesuperior.educacion.navarra.es\/web\/wp-json\/wp\/v2\/posts\/15071"}],"collection":[{"href":"https:\/\/escueladeartesuperior.educacion.navarra.es\/web\/wp-json\/wp\/v2\/posts"}],"about":[{"href":"https:\/\/escueladeartesuperior.educacion.navarra.es\/web\/wp-json\/wp\/v2\/types\/post"}],"author":[{"embeddable":true,"href":"https:\/\/escueladeartesuperior.educacion.navarra.es\/web\/wp-json\/wp\/v2\/users\/1"}],"replies":[{"embeddable":true,"href":"https:\/\/escueladeartesuperior.educacion.navarra.es\/web\/wp-json\/wp\/v2\/comments?post=15071"}],"version-history":[{"count":1,"href":"https:\/\/escueladeartesuperior.educacion.navarra.es\/web\/wp-json\/wp\/v2\/posts\/15071\/revisions"}],"predecessor-version":[{"id":33702,"href":"https:\/\/escueladeartesuperior.educacion.navarra.es\/web\/wp-json\/wp\/v2\/posts\/15071\/revisions\/33702"}],"wp:featuredmedia":[{"embeddable":true,"href":"https:\/\/escueladeartesuperior.educacion.navarra.es\/web\/wp-json\/wp\/v2\/media\/33701"}],"wp:attachment":[{"href":"https:\/\/escueladeartesuperior.educacion.navarra.es\/web\/wp-json\/wp\/v2\/media?parent=15071"}],"wp:term":[{"taxonomy":"category","embeddable":true,"href":"https:\/\/escueladeartesuperior.educacion.navarra.es\/web\/wp-json\/wp\/v2\/categories?post=15071"},{"taxonomy":"post_tag","embeddable":true,"href":"https:\/\/escueladeartesuperior.educacion.navarra.es\/web\/wp-json\/wp\/v2\/tags?post=15071"}],"curies":[{"name":"wp","href":"https:\/\/api.w.org\/{rel}","templated":true}]}}