{"id":14719,"date":"2017-01-11T14:13:04","date_gmt":"2017-01-11T13:13:04","guid":{"rendered":"http:\/\/escueladeartepamplona.paginadesarrollo.com\/?p=14719"},"modified":"2020-02-10T11:56:18","modified_gmt":"2020-02-10T10:56:18","slug":"festival-internacional-de-grabado-fig_bilbao","status":"publish","type":"post","link":"https:\/\/escueladeartesuperior.educacion.navarra.es\/web\/blog\/festival-internacional-de-grabado-fig_bilbao\/","title":{"rendered":"Festival Internacional de Grabado FIG_BILBAO"},"content":{"rendered":"<h3><span style=\"font-size: 24px\">El pasado 17 de noviembre el Ciclo Superior de Grabado y T\u00e9cnicas de Estampaci\u00f3n organiz\u00f3 una salida a Bilbao con motivo del Festival Internacional de Grabado FIG Bilbao. <\/span><\/h3>\n<p style=\"text-align: left\"><span style=\"font-size: 18px\">Acudi\u00f3 el alumnado de 1\u00ba y 2\u00ba de Grabado &nbsp;con las profesoras Asun Del Pozo y Kontxesi Vicente.<\/span><\/p>\n<p style=\"text-align: left\"><span style=\"font-size: 18px\">En el Museo de Bellas Artes se visit\u00f3 la exposici\u00f3n <strong><em>La cultura del vino- &nbsp;Maestros del grabado <\/em><\/strong>de la <strong>Colecci\u00f3n de la Fundaci\u00f3n&nbsp; Vivanco<\/strong><em>. <\/em>Una &nbsp;amplia muestra de estampas de t\u00e9cnicas&nbsp;y \u00e9pocas diversas creadas por autores &nbsp;como Andrea &nbsp;Mantegna, Albert Durer, Juan Gris, Pablo Picasso, Joan Mir\u00f3, Marc &nbsp;Chagall, Roy Lichtenstein, Antoni T\u00e0pies, &nbsp;Andy Warhol, Paula Rego, Antonio &nbsp;Saura, Eduardo Chillida, Manolo Vald\u00e9s, Miguel Barcel\u00f3 o Eduardo Arroyo.<\/span><\/p>\n\n<p style=\"text-align: left\"><span style=\"font-size: 18px\">Tambi\u00e9n en el Museo se pudo ver la exposici\u00f3n <strong><em>1937 Sobre Gernika. &nbsp;Guerra y civitas<\/em><\/strong><em>, <\/em>que inclu\u00eda una reconstrucci\u00f3n del Pabell\u00f3n Espa\u00f1ol de la &nbsp;Exposici\u00f3n Internacional de Par\u00eds de 1937 donde se present\u00f3 el cuadro de &nbsp;Picasso, as\u00ed como dibujos y oleos preliminares de Picasso, fotograf\u00edas de Dora &nbsp;Maar&nbsp; documentando la ejecuci\u00f3n del Guernica en su estudio parisino y obras &nbsp;de artistas internacionales creadas bajo la influencia del&nbsp;<em>Guernica.<\/em><\/span><\/p>\n<p style=\"text-align: left\"><span style=\"font-size: 18px\">Ya en el Palacio Euskalduna fue todo un lujo recorrer los stands del <strong><em>Festival Internacional de Grabado FIG-Bilbao<\/em><\/strong> de la mano de la artista vizca\u00edna Zaloa Ipi\u00f1a, y conocer interesantes propuestas del arte gr\u00e1fico contempor\u00e1neo&nbsp;en estrecha conversaci\u00f3n con sus protagonistas: artistas asociados, galer\u00edas, fundaciones y talleres de \u00e1mbito local e&nbsp; internacional.<\/span><\/p>\n\n<p style=\"text-align: left\">&nbsp;<\/p>\n","protected":false},"excerpt":{"rendered":"<p>El pasado 17 de noviembre el Ciclo Superior de Grabado y T\u00e9cnicas de Estampaci\u00f3n organiz\u00f3 una salida a Bilbao con motivo del Festival Internacional de Grabado FIG Bilbao. Acudi\u00f3 el alumnado de 1\u00ba y 2\u00ba de Grabado &nbsp;con las profesoras Asun Del Pozo y Kontxesi Vicente. En el Museo de Bellas Artes se visit\u00f3 la [&hellip;]<\/p>\n","protected":false},"author":1,"featured_media":33725,"comment_status":"closed","ping_status":"open","sticky":false,"template":"","format":"standard","meta":{"_genesis_hide_title":false,"_genesis_hide_breadcrumbs":false,"_genesis_hide_singular_image":false,"_genesis_hide_footer_widgets":false,"_genesis_custom_body_class":"","_genesis_custom_post_class":"","_genesis_layout":"","footnotes":""},"categories":[11,37],"tags":[],"_links":{"self":[{"href":"https:\/\/escueladeartesuperior.educacion.navarra.es\/web\/wp-json\/wp\/v2\/posts\/14719"}],"collection":[{"href":"https:\/\/escueladeartesuperior.educacion.navarra.es\/web\/wp-json\/wp\/v2\/posts"}],"about":[{"href":"https:\/\/escueladeartesuperior.educacion.navarra.es\/web\/wp-json\/wp\/v2\/types\/post"}],"author":[{"embeddable":true,"href":"https:\/\/escueladeartesuperior.educacion.navarra.es\/web\/wp-json\/wp\/v2\/users\/1"}],"replies":[{"embeddable":true,"href":"https:\/\/escueladeartesuperior.educacion.navarra.es\/web\/wp-json\/wp\/v2\/comments?post=14719"}],"version-history":[{"count":1,"href":"https:\/\/escueladeartesuperior.educacion.navarra.es\/web\/wp-json\/wp\/v2\/posts\/14719\/revisions"}],"predecessor-version":[{"id":33726,"href":"https:\/\/escueladeartesuperior.educacion.navarra.es\/web\/wp-json\/wp\/v2\/posts\/14719\/revisions\/33726"}],"wp:featuredmedia":[{"embeddable":true,"href":"https:\/\/escueladeartesuperior.educacion.navarra.es\/web\/wp-json\/wp\/v2\/media\/33725"}],"wp:attachment":[{"href":"https:\/\/escueladeartesuperior.educacion.navarra.es\/web\/wp-json\/wp\/v2\/media?parent=14719"}],"wp:term":[{"taxonomy":"category","embeddable":true,"href":"https:\/\/escueladeartesuperior.educacion.navarra.es\/web\/wp-json\/wp\/v2\/categories?post=14719"},{"taxonomy":"post_tag","embeddable":true,"href":"https:\/\/escueladeartesuperior.educacion.navarra.es\/web\/wp-json\/wp\/v2\/tags?post=14719"}],"curies":[{"name":"wp","href":"https:\/\/api.w.org\/{rel}","templated":true}]}}