{"id":14150,"date":"2016-05-19T10:57:55","date_gmt":"2016-05-19T08:57:55","guid":{"rendered":"http:\/\/escueladeartepamplona.paginadesarrollo.com\/?p=14150"},"modified":"2020-02-10T12:31:30","modified_gmt":"2020-02-10T11:31:30","slug":"alumnado-de-grafica-impresa-de-la-escuela-visita-autoedit-ii","status":"publish","type":"post","link":"https:\/\/escueladeartesuperior.educacion.navarra.es\/web\/blog\/alumnado-de-grafica-impresa-de-la-escuela-visita-autoedit-ii\/","title":{"rendered":"Alumnado de Gr\u00e1fica Impresa de la escuela visita Autoedit II"},"content":{"rendered":"<h3 style=\"text-align: justify\"><a href=\"https:\/\/www.flickr.com\/photos\/escueladeartedepamplona_iruekoarteeskola\/albums\/72157668596898735\" target=\"_blank\" rel=\"https:\/\/www.flickr.com\/photos\/escueladeartedepamplona_iruekoarteeskola\/albums\/72157668596898735 noopener noreferrer\"><img decoding=\"async\" class=\"alignleft wp-image-14154\" src=\"http:\/\/escueladeartepamplona.paginadesarrollo.com\/wp-content\/uploads\/DSC_4730-300x300.jpg\" alt=\"DSC_4730\" width=\"170\" height=\"170\"><\/a>Los alumnos y alumnas del ciclo de grado medio de Asistencia al Producto Gr\u00e1fico Impreso y 3 de sus profesores\/as visitaron la exposici\u00f3n del Museo de Arte Contempor\u00e1neo de Huarte \u201c<a href=\"http:\/\/www.centrohuarte.es\/actualidad\/e http:\/\/www.centrohuarte.es\/actualidad\/exposicion-autoedit-ii-lenguajes-plasticos-y-autoedicion\/ xposicion-autoedit-ii-lenguajes-plasticos-y-autoedicion\/\" target=\"_blank\" rel=\"noopener noreferrer\">Autoedit <\/a>II Lenguajes pl\u00e1sticos y autoedici\u00f3n\u201d<\/h3>\n<p style=\"text-align: left\">Comisariada por Juan Pablo Hu\u00e9rcanos, la muestra recoge m\u00e1s de doscientas obras de creadores individuales y colectivos que han optado por autoeditar sus propuestas art\u00edsticas como una forma de difusi\u00f3n cultural, m\u00e1s all\u00e1 de los circuitos cl\u00e1sicos editoriales, acad\u00e9micos e institucionales.<a href=\"https:\/\/www.flickr.com\/photos\/escueladeartedepamplona_iruekoarteeskola\/albums\/72157668596898735\" target=\"_blank\" rel=\"attachment wp-att-14154 noopener noreferrer\"><img decoding=\"async\" class=\" alignright wp-image-14153\" src=\"http:\/\/escueladeartepamplona.paginadesarrollo.com\/wp-content\/uploads\/Explicaciones-Julieta-300x199.jpg\" alt=\"Explicaciones Julieta\" width=\"181\" height=\"120\"><\/a><\/p>\n<p style=\"text-align: left\">La visita fue guiada por Julieta Manzanos Coordinadora del Centro Huarte y la alumna&nbsp;<i> Maider Garayo <\/i>de 2\u00ba de Grabado de la Escuela de Arte de Pamplona que est\u00e1 realizando las pr\u00e1cticas de empresa en el Museo. El Centro Huarte colabora desde hace a\u00f1os con la Escuela de Arte de Pamplona.<\/p>\n<p><a href=\"https:\/\/www.flickr.com\/photos\/escueladeartedepamplona_iruekoarteeskola\/albums\/72157668596898735\" target=\"_blank\" rel=\"attachment wp-att-14155 noopener noreferrer\"><img fetchpriority=\"high\" decoding=\"async\" class=\" wp-image-14155 size-medium aligncenter\" src=\"http:\/\/escueladeartepamplona.paginadesarrollo.com\/wp-content\/uploads\/Grupo-APGI-2016-300x199.jpg\" alt=\"Grupo APGI 2016\" width=\"300\" height=\"199\"><\/a><\/p>\n","protected":false},"excerpt":{"rendered":"<p>Los alumnos y alumnas del ciclo de grado medio de Asistencia al Producto Gr\u00e1fico Impreso y 3 de sus profesores\/as visitaron la exposici\u00f3n del Museo de Arte Contempor\u00e1neo de Huarte \u201cAutoedit II Lenguajes pl\u00e1sticos y autoedici\u00f3n\u201d Comisariada por Juan Pablo Hu\u00e9rcanos, la muestra recoge m\u00e1s de doscientas obras de creadores individuales y colectivos que han [&hellip;]<\/p>\n","protected":false},"author":1,"featured_media":33741,"comment_status":"closed","ping_status":"open","sticky":false,"template":"","format":"standard","meta":{"_genesis_hide_title":false,"_genesis_hide_breadcrumbs":false,"_genesis_hide_singular_image":false,"_genesis_hide_footer_widgets":false,"_genesis_custom_body_class":"","_genesis_custom_post_class":"","_genesis_layout":"","footnotes":""},"categories":[35,26],"tags":[652,653,42,754,755,654,8,345,655,656,10],"_links":{"self":[{"href":"https:\/\/escueladeartesuperior.educacion.navarra.es\/web\/wp-json\/wp\/v2\/posts\/14150"}],"collection":[{"href":"https:\/\/escueladeartesuperior.educacion.navarra.es\/web\/wp-json\/wp\/v2\/posts"}],"about":[{"href":"https:\/\/escueladeartesuperior.educacion.navarra.es\/web\/wp-json\/wp\/v2\/types\/post"}],"author":[{"embeddable":true,"href":"https:\/\/escueladeartesuperior.educacion.navarra.es\/web\/wp-json\/wp\/v2\/users\/1"}],"replies":[{"embeddable":true,"href":"https:\/\/escueladeartesuperior.educacion.navarra.es\/web\/wp-json\/wp\/v2\/comments?post=14150"}],"version-history":[{"count":1,"href":"https:\/\/escueladeartesuperior.educacion.navarra.es\/web\/wp-json\/wp\/v2\/posts\/14150\/revisions"}],"predecessor-version":[{"id":33742,"href":"https:\/\/escueladeartesuperior.educacion.navarra.es\/web\/wp-json\/wp\/v2\/posts\/14150\/revisions\/33742"}],"wp:featuredmedia":[{"embeddable":true,"href":"https:\/\/escueladeartesuperior.educacion.navarra.es\/web\/wp-json\/wp\/v2\/media\/33741"}],"wp:attachment":[{"href":"https:\/\/escueladeartesuperior.educacion.navarra.es\/web\/wp-json\/wp\/v2\/media?parent=14150"}],"wp:term":[{"taxonomy":"category","embeddable":true,"href":"https:\/\/escueladeartesuperior.educacion.navarra.es\/web\/wp-json\/wp\/v2\/categories?post=14150"},{"taxonomy":"post_tag","embeddable":true,"href":"https:\/\/escueladeartesuperior.educacion.navarra.es\/web\/wp-json\/wp\/v2\/tags?post=14150"}],"curies":[{"name":"wp","href":"https:\/\/api.w.org\/{rel}","templated":true}]}}