{"id":11152,"date":"2014-11-12T17:15:16","date_gmt":"2014-11-12T16:15:16","guid":{"rendered":"http:\/\/escueladeartepamplona.paginadesarrollo.com\/?p=11152"},"modified":"2020-02-10T12:37:54","modified_gmt":"2020-02-10T11:37:54","slug":"ilustracion-y-diseno-pequenos-detectives-de-monstruos","status":"publish","type":"post","link":"https:\/\/escueladeartesuperior.educacion.navarra.es\/web\/blog\/ilustracion-y-diseno-pequenos-detectives-de-monstruos\/","title":{"rendered":"Ilustraci\u00f3n y dise\u00f1o: \u00abPeque\u00f1os Detectives de Monstruos\u00bb"},"content":{"rendered":"<p><a href=\"https:\/\/escueladeartesuperior.educacion.navarra.es\/web\/wp-content\/uploads\/2020\/03\/19_Charla_Patricia_Alvaro_2014.jpg\"><img fetchpriority=\"high\" decoding=\"async\" class=\"alignleft wp-image-11161\" src=\"https:\/\/escueladeartesuperior.educacion.navarra.es\/web\/wp-content\/uploads\/2020\/03\/19_Charla_Patricia_Alvaro_2014.jpg\" alt=\"\" width=\"701\" height=\"400\"><\/a><\/p>\n<p style=\"text-align: justify\"><span style=\"color: #000000\"><strong><strong><a href=\"https:\/\/escueladeartesuperior.educacion.navarra.es\/web\/wp-content\/uploads\/2020\/03\/00_Charla_Patricia_Alvaro_2014.jpg\"><img decoding=\"async\" class=\"size-medium wp-image-11164 alignnone\" src=\"https:\/\/escueladeartesuperior.educacion.navarra.es\/web\/wp-content\/uploads\/2020\/03\/00_Charla_Patricia_Alvaro_2014-300x200.jpg\" alt=\"\" width=\"300\" height=\"199\"><\/a><\/strong><\/strong><\/span><\/p>\n<p><span style=\"color: #000000;font-size: 24px\"><strong>Patricia de Blas<\/strong> y <strong>\u00c1lvaro Corc\u00edn<\/strong> son antiguos alumnos de nuestra escuela.<br \/>\n<span style=\"font-size: 16px\">\u00c1lvaro&nbsp;curs\u00f3 el Ciclo Formativo de Grado Medio de Autoedici\u00f3n y posteriormente Bahillerato de Arte y Patricia estudi\u00f3&nbsp;Bahillerato de Arte. Despu\u00e9s de haber cursado sus estudios universitarios, vuelven para mostrarnos su \u00faltimo trabajo, el proyecto de fin de carrera de Patricia que result\u00f3 ser muy interesante a los ojos de una editorial madrile\u00f1a especializada en libros de juegos de rol.<\/span><\/span><br \/>\n<span style=\"color: #000000;font-size: 16px\"> <strong><span style=\"font-size: 18px\">\u00abPeque\u00f1os Detectives de Monstruos\u00bb<\/span>&nbsp;<\/strong>es un libro de juego de rol para ni\u00f1os y ni\u00f1as a partir de 3 a\u00f1os para jugar en familia, en el que se trabajan los miedos y las emociones de una manera l\u00fadica en la que nuestros peques se convierten en verdaderos detectives de la \u00ab<em>Agencia de detectives m\u00e1s secreta del mundo\u00bb<\/em>.<\/span><br \/>\n<span style=\"font-size: 16px\"> <span style=\"color: #000000\">En su visita, nos han contado de manera muy cercana, todo el proceso creativo del libro:<\/span><span style=\"color: #000000\"><strong><a href=\"https:\/\/www.flickr.com\/photos\/escueladeartedepamplona_iruekoarteeskola\/sets\/72157649159855686\/\" target=\"_blank\" rel=\"attachment wp-att-11159 noopener noreferrer\"><img decoding=\"async\" class=\"size-medium wp-image-11159 alignright\" style=\"border: 0px none\" src=\"https:\/\/escueladeartesuperior.educacion.navarra.es\/web\/wp-content\/uploads\/2020\/03\/07_Charla_Patricia_Alvaro_2014-300x200.jpg\" alt=\"07_Charla_Patricia_Alvaro_2014\" width=\"263\" height=\"175\"><\/a><\/strong><\/span><\/span><\/p>\n<ul>\n<li><span style=\"color: #000000;font-size: 16px\">de d\u00f3nde surgi\u00f3 la idea.<\/span><\/li>\n<li><span style=\"color: #000000;font-size: 16px\">c\u00f3mo fue el proceso de investigaci\u00f3n sobre la tem\u00e1tica.<\/span><\/li>\n<li><span style=\"color: #000000;font-size: 16px\">documentaci\u00f3n gr\u00e1fica para la ambientaci\u00f3n del libro.<\/span><\/li>\n<li><span style=\"color: #000000;font-size: 16px\">todas las cuestiones gr\u00e1ficas que se han tenido en cuenta.<\/span><\/li>\n<li><span style=\"color: #000000;font-size: 16px\">todas las facetas por las que ha pasado el proyecto.<\/span><\/li>\n<\/ul>\n<p><span style=\"color: #000000;font-size: 16px\">En lo concerniente al dise\u00f1o e ilustraci\u00f3n, la explicaci\u00f3n ha sido muy detallada.<\/span><\/p>\n<ul>\n<li><span style=\"font-size: 16px\"><span style=\"color: #000000\">El libro consta de m\u00faltiples <strong>tipos de letra<\/strong>, adaptadas de manera precisa al contenido de cada secci\u00f3n del libro. Para poder hacer una elecci\u00f3n acertada, decidieron crear un dossier con un <\/span><span style=\"color: #000000\"><strong><a href=\"https:\/\/www.flickr.com\/photos\/escueladeartedepamplona_iruekoarteeskola\/sets\/72157649159855686\/\" target=\"_blank\" rel=\"attachment wp-att-11160 noopener noreferrer\"><img loading=\"lazy\" decoding=\"async\" class=\"size-medium wp-image-11160 alignright\" style=\"border: 0px none\" src=\"https:\/\/escueladeartesuperior.educacion.navarra.es\/web\/wp-content\/uploads\/2020\/03\/16_Charla_Patricia_Alvaro_2014-300x200.jpg\" alt=\"16_Charla_Patricia_Alvaro_2014\" width=\"261\" height=\"173\"><\/a><\/strong><\/span><span style=\"color: #000000\">muchas tipograf\u00edas de <strong>uso libre <\/strong><em>(sin licencia)<\/em> al que poder acudir en b\u00fasqueda del tipo de letra apropiado.<\/span><\/span><\/li>\n<li><span style=\"color: #000000;font-size: 16px\">Para el trabajo de las<strong> ilustraciones<\/strong>, han trabajado con dibujos que desde el primer momento han sido a tama\u00f1o real. Se imprim\u00edan las p\u00e1ginas con los textos a escala 100% y sobre \u00e9stas dibujaban las ilustraciones que iban a aparecer en cada caso. Posteriormente escaneaban y hac\u00edan el tratamiento digital para su dotarlas de su apariencia final.<\/span><\/li>\n<\/ul>\n<p><span style=\"color: #000000;font-size: 16px\">Tanto el alumnado como el profesorado asistente a la charla, hemos podido ver y tener en nuestras manos todo el material que plasma el proceso, sin secretos, sin reservas, un aut\u00e9ntico lujo&#8230; No siempre los autores y autoras se muestran tan abiertos y es un gesto que merece la pena resaltar y agradecer.<\/span><br \/>\n<span style=\"color: #000000;font-size: 16px\"> Os invitamos a que visit\u00e9is las p\u00e1ginas que Patricia y \u00c1lvaro han creado para plasmar todo este proyecto, que no acaba en la publicaci\u00f3n del libro, todo lo contrario, esto no ha hecho nada m\u00e1s que empezar y nos esperan para que seamos parte activa del mismo.<\/span><\/p>\n<p><span style=\"color: #3366ff\"><em><a href=\"http:\/\/www.detectivesdemonstruos.com\/\" target=\"_blank\" rel=\"noopener noreferrer\"><span style=\"color: #3366ff\">www.detectivesdemonstruos.com<\/span><\/a><\/em><\/span><\/p>\n<p><span style=\"color: #3366ff\"><em><a href=\"https:\/\/www.facebook.com\/detectivesdemonstruos\" target=\"_blank\" rel=\"noopener noreferrer\"><span style=\"color: #3366ff\">www.facebook.com\/detectivesdemonstruos<\/span><\/a><\/em><\/span><\/p>\n<p><span style=\"color: #000000\">&nbsp;<\/span><\/p>\n","protected":false},"excerpt":{"rendered":"<p>Patricia de Blas y \u00c1lvaro Corc\u00edn son antiguos alumnos de nuestra escuela. \u00c1lvaro&nbsp;curs\u00f3 el Ciclo Formativo de Grado Medio de Autoedici\u00f3n y posteriormente Bahillerato de Arte y Patricia estudi\u00f3&nbsp;Bahillerato de Arte. Despu\u00e9s de haber cursado sus estudios universitarios, vuelven para mostrarnos su \u00faltimo trabajo, el proyecto de fin de carrera de Patricia que result\u00f3 ser [&hellip;]<\/p>\n","protected":false},"author":1,"featured_media":33781,"comment_status":"closed","ping_status":"open","sticky":false,"template":"","format":"standard","meta":{"_genesis_hide_title":false,"_genesis_hide_breadcrumbs":false,"_genesis_hide_singular_image":false,"_genesis_hide_footer_widgets":false,"_genesis_custom_body_class":"","_genesis_custom_post_class":"","_genesis_layout":"","footnotes":""},"categories":[1020,4,35,11,26],"tags":[727,652,653,42,654,8,345,655,656,10,728,729],"_links":{"self":[{"href":"https:\/\/escueladeartesuperior.educacion.navarra.es\/web\/wp-json\/wp\/v2\/posts\/11152"}],"collection":[{"href":"https:\/\/escueladeartesuperior.educacion.navarra.es\/web\/wp-json\/wp\/v2\/posts"}],"about":[{"href":"https:\/\/escueladeartesuperior.educacion.navarra.es\/web\/wp-json\/wp\/v2\/types\/post"}],"author":[{"embeddable":true,"href":"https:\/\/escueladeartesuperior.educacion.navarra.es\/web\/wp-json\/wp\/v2\/users\/1"}],"replies":[{"embeddable":true,"href":"https:\/\/escueladeartesuperior.educacion.navarra.es\/web\/wp-json\/wp\/v2\/comments?post=11152"}],"version-history":[{"count":1,"href":"https:\/\/escueladeartesuperior.educacion.navarra.es\/web\/wp-json\/wp\/v2\/posts\/11152\/revisions"}],"predecessor-version":[{"id":33782,"href":"https:\/\/escueladeartesuperior.educacion.navarra.es\/web\/wp-json\/wp\/v2\/posts\/11152\/revisions\/33782"}],"wp:featuredmedia":[{"embeddable":true,"href":"https:\/\/escueladeartesuperior.educacion.navarra.es\/web\/wp-json\/wp\/v2\/media\/33781"}],"wp:attachment":[{"href":"https:\/\/escueladeartesuperior.educacion.navarra.es\/web\/wp-json\/wp\/v2\/media?parent=11152"}],"wp:term":[{"taxonomy":"category","embeddable":true,"href":"https:\/\/escueladeartesuperior.educacion.navarra.es\/web\/wp-json\/wp\/v2\/categories?post=11152"},{"taxonomy":"post_tag","embeddable":true,"href":"https:\/\/escueladeartesuperior.educacion.navarra.es\/web\/wp-json\/wp\/v2\/tags?post=11152"}],"curies":[{"name":"wp","href":"https:\/\/api.w.org\/{rel}","templated":true}]}}