{"id":922,"date":"2023-03-28T17:50:09","date_gmt":"2023-03-28T15:50:09","guid":{"rendered":"https:\/\/escueladeartesuperior.educacion.navarra.es\/web\/50aniversario\/?p=922"},"modified":"2023-05-30T11:40:23","modified_gmt":"2023-05-30T09:40:23","slug":"fermin-garjon-villanueva","status":"publish","type":"post","link":"https:\/\/escueladeartesuperior.educacion.navarra.es\/web\/50aniversario\/fermin-garjon-villanueva\/","title":{"rendered":"Ferm\u00edn Garj\u00f3n Villanueva"},"content":{"rendered":"\n<h4 class=\"wp-block-heading\">Arquitectura de interior \/ Barne Arkitektura<\/h4>\n\n\n\n<div class=\"wp-block-columns is-layout-flex wp-container-core-columns-is-layout-28f84493 wp-block-columns-is-layout-flex\">\n<div class=\"wp-block-column is-layout-flow wp-block-column-is-layout-flow\">\n<p>El  28 de marzo, el dise\u00f1ador de interiores Fermin Garj\u00f3n, del estudio Garj\u00f3n\/Torres, imparti\u00f3 una conferencia en la que, a trav\u00e9s de tres de sus proyectos (Cl\u00ednica dental Sainz de Murieta, vivienda en C\/Mayor y Asador Casa Tom\u00e1s), incidi\u00f3 en los aspectos t\u00e9cnicos, decorativos y \u00e9ticos, tanto desde el punto de vista creativo, como en la relaci\u00f3n con los clientes.<\/p>\n\n\n\n<div class=\"wp-block-buttons is-layout-flex wp-block-buttons-is-layout-flex\">\n<div class=\"wp-block-button\"><a class=\"wp-block-button__link has-ast-global-color-0-background-color has-background wp-element-button\" href=\"https:\/\/www.garjontorres.com\/es\/estudio\/fermin-garjon-villanueva\/\" style=\"border-radius:5px\" target=\"_blank\" rel=\"noreferrer noopener\">Web garjontorres<\/a><\/div>\n<\/div>\n<\/div>\n\n\n\n<div class=\"wp-block-column is-layout-flow wp-block-column-is-layout-flow\">\n<figure class=\"wp-block-image size-large\"><img loading=\"lazy\" decoding=\"async\" width=\"1024\" height=\"1024\" src=\"https:\/\/escueladeartesuperior.educacion.navarra.es\/web\/50aniversario\/wp-content\/uploads\/2023\/03\/encuentros2023-post212-1024x1024.png\" alt=\"\" class=\"wp-image-429\" srcset=\"https:\/\/escueladeartesuperior.educacion.navarra.es\/web\/50aniversario\/wp-content\/uploads\/2023\/03\/encuentros2023-post212-1024x1024.png 1024w, https:\/\/escueladeartesuperior.educacion.navarra.es\/web\/50aniversario\/wp-content\/uploads\/2023\/03\/encuentros2023-post212-300x300.png 300w, https:\/\/escueladeartesuperior.educacion.navarra.es\/web\/50aniversario\/wp-content\/uploads\/2023\/03\/encuentros2023-post212-150x150.png 150w, https:\/\/escueladeartesuperior.educacion.navarra.es\/web\/50aniversario\/wp-content\/uploads\/2023\/03\/encuentros2023-post212-768x768.png 768w, https:\/\/escueladeartesuperior.educacion.navarra.es\/web\/50aniversario\/wp-content\/uploads\/2023\/03\/encuentros2023-post212-400x400.png 400w, https:\/\/escueladeartesuperior.educacion.navarra.es\/web\/50aniversario\/wp-content\/uploads\/2023\/03\/encuentros2023-post212-200x200.png 200w, https:\/\/escueladeartesuperior.educacion.navarra.es\/web\/50aniversario\/wp-content\/uploads\/2023\/03\/encuentros2023-post212.png 1080w\" sizes=\"auto, (max-width: 1024px) 100vw, 1024px\" \/><\/figure>\n<\/div>\n<\/div>\n\n\n","protected":false},"excerpt":{"rendered":"<p>Arquitectura de interior \/ Barne Arkitektura<\/p>\n","protected":false},"author":2,"featured_media":1042,"comment_status":"closed","ping_status":"closed","sticky":false,"template":"","format":"standard","meta":{"site-sidebar-layout":"default","site-content-layout":"default","ast-global-header-display":"","ast-banner-title-visibility":"","ast-main-header-display":"","ast-hfb-above-header-display":"","ast-hfb-below-header-display":"","ast-hfb-mobile-header-display":"","site-post-title":"","ast-breadcrumbs-content":"","ast-featured-img":"","footer-sml-layout":"","theme-transparent-header-meta":"","adv-header-id-meta":"","stick-header-meta":"","header-above-stick-meta":"","header-main-stick-meta":"","header-below-stick-meta":"","footnotes":""},"categories":[9],"tags":[],"class_list":["post-922","post","type-post","status-publish","format-standard","has-post-thumbnail","hentry","category-encuentros"],"yoast_head":"<!-- This site is optimized with the Yoast SEO plugin v20.8 - https:\/\/yoast.com\/wordpress\/plugins\/seo\/ -->\n<title>Ferm\u00edn Garj\u00f3n Villanueva -<\/title>\n<meta name=\"robots\" content=\"index, follow, max-snippet:-1, max-image-preview:large, max-video-preview:-1\" \/>\n<link rel=\"canonical\" href=\"https:\/\/escueladeartesuperior.educacion.navarra.es\/web\/50aniversario\/fermin-garjon-villanueva\/\" \/>\n<meta property=\"og:locale\" content=\"es_ES\" \/>\n<meta property=\"og:type\" content=\"article\" \/>\n<meta property=\"og:title\" content=\"Ferm\u00edn Garj\u00f3n Villanueva -\" \/>\n<meta property=\"og:description\" content=\"Arquitectura de interior \/ Barne Arkitektura\" \/>\n<meta property=\"og:url\" content=\"https:\/\/escueladeartesuperior.educacion.navarra.es\/web\/50aniversario\/fermin-garjon-villanueva\/\" \/>\n<meta property=\"article:publisher\" content=\"https:\/\/www.facebook.com\/escueladeartepamplona\/\" \/>\n<meta property=\"article:published_time\" content=\"2023-03-28T15:50:09+00:00\" \/>\n<meta property=\"article:modified_time\" content=\"2023-05-30T09:40:23+00:00\" \/>\n<meta property=\"og:image\" content=\"https:\/\/escueladeartesuperior.educacion.navarra.es\/web\/50aniversario\/wp-content\/uploads\/2023\/05\/IMG_0587photo.jpg\" \/>\n\t<meta property=\"og:image:width\" content=\"1500\" \/>\n\t<meta property=\"og:image:height\" content=\"1125\" \/>\n\t<meta property=\"og:image:type\" content=\"image\/jpeg\" \/>\n<meta name=\"author\" content=\"Itzi\" \/>\n<meta name=\"twitter:card\" content=\"summary_large_image\" \/>\n<meta name=\"twitter:creator\" content=\"@Arte_Eskola\" \/>\n<meta name=\"twitter:site\" content=\"@Arte_Eskola\" \/>\n<meta name=\"twitter:label1\" content=\"Escrito por\" \/>\n\t<meta name=\"twitter:data1\" content=\"Itzi\" \/>\n\t<meta name=\"twitter:label2\" content=\"Tiempo de lectura\" \/>\n\t<meta name=\"twitter:data2\" content=\"1 minuto\" \/>\n<script type=\"application\/ld+json\" class=\"yoast-schema-graph\">{\"@context\":\"https:\/\/schema.org\",\"@graph\":[{\"@type\":\"WebPage\",\"@id\":\"https:\/\/escueladeartesuperior.educacion.navarra.es\/web\/50aniversario\/fermin-garjon-villanueva\/\",\"url\":\"https:\/\/escueladeartesuperior.educacion.navarra.es\/web\/50aniversario\/fermin-garjon-villanueva\/\",\"name\":\"Ferm\u00edn Garj\u00f3n Villanueva -\",\"isPartOf\":{\"@id\":\"https:\/\/escueladeartesuperior.educacion.navarra.es\/web\/50aniversario\/#website\"},\"datePublished\":\"2023-03-28T15:50:09+00:00\",\"dateModified\":\"2023-05-30T09:40:23+00:00\",\"author\":{\"@id\":\"https:\/\/escueladeartesuperior.educacion.navarra.es\/web\/50aniversario\/#\/schema\/person\/d8d8c03f40b75b069649ce0a172d86dd\"},\"breadcrumb\":{\"@id\":\"https:\/\/escueladeartesuperior.educacion.navarra.es\/web\/50aniversario\/fermin-garjon-villanueva\/#breadcrumb\"},\"inLanguage\":\"es\",\"potentialAction\":[{\"@type\":\"ReadAction\",\"target\":[\"https:\/\/escueladeartesuperior.educacion.navarra.es\/web\/50aniversario\/fermin-garjon-villanueva\/\"]}]},{\"@type\":\"BreadcrumbList\",\"@id\":\"https:\/\/escueladeartesuperior.educacion.navarra.es\/web\/50aniversario\/fermin-garjon-villanueva\/#breadcrumb\",\"itemListElement\":[{\"@type\":\"ListItem\",\"position\":1,\"name\":\"Portada\",\"item\":\"https:\/\/escueladeartesuperior.educacion.navarra.es\/web\/50aniversario\/\"},{\"@type\":\"ListItem\",\"position\":2,\"name\":\"Ferm\u00edn Garj\u00f3n Villanueva\"}]},{\"@type\":\"WebSite\",\"@id\":\"https:\/\/escueladeartesuperior.educacion.navarra.es\/web\/50aniversario\/#website\",\"url\":\"https:\/\/escueladeartesuperior.educacion.navarra.es\/web\/50aniversario\/\",\"name\":\"\",\"description\":\"Iluminando Pamplona\",\"potentialAction\":[{\"@type\":\"SearchAction\",\"target\":{\"@type\":\"EntryPoint\",\"urlTemplate\":\"https:\/\/escueladeartesuperior.educacion.navarra.es\/web\/50aniversario\/?s={search_term_string}\"},\"query-input\":\"required name=search_term_string\"}],\"inLanguage\":\"es\"},{\"@type\":\"Person\",\"@id\":\"https:\/\/escueladeartesuperior.educacion.navarra.es\/web\/50aniversario\/#\/schema\/person\/d8d8c03f40b75b069649ce0a172d86dd\",\"name\":\"Itzi\",\"image\":{\"@type\":\"ImageObject\",\"inLanguage\":\"es\",\"@id\":\"https:\/\/escueladeartesuperior.educacion.navarra.es\/web\/50aniversario\/#\/schema\/person\/image\/\",\"url\":\"https:\/\/secure.gravatar.com\/avatar\/9b7d2c4a33ec6a0bdb8346c510980ed3bd5cb7a77c9370db1fef502c9948999c?s=96&d=mm&r=g\",\"contentUrl\":\"https:\/\/secure.gravatar.com\/avatar\/9b7d2c4a33ec6a0bdb8346c510980ed3bd5cb7a77c9370db1fef502c9948999c?s=96&d=mm&r=g\",\"caption\":\"Itzi\"},\"url\":\"https:\/\/escueladeartesuperior.educacion.navarra.es\/web\/50aniversario\/author\/itzi\/\"}]}<\/script>\n<!-- \/ Yoast SEO plugin. -->","yoast_head_json":{"title":"Ferm\u00edn Garj\u00f3n Villanueva -","robots":{"index":"index","follow":"follow","max-snippet":"max-snippet:-1","max-image-preview":"max-image-preview:large","max-video-preview":"max-video-preview:-1"},"canonical":"https:\/\/escueladeartesuperior.educacion.navarra.es\/web\/50aniversario\/fermin-garjon-villanueva\/","og_locale":"es_ES","og_type":"article","og_title":"Ferm\u00edn Garj\u00f3n Villanueva -","og_description":"Arquitectura de interior \/ Barne Arkitektura","og_url":"https:\/\/escueladeartesuperior.educacion.navarra.es\/web\/50aniversario\/fermin-garjon-villanueva\/","article_publisher":"https:\/\/www.facebook.com\/escueladeartepamplona\/","article_published_time":"2023-03-28T15:50:09+00:00","article_modified_time":"2023-05-30T09:40:23+00:00","og_image":[{"width":1500,"height":1125,"url":"https:\/\/escueladeartesuperior.educacion.navarra.es\/web\/50aniversario\/wp-content\/uploads\/2023\/05\/IMG_0587photo.jpg","type":"image\/jpeg"}],"author":"Itzi","twitter_card":"summary_large_image","twitter_creator":"@Arte_Eskola","twitter_site":"@Arte_Eskola","twitter_misc":{"Escrito por":"Itzi","Tiempo de lectura":"1 minuto"},"schema":{"@context":"https:\/\/schema.org","@graph":[{"@type":"WebPage","@id":"https:\/\/escueladeartesuperior.educacion.navarra.es\/web\/50aniversario\/fermin-garjon-villanueva\/","url":"https:\/\/escueladeartesuperior.educacion.navarra.es\/web\/50aniversario\/fermin-garjon-villanueva\/","name":"Ferm\u00edn Garj\u00f3n Villanueva -","isPartOf":{"@id":"https:\/\/escueladeartesuperior.educacion.navarra.es\/web\/50aniversario\/#website"},"datePublished":"2023-03-28T15:50:09+00:00","dateModified":"2023-05-30T09:40:23+00:00","author":{"@id":"https:\/\/escueladeartesuperior.educacion.navarra.es\/web\/50aniversario\/#\/schema\/person\/d8d8c03f40b75b069649ce0a172d86dd"},"breadcrumb":{"@id":"https:\/\/escueladeartesuperior.educacion.navarra.es\/web\/50aniversario\/fermin-garjon-villanueva\/#breadcrumb"},"inLanguage":"es","potentialAction":[{"@type":"ReadAction","target":["https:\/\/escueladeartesuperior.educacion.navarra.es\/web\/50aniversario\/fermin-garjon-villanueva\/"]}]},{"@type":"BreadcrumbList","@id":"https:\/\/escueladeartesuperior.educacion.navarra.es\/web\/50aniversario\/fermin-garjon-villanueva\/#breadcrumb","itemListElement":[{"@type":"ListItem","position":1,"name":"Portada","item":"https:\/\/escueladeartesuperior.educacion.navarra.es\/web\/50aniversario\/"},{"@type":"ListItem","position":2,"name":"Ferm\u00edn Garj\u00f3n Villanueva"}]},{"@type":"WebSite","@id":"https:\/\/escueladeartesuperior.educacion.navarra.es\/web\/50aniversario\/#website","url":"https:\/\/escueladeartesuperior.educacion.navarra.es\/web\/50aniversario\/","name":"","description":"Iluminando Pamplona","potentialAction":[{"@type":"SearchAction","target":{"@type":"EntryPoint","urlTemplate":"https:\/\/escueladeartesuperior.educacion.navarra.es\/web\/50aniversario\/?s={search_term_string}"},"query-input":"required name=search_term_string"}],"inLanguage":"es"},{"@type":"Person","@id":"https:\/\/escueladeartesuperior.educacion.navarra.es\/web\/50aniversario\/#\/schema\/person\/d8d8c03f40b75b069649ce0a172d86dd","name":"Itzi","image":{"@type":"ImageObject","inLanguage":"es","@id":"https:\/\/escueladeartesuperior.educacion.navarra.es\/web\/50aniversario\/#\/schema\/person\/image\/","url":"https:\/\/secure.gravatar.com\/avatar\/9b7d2c4a33ec6a0bdb8346c510980ed3bd5cb7a77c9370db1fef502c9948999c?s=96&d=mm&r=g","contentUrl":"https:\/\/secure.gravatar.com\/avatar\/9b7d2c4a33ec6a0bdb8346c510980ed3bd5cb7a77c9370db1fef502c9948999c?s=96&d=mm&r=g","caption":"Itzi"},"url":"https:\/\/escueladeartesuperior.educacion.navarra.es\/web\/50aniversario\/author\/itzi\/"}]}},"_links":{"self":[{"href":"https:\/\/escueladeartesuperior.educacion.navarra.es\/web\/50aniversario\/wp-json\/wp\/v2\/posts\/922","targetHints":{"allow":["GET"]}}],"collection":[{"href":"https:\/\/escueladeartesuperior.educacion.navarra.es\/web\/50aniversario\/wp-json\/wp\/v2\/posts"}],"about":[{"href":"https:\/\/escueladeartesuperior.educacion.navarra.es\/web\/50aniversario\/wp-json\/wp\/v2\/types\/post"}],"author":[{"embeddable":true,"href":"https:\/\/escueladeartesuperior.educacion.navarra.es\/web\/50aniversario\/wp-json\/wp\/v2\/users\/2"}],"replies":[{"embeddable":true,"href":"https:\/\/escueladeartesuperior.educacion.navarra.es\/web\/50aniversario\/wp-json\/wp\/v2\/comments?post=922"}],"version-history":[{"count":2,"href":"https:\/\/escueladeartesuperior.educacion.navarra.es\/web\/50aniversario\/wp-json\/wp\/v2\/posts\/922\/revisions"}],"predecessor-version":[{"id":1294,"href":"https:\/\/escueladeartesuperior.educacion.navarra.es\/web\/50aniversario\/wp-json\/wp\/v2\/posts\/922\/revisions\/1294"}],"wp:featuredmedia":[{"embeddable":true,"href":"https:\/\/escueladeartesuperior.educacion.navarra.es\/web\/50aniversario\/wp-json\/wp\/v2\/media\/1042"}],"wp:attachment":[{"href":"https:\/\/escueladeartesuperior.educacion.navarra.es\/web\/50aniversario\/wp-json\/wp\/v2\/media?parent=922"}],"wp:term":[{"taxonomy":"category","embeddable":true,"href":"https:\/\/escueladeartesuperior.educacion.navarra.es\/web\/50aniversario\/wp-json\/wp\/v2\/categories?post=922"},{"taxonomy":"post_tag","embeddable":true,"href":"https:\/\/escueladeartesuperior.educacion.navarra.es\/web\/50aniversario\/wp-json\/wp\/v2\/tags?post=922"}],"curies":[{"name":"wp","href":"https:\/\/api.w.org\/{rel}","templated":true}]}}