{"id":889,"date":"2023-03-23T13:54:52","date_gmt":"2023-03-23T12:54:52","guid":{"rendered":"https:\/\/escueladeartesuperior.educacion.navarra.es\/web\/50aniversario\/?p=889"},"modified":"2023-05-30T11:40:32","modified_gmt":"2023-05-30T09:40:32","slug":"mesa-redonda","status":"publish","type":"post","link":"https:\/\/escueladeartesuperior.educacion.navarra.es\/web\/50aniversario\/mesa-redonda\/","title":{"rendered":"Mesa redonda"},"content":{"rendered":"\n<h4 class=\"wp-block-heading\">Reivindicaci\u00f3n del rotulista Secundino Red\u00edn \/ Secundino Redin errotulistaren aldarrikapena<\/h4>\n\n\n\n<div class=\"wp-block-columns is-layout-flex wp-container-core-columns-is-layout-28f84493 wp-block-columns-is-layout-flex\">\n<div class=\"wp-block-column is-layout-flow wp-block-column-is-layout-flow\">\n<p>Ponentes:<\/p>\n\n\n\n<ul class=\"wp-block-list\">\n<li>D. Tom\u00e1s Sorbet, Director de la EASD de Pamplona.<\/li>\n\n\n\n<li>D. I\u00f1ako Redin Arrasate, nieto de D, Secundino Redin.<\/li>\n\n\n\n<li>D. Oscar Braco, miembro de la RED Ib\u00e9rica en Defensa del Patrimonio Gr\u00e1fico.<\/li>\n\n\n\n<li>D. Jos\u00e9 Mar\u00eda Lema de Pablo, Profesor de tipograf\u00eda de la EASD.<\/li>\n<\/ul>\n<\/div>\n\n\n\n<div class=\"wp-block-column is-layout-flow wp-block-column-is-layout-flow\">\n<figure class=\"wp-block-image size-large\"><img loading=\"lazy\" decoding=\"async\" width=\"1024\" height=\"1024\" src=\"https:\/\/escueladeartesuperior.educacion.navarra.es\/web\/50aniversario\/wp-content\/uploads\/2023\/03\/encuentros2023-post211-1024x1024.png\" alt=\"\" class=\"wp-image-428\" srcset=\"https:\/\/escueladeartesuperior.educacion.navarra.es\/web\/50aniversario\/wp-content\/uploads\/2023\/03\/encuentros2023-post211-1024x1024.png 1024w, https:\/\/escueladeartesuperior.educacion.navarra.es\/web\/50aniversario\/wp-content\/uploads\/2023\/03\/encuentros2023-post211-300x300.png 300w, https:\/\/escueladeartesuperior.educacion.navarra.es\/web\/50aniversario\/wp-content\/uploads\/2023\/03\/encuentros2023-post211-150x150.png 150w, https:\/\/escueladeartesuperior.educacion.navarra.es\/web\/50aniversario\/wp-content\/uploads\/2023\/03\/encuentros2023-post211-768x768.png 768w, https:\/\/escueladeartesuperior.educacion.navarra.es\/web\/50aniversario\/wp-content\/uploads\/2023\/03\/encuentros2023-post211-400x400.png 400w, https:\/\/escueladeartesuperior.educacion.navarra.es\/web\/50aniversario\/wp-content\/uploads\/2023\/03\/encuentros2023-post211-200x200.png 200w, https:\/\/escueladeartesuperior.educacion.navarra.es\/web\/50aniversario\/wp-content\/uploads\/2023\/03\/encuentros2023-post211.png 1080w\" sizes=\"auto, (max-width: 1024px) 100vw, 1024px\" \/><\/figure>\n<\/div>\n<\/div>\n\n\n\n<div class=\"wp-block-columns is-layout-flex wp-container-core-columns-is-layout-28f84493 wp-block-columns-is-layout-flex\">\n<div class=\"wp-block-column is-layout-flow wp-block-column-is-layout-flow\">\n<p><strong>I\u00f1aki Red\u00edn<\/strong>, nieto de Secundino, realiz\u00f3 un sentido homenaje a su abuelo, al que un\u00edan lazos afectivos con la Escuela, donde su padre trabaj\u00f3 como conserje; <strong>Oscar Bravo<\/strong> hizo un recorrido por numerosos r\u00f3tulos urbanos ligados a la identidad visual de Pamplona; y <strong>Jos\u00e9 Mar\u00eda Lema<\/strong> nos mostr\u00f3 proyectos tipogr\u00e1ficos relacionados con el patrimonio hist\u00f3rico, habl\u00f3 de lettering y realiz\u00f3 un an\u00e1lisis formal del r\u00f3tulo de la <strong>\u201cDroguer\u00eda Red\u00edn\u201d<\/strong>, uno de los m\u00e1s representativos del rotulista.<\/p>\n\n\n\n<div class=\"wp-block-buttons is-layout-flex wp-block-buttons-is-layout-flex\">\n<div class=\"wp-block-button\"><a class=\"wp-block-button__link wp-element-button\" href=\"https:\/\/escueladeartesuperior.educacion.navarra.es\/web\/50aniversario\/wp-content\/uploads\/2023\/05\/texto-web.pdf\" target=\"_blank\" rel=\"noreferrer noopener\">M\u00e1s informaci\u00f3n (PDF)<\/a><\/div>\n<\/div>\n<\/div>\n\n\n\n<div class=\"wp-block-column is-layout-flow wp-block-column-is-layout-flow\"><\/div>\n<\/div>\n\n\n\n<figure class=\"wp-block-image size-large\"><img decoding=\"async\" src=\"https:\/\/escueladeartesuperior.educacion.navarra.es\/web\/50aniversario\/wp-content\/uploads\/2023\/05\/IMG_0630photo-1024x461.jpg\" alt=\"\" class=\"wp-image-890\"\/><\/figure>\n\n\n","protected":false},"excerpt":{"rendered":"<p>Reivindicaci\u00f3n del rotulista S. Red\u00edn \/ S. Redin errotulistaren aldarrikapena<\/p>\n","protected":false},"author":2,"featured_media":1335,"comment_status":"closed","ping_status":"closed","sticky":false,"template":"","format":"standard","meta":{"site-sidebar-layout":"default","site-content-layout":"default","ast-global-header-display":"","ast-banner-title-visibility":"","ast-main-header-display":"","ast-hfb-above-header-display":"","ast-hfb-below-header-display":"","ast-hfb-mobile-header-display":"","site-post-title":"","ast-breadcrumbs-content":"","ast-featured-img":"","footer-sml-layout":"","theme-transparent-header-meta":"","adv-header-id-meta":"","stick-header-meta":"","header-above-stick-meta":"","header-main-stick-meta":"","header-below-stick-meta":"","footnotes":""},"categories":[9],"tags":[],"class_list":["post-889","post","type-post","status-publish","format-standard","has-post-thumbnail","hentry","category-encuentros"],"yoast_head":"<!-- This site is optimized with the Yoast SEO plugin v20.8 - https:\/\/yoast.com\/wordpress\/plugins\/seo\/ -->\n<title>Mesa redonda -<\/title>\n<meta name=\"robots\" content=\"index, follow, max-snippet:-1, max-image-preview:large, max-video-preview:-1\" \/>\n<link rel=\"canonical\" href=\"https:\/\/escueladeartesuperior.educacion.navarra.es\/web\/50aniversario\/mesa-redonda\/\" \/>\n<meta property=\"og:locale\" content=\"es_ES\" \/>\n<meta property=\"og:type\" content=\"article\" \/>\n<meta property=\"og:title\" content=\"Mesa redonda -\" \/>\n<meta property=\"og:description\" content=\"Reivindicaci\u00f3n del rotulista S. Red\u00edn \/ S. Redin errotulistaren aldarrikapena\" \/>\n<meta property=\"og:url\" content=\"https:\/\/escueladeartesuperior.educacion.navarra.es\/web\/50aniversario\/mesa-redonda\/\" \/>\n<meta property=\"article:publisher\" content=\"https:\/\/www.facebook.com\/escueladeartepamplona\/\" \/>\n<meta property=\"article:published_time\" content=\"2023-03-23T12:54:52+00:00\" \/>\n<meta property=\"article:modified_time\" content=\"2023-05-30T09:40:32+00:00\" \/>\n<meta property=\"og:image\" content=\"https:\/\/escueladeartesuperior.educacion.navarra.es\/web\/50aniversario\/wp-content\/uploads\/2023\/03\/destacada-e1685379491582.jpg\" \/>\n\t<meta property=\"og:image:width\" content=\"920\" \/>\n\t<meta property=\"og:image:height\" content=\"982\" \/>\n\t<meta property=\"og:image:type\" content=\"image\/jpeg\" \/>\n<meta name=\"author\" content=\"Itzi\" \/>\n<meta name=\"twitter:card\" content=\"summary_large_image\" \/>\n<meta name=\"twitter:creator\" content=\"@Arte_Eskola\" \/>\n<meta name=\"twitter:site\" content=\"@Arte_Eskola\" \/>\n<meta name=\"twitter:label1\" content=\"Escrito por\" \/>\n\t<meta name=\"twitter:data1\" content=\"Itzi\" \/>\n\t<meta name=\"twitter:label2\" content=\"Tiempo de lectura\" \/>\n\t<meta name=\"twitter:data2\" content=\"2 minutos\" \/>\n<script type=\"application\/ld+json\" class=\"yoast-schema-graph\">{\"@context\":\"https:\/\/schema.org\",\"@graph\":[{\"@type\":\"WebPage\",\"@id\":\"https:\/\/escueladeartesuperior.educacion.navarra.es\/web\/50aniversario\/mesa-redonda\/\",\"url\":\"https:\/\/escueladeartesuperior.educacion.navarra.es\/web\/50aniversario\/mesa-redonda\/\",\"name\":\"Mesa redonda -\",\"isPartOf\":{\"@id\":\"https:\/\/escueladeartesuperior.educacion.navarra.es\/web\/50aniversario\/#website\"},\"datePublished\":\"2023-03-23T12:54:52+00:00\",\"dateModified\":\"2023-05-30T09:40:32+00:00\",\"author\":{\"@id\":\"https:\/\/escueladeartesuperior.educacion.navarra.es\/web\/50aniversario\/#\/schema\/person\/d8d8c03f40b75b069649ce0a172d86dd\"},\"breadcrumb\":{\"@id\":\"https:\/\/escueladeartesuperior.educacion.navarra.es\/web\/50aniversario\/mesa-redonda\/#breadcrumb\"},\"inLanguage\":\"es\",\"potentialAction\":[{\"@type\":\"ReadAction\",\"target\":[\"https:\/\/escueladeartesuperior.educacion.navarra.es\/web\/50aniversario\/mesa-redonda\/\"]}]},{\"@type\":\"BreadcrumbList\",\"@id\":\"https:\/\/escueladeartesuperior.educacion.navarra.es\/web\/50aniversario\/mesa-redonda\/#breadcrumb\",\"itemListElement\":[{\"@type\":\"ListItem\",\"position\":1,\"name\":\"Portada\",\"item\":\"https:\/\/escueladeartesuperior.educacion.navarra.es\/web\/50aniversario\/\"},{\"@type\":\"ListItem\",\"position\":2,\"name\":\"Mesa redonda\"}]},{\"@type\":\"WebSite\",\"@id\":\"https:\/\/escueladeartesuperior.educacion.navarra.es\/web\/50aniversario\/#website\",\"url\":\"https:\/\/escueladeartesuperior.educacion.navarra.es\/web\/50aniversario\/\",\"name\":\"\",\"description\":\"Iluminando Pamplona\",\"potentialAction\":[{\"@type\":\"SearchAction\",\"target\":{\"@type\":\"EntryPoint\",\"urlTemplate\":\"https:\/\/escueladeartesuperior.educacion.navarra.es\/web\/50aniversario\/?s={search_term_string}\"},\"query-input\":\"required name=search_term_string\"}],\"inLanguage\":\"es\"},{\"@type\":\"Person\",\"@id\":\"https:\/\/escueladeartesuperior.educacion.navarra.es\/web\/50aniversario\/#\/schema\/person\/d8d8c03f40b75b069649ce0a172d86dd\",\"name\":\"Itzi\",\"image\":{\"@type\":\"ImageObject\",\"inLanguage\":\"es\",\"@id\":\"https:\/\/escueladeartesuperior.educacion.navarra.es\/web\/50aniversario\/#\/schema\/person\/image\/\",\"url\":\"https:\/\/secure.gravatar.com\/avatar\/9b7d2c4a33ec6a0bdb8346c510980ed3bd5cb7a77c9370db1fef502c9948999c?s=96&d=mm&r=g\",\"contentUrl\":\"https:\/\/secure.gravatar.com\/avatar\/9b7d2c4a33ec6a0bdb8346c510980ed3bd5cb7a77c9370db1fef502c9948999c?s=96&d=mm&r=g\",\"caption\":\"Itzi\"},\"url\":\"https:\/\/escueladeartesuperior.educacion.navarra.es\/web\/50aniversario\/author\/itzi\/\"}]}<\/script>\n<!-- \/ Yoast SEO plugin. -->","yoast_head_json":{"title":"Mesa redonda -","robots":{"index":"index","follow":"follow","max-snippet":"max-snippet:-1","max-image-preview":"max-image-preview:large","max-video-preview":"max-video-preview:-1"},"canonical":"https:\/\/escueladeartesuperior.educacion.navarra.es\/web\/50aniversario\/mesa-redonda\/","og_locale":"es_ES","og_type":"article","og_title":"Mesa redonda -","og_description":"Reivindicaci\u00f3n del rotulista S. Red\u00edn \/ S. Redin errotulistaren aldarrikapena","og_url":"https:\/\/escueladeartesuperior.educacion.navarra.es\/web\/50aniversario\/mesa-redonda\/","article_publisher":"https:\/\/www.facebook.com\/escueladeartepamplona\/","article_published_time":"2023-03-23T12:54:52+00:00","article_modified_time":"2023-05-30T09:40:32+00:00","og_image":[{"width":920,"height":982,"url":"https:\/\/escueladeartesuperior.educacion.navarra.es\/web\/50aniversario\/wp-content\/uploads\/2023\/03\/destacada-e1685379491582.jpg","type":"image\/jpeg"}],"author":"Itzi","twitter_card":"summary_large_image","twitter_creator":"@Arte_Eskola","twitter_site":"@Arte_Eskola","twitter_misc":{"Escrito por":"Itzi","Tiempo de lectura":"2 minutos"},"schema":{"@context":"https:\/\/schema.org","@graph":[{"@type":"WebPage","@id":"https:\/\/escueladeartesuperior.educacion.navarra.es\/web\/50aniversario\/mesa-redonda\/","url":"https:\/\/escueladeartesuperior.educacion.navarra.es\/web\/50aniversario\/mesa-redonda\/","name":"Mesa redonda -","isPartOf":{"@id":"https:\/\/escueladeartesuperior.educacion.navarra.es\/web\/50aniversario\/#website"},"datePublished":"2023-03-23T12:54:52+00:00","dateModified":"2023-05-30T09:40:32+00:00","author":{"@id":"https:\/\/escueladeartesuperior.educacion.navarra.es\/web\/50aniversario\/#\/schema\/person\/d8d8c03f40b75b069649ce0a172d86dd"},"breadcrumb":{"@id":"https:\/\/escueladeartesuperior.educacion.navarra.es\/web\/50aniversario\/mesa-redonda\/#breadcrumb"},"inLanguage":"es","potentialAction":[{"@type":"ReadAction","target":["https:\/\/escueladeartesuperior.educacion.navarra.es\/web\/50aniversario\/mesa-redonda\/"]}]},{"@type":"BreadcrumbList","@id":"https:\/\/escueladeartesuperior.educacion.navarra.es\/web\/50aniversario\/mesa-redonda\/#breadcrumb","itemListElement":[{"@type":"ListItem","position":1,"name":"Portada","item":"https:\/\/escueladeartesuperior.educacion.navarra.es\/web\/50aniversario\/"},{"@type":"ListItem","position":2,"name":"Mesa redonda"}]},{"@type":"WebSite","@id":"https:\/\/escueladeartesuperior.educacion.navarra.es\/web\/50aniversario\/#website","url":"https:\/\/escueladeartesuperior.educacion.navarra.es\/web\/50aniversario\/","name":"","description":"Iluminando Pamplona","potentialAction":[{"@type":"SearchAction","target":{"@type":"EntryPoint","urlTemplate":"https:\/\/escueladeartesuperior.educacion.navarra.es\/web\/50aniversario\/?s={search_term_string}"},"query-input":"required name=search_term_string"}],"inLanguage":"es"},{"@type":"Person","@id":"https:\/\/escueladeartesuperior.educacion.navarra.es\/web\/50aniversario\/#\/schema\/person\/d8d8c03f40b75b069649ce0a172d86dd","name":"Itzi","image":{"@type":"ImageObject","inLanguage":"es","@id":"https:\/\/escueladeartesuperior.educacion.navarra.es\/web\/50aniversario\/#\/schema\/person\/image\/","url":"https:\/\/secure.gravatar.com\/avatar\/9b7d2c4a33ec6a0bdb8346c510980ed3bd5cb7a77c9370db1fef502c9948999c?s=96&d=mm&r=g","contentUrl":"https:\/\/secure.gravatar.com\/avatar\/9b7d2c4a33ec6a0bdb8346c510980ed3bd5cb7a77c9370db1fef502c9948999c?s=96&d=mm&r=g","caption":"Itzi"},"url":"https:\/\/escueladeartesuperior.educacion.navarra.es\/web\/50aniversario\/author\/itzi\/"}]}},"_links":{"self":[{"href":"https:\/\/escueladeartesuperior.educacion.navarra.es\/web\/50aniversario\/wp-json\/wp\/v2\/posts\/889","targetHints":{"allow":["GET"]}}],"collection":[{"href":"https:\/\/escueladeartesuperior.educacion.navarra.es\/web\/50aniversario\/wp-json\/wp\/v2\/posts"}],"about":[{"href":"https:\/\/escueladeartesuperior.educacion.navarra.es\/web\/50aniversario\/wp-json\/wp\/v2\/types\/post"}],"author":[{"embeddable":true,"href":"https:\/\/escueladeartesuperior.educacion.navarra.es\/web\/50aniversario\/wp-json\/wp\/v2\/users\/2"}],"replies":[{"embeddable":true,"href":"https:\/\/escueladeartesuperior.educacion.navarra.es\/web\/50aniversario\/wp-json\/wp\/v2\/comments?post=889"}],"version-history":[{"count":9,"href":"https:\/\/escueladeartesuperior.educacion.navarra.es\/web\/50aniversario\/wp-json\/wp\/v2\/posts\/889\/revisions"}],"predecessor-version":[{"id":1296,"href":"https:\/\/escueladeartesuperior.educacion.navarra.es\/web\/50aniversario\/wp-json\/wp\/v2\/posts\/889\/revisions\/1296"}],"wp:featuredmedia":[{"embeddable":true,"href":"https:\/\/escueladeartesuperior.educacion.navarra.es\/web\/50aniversario\/wp-json\/wp\/v2\/media\/1335"}],"wp:attachment":[{"href":"https:\/\/escueladeartesuperior.educacion.navarra.es\/web\/50aniversario\/wp-json\/wp\/v2\/media?parent=889"}],"wp:term":[{"taxonomy":"category","embeddable":true,"href":"https:\/\/escueladeartesuperior.educacion.navarra.es\/web\/50aniversario\/wp-json\/wp\/v2\/categories?post=889"},{"taxonomy":"post_tag","embeddable":true,"href":"https:\/\/escueladeartesuperior.educacion.navarra.es\/web\/50aniversario\/wp-json\/wp\/v2\/tags?post=889"}],"curies":[{"name":"wp","href":"https:\/\/api.w.org\/{rel}","templated":true}]}}