{"id":750,"date":"2023-03-15T17:59:14","date_gmt":"2023-03-15T16:59:14","guid":{"rendered":"https:\/\/escueladeartesuperior.educacion.navarra.es\/web\/50aniversario\/?p=750"},"modified":"2023-05-30T11:41:18","modified_gmt":"2023-05-30T09:41:18","slug":"pelayos","status":"publish","type":"post","link":"https:\/\/escueladeartesuperior.educacion.navarra.es\/web\/50aniversario\/pelayos\/","title":{"rendered":"Pelayos"},"content":{"rendered":"\t\t<div data-elementor-type=\"wp-post\" data-elementor-id=\"750\" class=\"elementor elementor-750\">\n\t\t\t\t\t\t\t\t\t<section class=\"elementor-section elementor-top-section elementor-element elementor-element-3b0104a elementor-section-boxed elementor-section-height-default elementor-section-height-default\" data-id=\"3b0104a\" data-element_type=\"section\">\n\t\t\t\t\t\t<div class=\"elementor-container elementor-column-gap-default\">\n\t\t\t\t\t<div class=\"elementor-column elementor-col-100 elementor-top-column elementor-element elementor-element-ca996c3\" data-id=\"ca996c3\" data-element_type=\"column\">\n\t\t\t<div class=\"elementor-widget-wrap elementor-element-populated\">\n\t\t\t\t\t\t\t\t<div class=\"elementor-element elementor-element-c52a8cf elementor-widget elementor-widget-text-editor\" data-id=\"c52a8cf\" data-element_type=\"widget\" data-widget_type=\"text-editor.default\">\n\t\t\t\t<div class=\"elementor-widget-container\">\n\t\t\t<style>\/*! elementor - v3.13.3 - 28-05-2023 *\/\n.elementor-widget-text-editor.elementor-drop-cap-view-stacked .elementor-drop-cap{background-color:#69727d;color:#fff}.elementor-widget-text-editor.elementor-drop-cap-view-framed .elementor-drop-cap{color:#69727d;border:3px solid;background-color:transparent}.elementor-widget-text-editor:not(.elementor-drop-cap-view-default) .elementor-drop-cap{margin-top:8px}.elementor-widget-text-editor:not(.elementor-drop-cap-view-default) .elementor-drop-cap-letter{width:1em;height:1em}.elementor-widget-text-editor .elementor-drop-cap{float:left;text-align:center;line-height:1;font-size:50px}.elementor-widget-text-editor .elementor-drop-cap-letter{display:inline-block}<\/style>\t\t\t\t<p>Mi\u00e9rcoles 15 asteazkena<\/p>\t\t\t\t\t\t<\/div>\n\t\t\t\t<\/div>\n\t\t\t\t\t<\/div>\n\t\t<\/div>\n\t\t\t\t\t\t\t<\/div>\n\t\t<\/section>\n\t\t\t\t<section class=\"elementor-section elementor-top-section elementor-element elementor-element-f60c931 elementor-section-boxed elementor-section-height-default elementor-section-height-default\" data-id=\"f60c931\" data-element_type=\"section\">\n\t\t\t\t\t\t<div class=\"elementor-container elementor-column-gap-default\">\n\t\t\t\t\t<div class=\"elementor-column elementor-col-50 elementor-top-column elementor-element elementor-element-e96a601\" data-id=\"e96a601\" data-element_type=\"column\">\n\t\t\t<div class=\"elementor-widget-wrap elementor-element-populated\">\n\t\t\t\t\t\t\t\t<div class=\"elementor-element elementor-element-4bb6d8e elementor-widget elementor-widget-text-editor\" data-id=\"4bb6d8e\" data-element_type=\"widget\" data-widget_type=\"text-editor.default\">\n\t\t\t\t<div class=\"elementor-widget-container\">\n\t\t\t\t\t\t\t<p>El alumnado de ilustraci\u00f3n se traslad\u00f3 a Estella &#8211; Lizarra para realizar una visita guiada al Museo del Carlismo, concretamente descubrieron la exposici\u00f3n <strong>\u00abPelayos. Semanario infantil\u00bb<\/strong>, una revista adoctrinadora de 1936.\u00a0 Desde una perspectiva hist\u00f3rica, se comprobaron los estilos gr\u00e1ficos de la \u00e9poca y la industria editorial que se desarroll\u00f3 en Donostia &#8211; San Sebasti\u00e1n.<\/p>\t\t\t\t\t\t<\/div>\n\t\t\t\t<\/div>\n\t\t\t\t\t<\/div>\n\t\t<\/div>\n\t\t\t\t<div class=\"elementor-column elementor-col-50 elementor-top-column elementor-element elementor-element-16811a7\" data-id=\"16811a7\" data-element_type=\"column\">\n\t\t\t<div class=\"elementor-widget-wrap elementor-element-populated\">\n\t\t\t\t\t\t\t\t<div class=\"elementor-element elementor-element-a0b9372 elementor-widget elementor-widget-image\" data-id=\"a0b9372\" data-element_type=\"widget\" data-widget_type=\"image.default\">\n\t\t\t\t<div class=\"elementor-widget-container\">\n\t\t\t<style>\/*! elementor - v3.13.3 - 28-05-2023 *\/\n.elementor-widget-image{text-align:center}.elementor-widget-image a{display:inline-block}.elementor-widget-image a img[src$=\".svg\"]{width:48px}.elementor-widget-image img{vertical-align:middle;display:inline-block}<\/style>\t\t\t\t\t\t\t\t\t\t\t\t<img loading=\"lazy\" decoding=\"async\" width=\"1024\" height=\"1024\" src=\"https:\/\/escueladeartesuperior.educacion.navarra.es\/web\/50aniversario\/wp-content\/uploads\/2023\/03\/encuentros2023-post25-1024x1024.png\" class=\"attachment-large size-large wp-image-423\" alt=\"\" srcset=\"https:\/\/escueladeartesuperior.educacion.navarra.es\/web\/50aniversario\/wp-content\/uploads\/2023\/03\/encuentros2023-post25-1024x1024.png 1024w, https:\/\/escueladeartesuperior.educacion.navarra.es\/web\/50aniversario\/wp-content\/uploads\/2023\/03\/encuentros2023-post25-300x300.png 300w, https:\/\/escueladeartesuperior.educacion.navarra.es\/web\/50aniversario\/wp-content\/uploads\/2023\/03\/encuentros2023-post25-150x150.png 150w, https:\/\/escueladeartesuperior.educacion.navarra.es\/web\/50aniversario\/wp-content\/uploads\/2023\/03\/encuentros2023-post25-768x768.png 768w, https:\/\/escueladeartesuperior.educacion.navarra.es\/web\/50aniversario\/wp-content\/uploads\/2023\/03\/encuentros2023-post25-400x400.png 400w, https:\/\/escueladeartesuperior.educacion.navarra.es\/web\/50aniversario\/wp-content\/uploads\/2023\/03\/encuentros2023-post25-200x200.png 200w, https:\/\/escueladeartesuperior.educacion.navarra.es\/web\/50aniversario\/wp-content\/uploads\/2023\/03\/encuentros2023-post25.png 1080w\" sizes=\"auto, (max-width: 1024px) 100vw, 1024px\" \/>\t\t\t\t\t\t\t\t\t\t\t\t\t\t\t<\/div>\n\t\t\t\t<\/div>\n\t\t\t\t\t<\/div>\n\t\t<\/div>\n\t\t\t\t\t\t\t<\/div>\n\t\t<\/section>\n\t\t\t\t<section class=\"elementor-section elementor-top-section elementor-element elementor-element-7e72220 elementor-section-boxed elementor-section-height-default elementor-section-height-default\" data-id=\"7e72220\" data-element_type=\"section\">\n\t\t\t\t\t\t<div class=\"elementor-container elementor-column-gap-default\">\n\t\t\t\t\t<div class=\"elementor-column elementor-col-100 elementor-top-column elementor-element elementor-element-cbb7583\" data-id=\"cbb7583\" data-element_type=\"column\">\n\t\t\t<div class=\"elementor-widget-wrap elementor-element-populated\">\n\t\t\t\t\t\t\t\t<div class=\"elementor-element elementor-element-e8ff049 elementor-widget elementor-widget-image\" data-id=\"e8ff049\" data-element_type=\"widget\" data-widget_type=\"image.default\">\n\t\t\t\t<div class=\"elementor-widget-container\">\n\t\t\t\t\t\t\t\t\t\t\t\t\t\t\t<img decoding=\"async\" src=\"https:\/\/escueladeartesuperior.educacion.navarra.es\/web\/50aniversario\/wp-content\/uploads\/2023\/05\/museo-carlismo-@silviaLPDZ.jpg\" title=\"\" alt=\"visita exposici\u00f3n pelayos\" loading=\"lazy\" \/>\t\t\t\t\t\t\t\t\t\t\t\t\t\t\t<\/div>\n\t\t\t\t<\/div>\n\t\t\t\t<div class=\"elementor-element elementor-element-dde8814 elementor-widget elementor-widget-image\" data-id=\"dde8814\" data-element_type=\"widget\" data-widget_type=\"image.default\">\n\t\t\t\t<div class=\"elementor-widget-container\">\n\t\t\t\t\t\t\t\t\t\t\t\t\t\t\t<img decoding=\"async\" src=\"https:\/\/escueladeartesuperior.educacion.navarra.es\/web\/50aniversario\/wp-content\/uploads\/2023\/05\/museo-carlismo.jpg\" title=\"\" alt=\"\" loading=\"lazy\" \/>\t\t\t\t\t\t\t\t\t\t\t\t\t\t\t<\/div>\n\t\t\t\t<\/div>\n\t\t\t\t\t<\/div>\n\t\t<\/div>\n\t\t\t\t\t\t\t<\/div>\n\t\t<\/section>\n\t\t\t\t<section class=\"elementor-section elementor-top-section elementor-element elementor-element-49fbf48 elementor-section-boxed elementor-section-height-default elementor-section-height-default\" data-id=\"49fbf48\" data-element_type=\"section\">\n\t\t\t\t\t\t<div class=\"elementor-container elementor-column-gap-default\">\n\t\t\t\t\t<div class=\"elementor-column elementor-col-100 elementor-top-column elementor-element elementor-element-7a7974a\" data-id=\"7a7974a\" data-element_type=\"column\">\n\t\t\t<div class=\"elementor-widget-wrap elementor-element-populated\">\n\t\t\t\t\t\t\t\t<div class=\"elementor-element elementor-element-c5af772 elementor-widget elementor-widget-text-editor\" data-id=\"c5af772\" data-element_type=\"widget\" data-widget_type=\"text-editor.default\">\n\t\t\t\t<div class=\"elementor-widget-container\">\n\t\t\t\t\t\t\t<p><a href=\"https:\/\/www.navarra.es\/es\/web\/museo-del-carlismo\/inicio\" target=\"_blank\" rel=\"noopener\">Im\u00e1genes extra\u00eddas de la web del Museo del Carlismo. <strong>Acceso a web<\/strong>.<\/a><\/p>\t\t\t\t\t\t<\/div>\n\t\t\t\t<\/div>\n\t\t\t\t\t<\/div>\n\t\t<\/div>\n\t\t\t\t\t\t\t<\/div>\n\t\t<\/section>\n\t\t\t\t\t\t\t<\/div>\n\t\t","protected":false},"excerpt":{"rendered":"<p>De la idea al proyecto expositivo \/ Ideaiatik erakusketa proiektura<\/p>\n","protected":false},"author":2,"featured_media":977,"comment_status":"closed","ping_status":"closed","sticky":false,"template":"","format":"standard","meta":{"site-sidebar-layout":"default","site-content-layout":"default","ast-global-header-display":"","ast-banner-title-visibility":"","ast-main-header-display":"","ast-hfb-above-header-display":"","ast-hfb-below-header-display":"","ast-hfb-mobile-header-display":"","site-post-title":"","ast-breadcrumbs-content":"","ast-featured-img":"","footer-sml-layout":"","theme-transparent-header-meta":"","adv-header-id-meta":"","stick-header-meta":"","header-above-stick-meta":"","header-main-stick-meta":"","header-below-stick-meta":"","footnotes":""},"categories":[9],"tags":[],"class_list":["post-750","post","type-post","status-publish","format-standard","has-post-thumbnail","hentry","category-encuentros"],"yoast_head":"<!-- This site is optimized with the Yoast SEO plugin v20.8 - https:\/\/yoast.com\/wordpress\/plugins\/seo\/ -->\n<title>Pelayos -<\/title>\n<meta name=\"robots\" content=\"index, follow, max-snippet:-1, max-image-preview:large, max-video-preview:-1\" \/>\n<link rel=\"canonical\" href=\"https:\/\/escueladeartesuperior.educacion.navarra.es\/web\/50aniversario\/pelayos\/\" \/>\n<meta property=\"og:locale\" content=\"es_ES\" \/>\n<meta property=\"og:type\" content=\"article\" \/>\n<meta property=\"og:title\" content=\"Pelayos -\" \/>\n<meta property=\"og:description\" content=\"De la idea al proyecto expositivo \/ Ideaiatik erakusketa proiektura\" \/>\n<meta property=\"og:url\" content=\"https:\/\/escueladeartesuperior.educacion.navarra.es\/web\/50aniversario\/pelayos\/\" \/>\n<meta property=\"article:publisher\" content=\"https:\/\/www.facebook.com\/escueladeartepamplona\/\" \/>\n<meta property=\"article:published_time\" content=\"2023-03-15T16:59:14+00:00\" \/>\n<meta property=\"article:modified_time\" content=\"2023-05-30T09:41:18+00:00\" \/>\n<meta property=\"og:image\" content=\"https:\/\/escueladeartesuperior.educacion.navarra.es\/web\/50aniversario\/wp-content\/uploads\/2023\/05\/MdC-Expo-Temporal-22-02.jpg\" \/>\n\t<meta property=\"og:image:width\" content=\"1920\" \/>\n\t<meta property=\"og:image:height\" content=\"1280\" \/>\n\t<meta property=\"og:image:type\" content=\"image\/jpeg\" \/>\n<meta name=\"author\" content=\"Itzi\" \/>\n<meta name=\"twitter:card\" content=\"summary_large_image\" \/>\n<meta name=\"twitter:creator\" content=\"@Arte_Eskola\" \/>\n<meta name=\"twitter:site\" content=\"@Arte_Eskola\" \/>\n<meta name=\"twitter:label1\" content=\"Escrito por\" \/>\n\t<meta name=\"twitter:data1\" content=\"Itzi\" \/>\n\t<meta name=\"twitter:label2\" content=\"Tiempo de lectura\" \/>\n\t<meta name=\"twitter:data2\" content=\"1 minuto\" \/>\n<script type=\"application\/ld+json\" class=\"yoast-schema-graph\">{\"@context\":\"https:\/\/schema.org\",\"@graph\":[{\"@type\":\"WebPage\",\"@id\":\"https:\/\/escueladeartesuperior.educacion.navarra.es\/web\/50aniversario\/pelayos\/\",\"url\":\"https:\/\/escueladeartesuperior.educacion.navarra.es\/web\/50aniversario\/pelayos\/\",\"name\":\"Pelayos -\",\"isPartOf\":{\"@id\":\"https:\/\/escueladeartesuperior.educacion.navarra.es\/web\/50aniversario\/#website\"},\"datePublished\":\"2023-03-15T16:59:14+00:00\",\"dateModified\":\"2023-05-30T09:41:18+00:00\",\"author\":{\"@id\":\"https:\/\/escueladeartesuperior.educacion.navarra.es\/web\/50aniversario\/#\/schema\/person\/d8d8c03f40b75b069649ce0a172d86dd\"},\"breadcrumb\":{\"@id\":\"https:\/\/escueladeartesuperior.educacion.navarra.es\/web\/50aniversario\/pelayos\/#breadcrumb\"},\"inLanguage\":\"es\",\"potentialAction\":[{\"@type\":\"ReadAction\",\"target\":[\"https:\/\/escueladeartesuperior.educacion.navarra.es\/web\/50aniversario\/pelayos\/\"]}]},{\"@type\":\"BreadcrumbList\",\"@id\":\"https:\/\/escueladeartesuperior.educacion.navarra.es\/web\/50aniversario\/pelayos\/#breadcrumb\",\"itemListElement\":[{\"@type\":\"ListItem\",\"position\":1,\"name\":\"Portada\",\"item\":\"https:\/\/escueladeartesuperior.educacion.navarra.es\/web\/50aniversario\/\"},{\"@type\":\"ListItem\",\"position\":2,\"name\":\"Pelayos\"}]},{\"@type\":\"WebSite\",\"@id\":\"https:\/\/escueladeartesuperior.educacion.navarra.es\/web\/50aniversario\/#website\",\"url\":\"https:\/\/escueladeartesuperior.educacion.navarra.es\/web\/50aniversario\/\",\"name\":\"\",\"description\":\"Iluminando Pamplona\",\"potentialAction\":[{\"@type\":\"SearchAction\",\"target\":{\"@type\":\"EntryPoint\",\"urlTemplate\":\"https:\/\/escueladeartesuperior.educacion.navarra.es\/web\/50aniversario\/?s={search_term_string}\"},\"query-input\":\"required name=search_term_string\"}],\"inLanguage\":\"es\"},{\"@type\":\"Person\",\"@id\":\"https:\/\/escueladeartesuperior.educacion.navarra.es\/web\/50aniversario\/#\/schema\/person\/d8d8c03f40b75b069649ce0a172d86dd\",\"name\":\"Itzi\",\"image\":{\"@type\":\"ImageObject\",\"inLanguage\":\"es\",\"@id\":\"https:\/\/escueladeartesuperior.educacion.navarra.es\/web\/50aniversario\/#\/schema\/person\/image\/\",\"url\":\"https:\/\/secure.gravatar.com\/avatar\/9b7d2c4a33ec6a0bdb8346c510980ed3bd5cb7a77c9370db1fef502c9948999c?s=96&d=mm&r=g\",\"contentUrl\":\"https:\/\/secure.gravatar.com\/avatar\/9b7d2c4a33ec6a0bdb8346c510980ed3bd5cb7a77c9370db1fef502c9948999c?s=96&d=mm&r=g\",\"caption\":\"Itzi\"},\"url\":\"https:\/\/escueladeartesuperior.educacion.navarra.es\/web\/50aniversario\/author\/itzi\/\"}]}<\/script>\n<!-- \/ Yoast SEO plugin. -->","yoast_head_json":{"title":"Pelayos -","robots":{"index":"index","follow":"follow","max-snippet":"max-snippet:-1","max-image-preview":"max-image-preview:large","max-video-preview":"max-video-preview:-1"},"canonical":"https:\/\/escueladeartesuperior.educacion.navarra.es\/web\/50aniversario\/pelayos\/","og_locale":"es_ES","og_type":"article","og_title":"Pelayos -","og_description":"De la idea al proyecto expositivo \/ Ideaiatik erakusketa proiektura","og_url":"https:\/\/escueladeartesuperior.educacion.navarra.es\/web\/50aniversario\/pelayos\/","article_publisher":"https:\/\/www.facebook.com\/escueladeartepamplona\/","article_published_time":"2023-03-15T16:59:14+00:00","article_modified_time":"2023-05-30T09:41:18+00:00","og_image":[{"width":1920,"height":1280,"url":"https:\/\/escueladeartesuperior.educacion.navarra.es\/web\/50aniversario\/wp-content\/uploads\/2023\/05\/MdC-Expo-Temporal-22-02.jpg","type":"image\/jpeg"}],"author":"Itzi","twitter_card":"summary_large_image","twitter_creator":"@Arte_Eskola","twitter_site":"@Arte_Eskola","twitter_misc":{"Escrito por":"Itzi","Tiempo de lectura":"1 minuto"},"schema":{"@context":"https:\/\/schema.org","@graph":[{"@type":"WebPage","@id":"https:\/\/escueladeartesuperior.educacion.navarra.es\/web\/50aniversario\/pelayos\/","url":"https:\/\/escueladeartesuperior.educacion.navarra.es\/web\/50aniversario\/pelayos\/","name":"Pelayos -","isPartOf":{"@id":"https:\/\/escueladeartesuperior.educacion.navarra.es\/web\/50aniversario\/#website"},"datePublished":"2023-03-15T16:59:14+00:00","dateModified":"2023-05-30T09:41:18+00:00","author":{"@id":"https:\/\/escueladeartesuperior.educacion.navarra.es\/web\/50aniversario\/#\/schema\/person\/d8d8c03f40b75b069649ce0a172d86dd"},"breadcrumb":{"@id":"https:\/\/escueladeartesuperior.educacion.navarra.es\/web\/50aniversario\/pelayos\/#breadcrumb"},"inLanguage":"es","potentialAction":[{"@type":"ReadAction","target":["https:\/\/escueladeartesuperior.educacion.navarra.es\/web\/50aniversario\/pelayos\/"]}]},{"@type":"BreadcrumbList","@id":"https:\/\/escueladeartesuperior.educacion.navarra.es\/web\/50aniversario\/pelayos\/#breadcrumb","itemListElement":[{"@type":"ListItem","position":1,"name":"Portada","item":"https:\/\/escueladeartesuperior.educacion.navarra.es\/web\/50aniversario\/"},{"@type":"ListItem","position":2,"name":"Pelayos"}]},{"@type":"WebSite","@id":"https:\/\/escueladeartesuperior.educacion.navarra.es\/web\/50aniversario\/#website","url":"https:\/\/escueladeartesuperior.educacion.navarra.es\/web\/50aniversario\/","name":"","description":"Iluminando Pamplona","potentialAction":[{"@type":"SearchAction","target":{"@type":"EntryPoint","urlTemplate":"https:\/\/escueladeartesuperior.educacion.navarra.es\/web\/50aniversario\/?s={search_term_string}"},"query-input":"required name=search_term_string"}],"inLanguage":"es"},{"@type":"Person","@id":"https:\/\/escueladeartesuperior.educacion.navarra.es\/web\/50aniversario\/#\/schema\/person\/d8d8c03f40b75b069649ce0a172d86dd","name":"Itzi","image":{"@type":"ImageObject","inLanguage":"es","@id":"https:\/\/escueladeartesuperior.educacion.navarra.es\/web\/50aniversario\/#\/schema\/person\/image\/","url":"https:\/\/secure.gravatar.com\/avatar\/9b7d2c4a33ec6a0bdb8346c510980ed3bd5cb7a77c9370db1fef502c9948999c?s=96&d=mm&r=g","contentUrl":"https:\/\/secure.gravatar.com\/avatar\/9b7d2c4a33ec6a0bdb8346c510980ed3bd5cb7a77c9370db1fef502c9948999c?s=96&d=mm&r=g","caption":"Itzi"},"url":"https:\/\/escueladeartesuperior.educacion.navarra.es\/web\/50aniversario\/author\/itzi\/"}]}},"_links":{"self":[{"href":"https:\/\/escueladeartesuperior.educacion.navarra.es\/web\/50aniversario\/wp-json\/wp\/v2\/posts\/750","targetHints":{"allow":["GET"]}}],"collection":[{"href":"https:\/\/escueladeartesuperior.educacion.navarra.es\/web\/50aniversario\/wp-json\/wp\/v2\/posts"}],"about":[{"href":"https:\/\/escueladeartesuperior.educacion.navarra.es\/web\/50aniversario\/wp-json\/wp\/v2\/types\/post"}],"author":[{"embeddable":true,"href":"https:\/\/escueladeartesuperior.educacion.navarra.es\/web\/50aniversario\/wp-json\/wp\/v2\/users\/2"}],"replies":[{"embeddable":true,"href":"https:\/\/escueladeartesuperior.educacion.navarra.es\/web\/50aniversario\/wp-json\/wp\/v2\/comments?post=750"}],"version-history":[{"count":19,"href":"https:\/\/escueladeartesuperior.educacion.navarra.es\/web\/50aniversario\/wp-json\/wp\/v2\/posts\/750\/revisions"}],"predecessor-version":[{"id":777,"href":"https:\/\/escueladeartesuperior.educacion.navarra.es\/web\/50aniversario\/wp-json\/wp\/v2\/posts\/750\/revisions\/777"}],"wp:featuredmedia":[{"embeddable":true,"href":"https:\/\/escueladeartesuperior.educacion.navarra.es\/web\/50aniversario\/wp-json\/wp\/v2\/media\/977"}],"wp:attachment":[{"href":"https:\/\/escueladeartesuperior.educacion.navarra.es\/web\/50aniversario\/wp-json\/wp\/v2\/media?parent=750"}],"wp:term":[{"taxonomy":"category","embeddable":true,"href":"https:\/\/escueladeartesuperior.educacion.navarra.es\/web\/50aniversario\/wp-json\/wp\/v2\/categories?post=750"},{"taxonomy":"post_tag","embeddable":true,"href":"https:\/\/escueladeartesuperior.educacion.navarra.es\/web\/50aniversario\/wp-json\/wp\/v2\/tags?post=750"}],"curies":[{"name":"wp","href":"https:\/\/api.w.org\/{rel}","templated":true}]}}