{"id":242,"date":"2023-02-03T16:44:48","date_gmt":"2023-02-03T15:44:48","guid":{"rendered":"https:\/\/escueladeartesuperior.educacion.navarra.es\/web\/50aniversario\/?p=242"},"modified":"2023-05-30T11:38:44","modified_gmt":"2023-05-30T09:38:44","slug":"inauguracion","status":"publish","type":"post","link":"https:\/\/escueladeartesuperior.educacion.navarra.es\/web\/50aniversario\/inauguracion\/","title":{"rendered":"Inauguraci\u00f3n"},"content":{"rendered":"\n<div class=\"wp-block-columns is-layout-flex wp-container-core-columns-is-layout-28f84493 wp-block-columns-is-layout-flex\">\n<div class=\"wp-block-column is-layout-flow wp-block-column-is-layout-flow\">\n<p>El 25 de enero celebramos el comienzo de los diferentes actos que vamos a realizar con motivo del 50 aniversario de la Escuela de Arte y Dise\u00f1o de Pamplona, antigua Escuela de Artes y Oficios.<\/p>\n\n\n\n<p>En el patio central dibujaron el profesorado y alumnado de grado medio un gran 50, que llenamos con globos de los distintos&nbsp; colores de la marca creada para la ocasi\u00f3n.<\/p>\n\n\n\n<p>Los ciclos de la tarde hicimos el 50 en el patio, con luces de nuestro propio m\u00f3vil, iluminando la noche con creatividad. <\/p>\n\n\n\n<p>Marta Med\u00eda, profesora de Medios audiovisuales y Juan Ram\u00f3n Esparza lo han hecho posible con sus im\u00e1genes.<\/p>\n<\/div>\n\n\n\n<div class=\"wp-block-column is-layout-flow wp-block-column-is-layout-flow\">\n<figure class=\"wp-block-image size-large\"><img loading=\"lazy\" decoding=\"async\" width=\"1024\" height=\"768\" src=\"https:\/\/escueladeartesuperior.educacion.navarra.es\/web\/50aniversario\/wp-content\/uploads\/2023\/02\/IMG_0120_photo-1024x768.jpg\" alt=\"\" class=\"wp-image-245\" srcset=\"https:\/\/escueladeartesuperior.educacion.navarra.es\/web\/50aniversario\/wp-content\/uploads\/2023\/02\/IMG_0120_photo-1024x768.jpg 1024w, https:\/\/escueladeartesuperior.educacion.navarra.es\/web\/50aniversario\/wp-content\/uploads\/2023\/02\/IMG_0120_photo-300x225.jpg 300w, https:\/\/escueladeartesuperior.educacion.navarra.es\/web\/50aniversario\/wp-content\/uploads\/2023\/02\/IMG_0120_photo-768x576.jpg 768w, https:\/\/escueladeartesuperior.educacion.navarra.es\/web\/50aniversario\/wp-content\/uploads\/2023\/02\/IMG_0120_photo-1536x1152.jpg 1536w, https:\/\/escueladeartesuperior.educacion.navarra.es\/web\/50aniversario\/wp-content\/uploads\/2023\/02\/IMG_0120_photo-1250x938.jpg 1250w, https:\/\/escueladeartesuperior.educacion.navarra.es\/web\/50aniversario\/wp-content\/uploads\/2023\/02\/IMG_0120_photo-400x300.jpg 400w, https:\/\/escueladeartesuperior.educacion.navarra.es\/web\/50aniversario\/wp-content\/uploads\/2023\/02\/IMG_0120_photo.jpg 1600w\" sizes=\"auto, (max-width: 1024px) 100vw, 1024px\" \/><\/figure>\n\n\n\n<figure class=\"wp-block-image size-large\"><img loading=\"lazy\" decoding=\"async\" width=\"1024\" height=\"683\" src=\"https:\/\/escueladeartesuperior.educacion.navarra.es\/web\/50aniversario\/wp-content\/uploads\/2023\/02\/50-tardes-1024x683.jpg\" alt=\"\" class=\"wp-image-323\" srcset=\"https:\/\/escueladeartesuperior.educacion.navarra.es\/web\/50aniversario\/wp-content\/uploads\/2023\/02\/50-tardes-1024x683.jpg 1024w, https:\/\/escueladeartesuperior.educacion.navarra.es\/web\/50aniversario\/wp-content\/uploads\/2023\/02\/50-tardes-300x200.jpg 300w, https:\/\/escueladeartesuperior.educacion.navarra.es\/web\/50aniversario\/wp-content\/uploads\/2023\/02\/50-tardes-768x512.jpg 768w, https:\/\/escueladeartesuperior.educacion.navarra.es\/web\/50aniversario\/wp-content\/uploads\/2023\/02\/50-tardes-1536x1024.jpg 1536w, https:\/\/escueladeartesuperior.educacion.navarra.es\/web\/50aniversario\/wp-content\/uploads\/2023\/02\/50-tardes-2048x1366.jpg 2048w, https:\/\/escueladeartesuperior.educacion.navarra.es\/web\/50aniversario\/wp-content\/uploads\/2023\/02\/50-tardes-1250x833.jpg 1250w, https:\/\/escueladeartesuperior.educacion.navarra.es\/web\/50aniversario\/wp-content\/uploads\/2023\/02\/50-tardes-400x267.jpg 400w\" sizes=\"auto, (max-width: 1024px) 100vw, 1024px\" \/><\/figure>\n<\/div>\n<\/div>\n\n\n\n[aesop_gallery id=\u00bb264&#8243;]\n\n\n\n<div class=\"wp-block-columns is-layout-flex wp-container-core-columns-is-layout-28f84493 wp-block-columns-is-layout-flex\">\n<div class=\"wp-block-column is-layout-flow wp-block-column-is-layout-flow\">\n<div class=\"wp-block-columns is-layout-flex wp-container-core-columns-is-layout-28f84493 wp-block-columns-is-layout-flex\">\n<div class=\"wp-block-column is-layout-flow wp-block-column-is-layout-flow\">\n<figure class=\"wp-block-image size-large\"><img loading=\"lazy\" decoding=\"async\" width=\"1024\" height=\"768\" src=\"https:\/\/escueladeartesuperior.educacion.navarra.es\/web\/50aniversario\/wp-content\/uploads\/2023\/02\/IMG_0118_photo-1-1024x768.jpg\" alt=\"\" class=\"wp-image-268\" srcset=\"https:\/\/escueladeartesuperior.educacion.navarra.es\/web\/50aniversario\/wp-content\/uploads\/2023\/02\/IMG_0118_photo-1-1024x768.jpg 1024w, https:\/\/escueladeartesuperior.educacion.navarra.es\/web\/50aniversario\/wp-content\/uploads\/2023\/02\/IMG_0118_photo-1-300x225.jpg 300w, https:\/\/escueladeartesuperior.educacion.navarra.es\/web\/50aniversario\/wp-content\/uploads\/2023\/02\/IMG_0118_photo-1-768x576.jpg 768w, https:\/\/escueladeartesuperior.educacion.navarra.es\/web\/50aniversario\/wp-content\/uploads\/2023\/02\/IMG_0118_photo-1-1536x1152.jpg 1536w, https:\/\/escueladeartesuperior.educacion.navarra.es\/web\/50aniversario\/wp-content\/uploads\/2023\/02\/IMG_0118_photo-1-1250x938.jpg 1250w, https:\/\/escueladeartesuperior.educacion.navarra.es\/web\/50aniversario\/wp-content\/uploads\/2023\/02\/IMG_0118_photo-1-400x300.jpg 400w, https:\/\/escueladeartesuperior.educacion.navarra.es\/web\/50aniversario\/wp-content\/uploads\/2023\/02\/IMG_0118_photo-1.jpg 1600w\" sizes=\"auto, (max-width: 1024px) 100vw, 1024px\" \/><\/figure>\n<\/div>\n\n\n\n<div class=\"wp-block-column is-layout-flow wp-block-column-is-layout-flow\">\n<p>De manera colaborativa, cada ciclo comparti\u00f3 distintas comidas que disfrutamos en mesas puestas para la ocasi\u00f3n en los pasillos de la primera planta. <strong>\u00a1Buen ambiente y compa\u00f1erismo!<\/strong><\/p>\n<\/div>\n<\/div>\n<\/div>\n<\/div>\n\n\n\n<div class=\"wp-block-columns is-layout-flex wp-container-core-columns-is-layout-28f84493 wp-block-columns-is-layout-flex\">\n<div class=\"wp-block-column is-layout-flow wp-block-column-is-layout-flow\">\n<figure class=\"wp-block-embed is-type-video is-provider-youtube wp-block-embed-youtube wp-embed-aspect-16-9 wp-has-aspect-ratio\"><div class=\"wp-block-embed__wrapper\">\n<div class=\"ast-oembed-container\" style=\"height: 100%;\"><iframe loading=\"lazy\" title=\"Apertura 50 Aniversario\" width=\"500\" height=\"281\" src=\"https:\/\/www.youtube.com\/embed\/5Lox0b3Y-yI?feature=oembed\" frameborder=\"0\" allow=\"accelerometer; autoplay; clipboard-write; encrypted-media; gyroscope; picture-in-picture; web-share\" referrerpolicy=\"strict-origin-when-cross-origin\" allowfullscreen><\/iframe><\/div>\n<\/div><\/figure>\n<\/div>\n<\/div>\n","protected":false},"excerpt":{"rendered":"<p>El 25 de enero celebramos el comienzo de los diferentes actos que vamos a realizar con motivo del 50 aniversario de la Escuela de Arte y Dise\u00f1o de Pamplona, antigua Escuela de Artes y Oficios. En el patio central dibujaron el profesorado y alumnado de grado medio un gran 50, que llenamos con globos de &hellip;<\/p>\n<p class=\"read-more\"> <a class=\"\" href=\"https:\/\/escueladeartesuperior.educacion.navarra.es\/web\/50aniversario\/inauguracion\/\"> <span class=\"screen-reader-text\">Inauguraci\u00f3n<\/span> Leer m\u00e1s &raquo;<\/a><\/p>\n","protected":false},"author":1,"featured_media":262,"comment_status":"closed","ping_status":"closed","sticky":false,"template":"","format":"standard","meta":{"site-sidebar-layout":"default","site-content-layout":"default","ast-global-header-display":"","ast-banner-title-visibility":"","ast-main-header-display":"","ast-hfb-above-header-display":"","ast-hfb-below-header-display":"","ast-hfb-mobile-header-display":"","site-post-title":"","ast-breadcrumbs-content":"","ast-featured-img":"","footer-sml-layout":"","theme-transparent-header-meta":"","adv-header-id-meta":"","stick-header-meta":"","header-above-stick-meta":"","header-main-stick-meta":"","header-below-stick-meta":"","footnotes":""},"categories":[4],"tags":[],"class_list":["post-242","post","type-post","status-publish","format-standard","has-post-thumbnail","hentry","category-acciones"],"yoast_head":"<!-- This site is optimized with the Yoast SEO plugin v20.8 - https:\/\/yoast.com\/wordpress\/plugins\/seo\/ -->\n<title>Inauguraci\u00f3n -<\/title>\n<meta name=\"robots\" content=\"index, follow, max-snippet:-1, max-image-preview:large, max-video-preview:-1\" \/>\n<link rel=\"canonical\" href=\"https:\/\/escueladeartesuperior.educacion.navarra.es\/web\/50aniversario\/inauguracion\/\" \/>\n<meta property=\"og:locale\" content=\"es_ES\" \/>\n<meta property=\"og:type\" content=\"article\" \/>\n<meta property=\"og:title\" content=\"Inauguraci\u00f3n -\" \/>\n<meta property=\"og:description\" content=\"El 25 de enero celebramos el comienzo de los diferentes actos que vamos a realizar con motivo del 50 aniversario de la Escuela de Arte y Dise\u00f1o de Pamplona, antigua Escuela de Artes y Oficios. En el patio central dibujaron el profesorado y alumnado de grado medio un gran 50, que llenamos con globos de &hellip; Inauguraci\u00f3n Leer m\u00e1s &raquo;\" \/>\n<meta property=\"og:url\" content=\"https:\/\/escueladeartesuperior.educacion.navarra.es\/web\/50aniversario\/inauguracion\/\" \/>\n<meta property=\"article:publisher\" content=\"https:\/\/www.facebook.com\/escueladeartepamplona\/\" \/>\n<meta property=\"article:published_time\" content=\"2023-02-03T15:44:48+00:00\" \/>\n<meta property=\"article:modified_time\" content=\"2023-05-30T09:38:44+00:00\" \/>\n<meta property=\"og:image\" content=\"https:\/\/escueladeartesuperior.educacion.navarra.es\/web\/50aniversario\/wp-content\/uploads\/2023\/02\/50retocado.jpg\" \/>\n\t<meta property=\"og:image:width\" content=\"2000\" \/>\n\t<meta property=\"og:image:height\" content=\"1331\" \/>\n\t<meta property=\"og:image:type\" content=\"image\/jpeg\" \/>\n<meta name=\"author\" content=\"admin\" \/>\n<meta name=\"twitter:card\" content=\"summary_large_image\" \/>\n<meta name=\"twitter:creator\" content=\"@Arte_Eskola\" \/>\n<meta name=\"twitter:site\" content=\"@Arte_Eskola\" \/>\n<meta name=\"twitter:label1\" content=\"Escrito por\" \/>\n\t<meta name=\"twitter:data1\" content=\"admin\" \/>\n\t<meta name=\"twitter:label2\" content=\"Tiempo de lectura\" \/>\n\t<meta name=\"twitter:data2\" content=\"2 minutos\" \/>\n<script type=\"application\/ld+json\" class=\"yoast-schema-graph\">{\"@context\":\"https:\/\/schema.org\",\"@graph\":[{\"@type\":\"WebPage\",\"@id\":\"https:\/\/escueladeartesuperior.educacion.navarra.es\/web\/50aniversario\/inauguracion\/\",\"url\":\"https:\/\/escueladeartesuperior.educacion.navarra.es\/web\/50aniversario\/inauguracion\/\",\"name\":\"Inauguraci\u00f3n -\",\"isPartOf\":{\"@id\":\"https:\/\/escueladeartesuperior.educacion.navarra.es\/web\/50aniversario\/#website\"},\"datePublished\":\"2023-02-03T15:44:48+00:00\",\"dateModified\":\"2023-05-30T09:38:44+00:00\",\"author\":{\"@id\":\"https:\/\/escueladeartesuperior.educacion.navarra.es\/web\/50aniversario\/#\/schema\/person\/afba5295148e9492aac81cd7f958bcaa\"},\"breadcrumb\":{\"@id\":\"https:\/\/escueladeartesuperior.educacion.navarra.es\/web\/50aniversario\/inauguracion\/#breadcrumb\"},\"inLanguage\":\"es\",\"potentialAction\":[{\"@type\":\"ReadAction\",\"target\":[\"https:\/\/escueladeartesuperior.educacion.navarra.es\/web\/50aniversario\/inauguracion\/\"]}]},{\"@type\":\"BreadcrumbList\",\"@id\":\"https:\/\/escueladeartesuperior.educacion.navarra.es\/web\/50aniversario\/inauguracion\/#breadcrumb\",\"itemListElement\":[{\"@type\":\"ListItem\",\"position\":1,\"name\":\"Portada\",\"item\":\"https:\/\/escueladeartesuperior.educacion.navarra.es\/web\/50aniversario\/\"},{\"@type\":\"ListItem\",\"position\":2,\"name\":\"Inauguraci\u00f3n\"}]},{\"@type\":\"WebSite\",\"@id\":\"https:\/\/escueladeartesuperior.educacion.navarra.es\/web\/50aniversario\/#website\",\"url\":\"https:\/\/escueladeartesuperior.educacion.navarra.es\/web\/50aniversario\/\",\"name\":\"\",\"description\":\"Iluminando Pamplona\",\"potentialAction\":[{\"@type\":\"SearchAction\",\"target\":{\"@type\":\"EntryPoint\",\"urlTemplate\":\"https:\/\/escueladeartesuperior.educacion.navarra.es\/web\/50aniversario\/?s={search_term_string}\"},\"query-input\":\"required name=search_term_string\"}],\"inLanguage\":\"es\"},{\"@type\":\"Person\",\"@id\":\"https:\/\/escueladeartesuperior.educacion.navarra.es\/web\/50aniversario\/#\/schema\/person\/afba5295148e9492aac81cd7f958bcaa\",\"name\":\"admin\",\"image\":{\"@type\":\"ImageObject\",\"inLanguage\":\"es\",\"@id\":\"https:\/\/escueladeartesuperior.educacion.navarra.es\/web\/50aniversario\/#\/schema\/person\/image\/\",\"url\":\"https:\/\/secure.gravatar.com\/avatar\/4be02072fcfbc3079e5965fc27bd5be5367782f56ec45552a8585bbf39c4d274?s=96&d=mm&r=g\",\"contentUrl\":\"https:\/\/secure.gravatar.com\/avatar\/4be02072fcfbc3079e5965fc27bd5be5367782f56ec45552a8585bbf39c4d274?s=96&d=mm&r=g\",\"caption\":\"admin\"},\"sameAs\":[\"https:\/\/escueladeartesuperior.educacion.navarra.es\/web\/50aniversario\"],\"url\":\"https:\/\/escueladeartesuperior.educacion.navarra.es\/web\/50aniversario\/author\/50aniversario\/\"}]}<\/script>\n<!-- \/ Yoast SEO plugin. -->","yoast_head_json":{"title":"Inauguraci\u00f3n -","robots":{"index":"index","follow":"follow","max-snippet":"max-snippet:-1","max-image-preview":"max-image-preview:large","max-video-preview":"max-video-preview:-1"},"canonical":"https:\/\/escueladeartesuperior.educacion.navarra.es\/web\/50aniversario\/inauguracion\/","og_locale":"es_ES","og_type":"article","og_title":"Inauguraci\u00f3n -","og_description":"El 25 de enero celebramos el comienzo de los diferentes actos que vamos a realizar con motivo del 50 aniversario de la Escuela de Arte y Dise\u00f1o de Pamplona, antigua Escuela de Artes y Oficios. En el patio central dibujaron el profesorado y alumnado de grado medio un gran 50, que llenamos con globos de &hellip; Inauguraci\u00f3n Leer m\u00e1s &raquo;","og_url":"https:\/\/escueladeartesuperior.educacion.navarra.es\/web\/50aniversario\/inauguracion\/","article_publisher":"https:\/\/www.facebook.com\/escueladeartepamplona\/","article_published_time":"2023-02-03T15:44:48+00:00","article_modified_time":"2023-05-30T09:38:44+00:00","og_image":[{"width":2000,"height":1331,"url":"https:\/\/escueladeartesuperior.educacion.navarra.es\/web\/50aniversario\/wp-content\/uploads\/2023\/02\/50retocado.jpg","type":"image\/jpeg"}],"author":"admin","twitter_card":"summary_large_image","twitter_creator":"@Arte_Eskola","twitter_site":"@Arte_Eskola","twitter_misc":{"Escrito por":"admin","Tiempo de lectura":"2 minutos"},"schema":{"@context":"https:\/\/schema.org","@graph":[{"@type":"WebPage","@id":"https:\/\/escueladeartesuperior.educacion.navarra.es\/web\/50aniversario\/inauguracion\/","url":"https:\/\/escueladeartesuperior.educacion.navarra.es\/web\/50aniversario\/inauguracion\/","name":"Inauguraci\u00f3n -","isPartOf":{"@id":"https:\/\/escueladeartesuperior.educacion.navarra.es\/web\/50aniversario\/#website"},"datePublished":"2023-02-03T15:44:48+00:00","dateModified":"2023-05-30T09:38:44+00:00","author":{"@id":"https:\/\/escueladeartesuperior.educacion.navarra.es\/web\/50aniversario\/#\/schema\/person\/afba5295148e9492aac81cd7f958bcaa"},"breadcrumb":{"@id":"https:\/\/escueladeartesuperior.educacion.navarra.es\/web\/50aniversario\/inauguracion\/#breadcrumb"},"inLanguage":"es","potentialAction":[{"@type":"ReadAction","target":["https:\/\/escueladeartesuperior.educacion.navarra.es\/web\/50aniversario\/inauguracion\/"]}]},{"@type":"BreadcrumbList","@id":"https:\/\/escueladeartesuperior.educacion.navarra.es\/web\/50aniversario\/inauguracion\/#breadcrumb","itemListElement":[{"@type":"ListItem","position":1,"name":"Portada","item":"https:\/\/escueladeartesuperior.educacion.navarra.es\/web\/50aniversario\/"},{"@type":"ListItem","position":2,"name":"Inauguraci\u00f3n"}]},{"@type":"WebSite","@id":"https:\/\/escueladeartesuperior.educacion.navarra.es\/web\/50aniversario\/#website","url":"https:\/\/escueladeartesuperior.educacion.navarra.es\/web\/50aniversario\/","name":"","description":"Iluminando Pamplona","potentialAction":[{"@type":"SearchAction","target":{"@type":"EntryPoint","urlTemplate":"https:\/\/escueladeartesuperior.educacion.navarra.es\/web\/50aniversario\/?s={search_term_string}"},"query-input":"required name=search_term_string"}],"inLanguage":"es"},{"@type":"Person","@id":"https:\/\/escueladeartesuperior.educacion.navarra.es\/web\/50aniversario\/#\/schema\/person\/afba5295148e9492aac81cd7f958bcaa","name":"admin","image":{"@type":"ImageObject","inLanguage":"es","@id":"https:\/\/escueladeartesuperior.educacion.navarra.es\/web\/50aniversario\/#\/schema\/person\/image\/","url":"https:\/\/secure.gravatar.com\/avatar\/4be02072fcfbc3079e5965fc27bd5be5367782f56ec45552a8585bbf39c4d274?s=96&d=mm&r=g","contentUrl":"https:\/\/secure.gravatar.com\/avatar\/4be02072fcfbc3079e5965fc27bd5be5367782f56ec45552a8585bbf39c4d274?s=96&d=mm&r=g","caption":"admin"},"sameAs":["https:\/\/escueladeartesuperior.educacion.navarra.es\/web\/50aniversario"],"url":"https:\/\/escueladeartesuperior.educacion.navarra.es\/web\/50aniversario\/author\/50aniversario\/"}]}},"_links":{"self":[{"href":"https:\/\/escueladeartesuperior.educacion.navarra.es\/web\/50aniversario\/wp-json\/wp\/v2\/posts\/242","targetHints":{"allow":["GET"]}}],"collection":[{"href":"https:\/\/escueladeartesuperior.educacion.navarra.es\/web\/50aniversario\/wp-json\/wp\/v2\/posts"}],"about":[{"href":"https:\/\/escueladeartesuperior.educacion.navarra.es\/web\/50aniversario\/wp-json\/wp\/v2\/types\/post"}],"author":[{"embeddable":true,"href":"https:\/\/escueladeartesuperior.educacion.navarra.es\/web\/50aniversario\/wp-json\/wp\/v2\/users\/1"}],"replies":[{"embeddable":true,"href":"https:\/\/escueladeartesuperior.educacion.navarra.es\/web\/50aniversario\/wp-json\/wp\/v2\/comments?post=242"}],"version-history":[{"count":20,"href":"https:\/\/escueladeartesuperior.educacion.navarra.es\/web\/50aniversario\/wp-json\/wp\/v2\/posts\/242\/revisions"}],"predecessor-version":[{"id":1462,"href":"https:\/\/escueladeartesuperior.educacion.navarra.es\/web\/50aniversario\/wp-json\/wp\/v2\/posts\/242\/revisions\/1462"}],"wp:featuredmedia":[{"embeddable":true,"href":"https:\/\/escueladeartesuperior.educacion.navarra.es\/web\/50aniversario\/wp-json\/wp\/v2\/media\/262"}],"wp:attachment":[{"href":"https:\/\/escueladeartesuperior.educacion.navarra.es\/web\/50aniversario\/wp-json\/wp\/v2\/media?parent=242"}],"wp:term":[{"taxonomy":"category","embeddable":true,"href":"https:\/\/escueladeartesuperior.educacion.navarra.es\/web\/50aniversario\/wp-json\/wp\/v2\/categories?post=242"},{"taxonomy":"post_tag","embeddable":true,"href":"https:\/\/escueladeartesuperior.educacion.navarra.es\/web\/50aniversario\/wp-json\/wp\/v2\/tags?post=242"}],"curies":[{"name":"wp","href":"https:\/\/api.w.org\/{rel}","templated":true}]}}